{"id":7048,"date":"2018-01-30T00:34:07","date_gmt":"2018-01-29T23:34:07","guid":{"rendered":"http:\/\/www.ilmondodeitreni.it\/blog\/?p=7048"},"modified":"2018-01-30T00:34:07","modified_gmt":"2018-01-29T23:34:07","slug":"svizzeraal-rabadan-con-i-mezzi-pubblici-2","status":"publish","type":"post","link":"https:\/\/www.ilmondodeitreni.it\/blog\/?p=7048","title":{"rendered":"Svizzera,al Rabadan con i mezzi pubblici"},"content":{"rendered":"<p style=\"text-align: justify;\"><a href=\"http:\/\/www.ilmondodeitreni.it\/blog\/wp-content\/uploads\/2018\/01\/36_tiburtina_bagniditivoli.jpg\"><img loading=\"lazy\" decoding=\"async\" class=\"alignleft size-thumbnail wp-image-6919\" src=\"http:\/\/www.ilmondodeitreni.it\/blog\/wp-content\/uploads\/2018\/01\/36_tiburtina_bagniditivoli-160x120.jpg\" alt=\"36_tiburtina_bagniditivoli\" width=\"160\" height=\"120\" srcset=\"https:\/\/www.ilmondodeitreni.it\/blog\/wp-content\/uploads\/2018\/01\/36_tiburtina_bagniditivoli-160x120.jpg 160w, https:\/\/www.ilmondodeitreni.it\/blog\/wp-content\/uploads\/2018\/01\/36_tiburtina_bagniditivoli-200x150.jpg 200w, https:\/\/www.ilmondodeitreni.it\/blog\/wp-content\/uploads\/2018\/01\/36_tiburtina_bagniditivoli-300x225.jpg 300w, https:\/\/www.ilmondodeitreni.it\/blog\/wp-content\/uploads\/2018\/01\/36_tiburtina_bagniditivoli-150x113.jpg 150w, https:\/\/www.ilmondodeitreni.it\/blog\/wp-content\/uploads\/2018\/01\/36_tiburtina_bagniditivoli.jpg 640w\" sizes=\"auto, (max-width: 160px) 100vw, 160px\" \/><\/a>Anche per l\u2019edizione numero 155 del Carnevale di Bellinzona, la societ\u00e0 Rabadan ha rinnovato il proprio impegno per assicurare la collaborazione con Arcobaleno e le aziende di trasporto pubblico. Il pass Rabadan, settimanale o giornaliero, e il relativo braccialetto sono validi quale titolo di trasporto su tutti i mezzi di trasporto e in tutto il perimetro della Comunit\u00e0 tariffale Arcobaleno. Permettono di compiere corse illimitate, in 2a classe, da e per Bellinzona durante i sei giorni di carnevale dalle ore 18.00 alle ore 7.00 della mattina successiva. Domenica, per il Grande corteo mascherato, la validit\u00e0 dei biglietti \u00e8 estesa dalle ore 06.00 alle ore 24.00 ed \u00e8 possibile acquistare il nuovo biglietto Famiglia che, al prezzo di 20 franchi, permette l\u2019accesso al corteo mascherato a due adulti accompagnati da tre bambini al di sotto dei 12 anni. I Pass sono ottenibili in prevendita anche presso le stazioni FFS presenziate del Ticino durante gli orari d\u2019apertura degli sportelli. Al fine di evitare lunghe attese agli sportelli le sere del carnevale, le FFS e TILO invitano ad approfittare della possibilit\u00e0 di acquistare i pass Rabadan in prevendita. I Pass sono inoltre in vendita online e offline in tutta la Svizzera attraverso i rivenditori ufficiali Ticketcorner e sono anche acquistabili in prevendita presso gli uffici di Palazzo Civico dell\u2019Organizzazione Turistica Regionale Bellinzonese e Alto Ticino.<\/p>\n<p style=\"text-align: justify;\">La collaudata collaborazione tra TILO, le FFS e il Comitato d\u2019organizzazione del Rabadan garantisce anche per l\u2019edizione 2018 un\u2019offerta di treni speciali andata e ritorno dalla Citt\u00e0 del carnevale, ogni notte, da gioved\u00ec al Marted\u00ec Grasso, esclusa la domenica. I treni speciali TILO assicurano l\u2019afflusso e il deflusso dei viaggiatori dalla Stazione FFS di Bellinzona verso Chiasso, Lugano, Locarno e Biasca.<\/p>\n<p style=\"text-align: justify;\">Sulla linea S10 Bellinzona\u2013Chiasso la clientela ha a disposizione un treno ogni trenta minuti sia per andare verso Bellinzona che per rientrare verso casa, mentre sulla S20 Bellinzona\u2013Locarno vi sono collegamenti di andata ogni trenta minuti e per il ritorno ogni ora circa. I treni speciali programmati sono circa 80.Anche AutoPostale rafforza la sua offerta e con i Raba Express riporta la clientela al proprio domicilio in tutta sicurezza. Tutte le sere, dalle ore 01.00 alle ore 05.00, ogni ora, il servizio di rientro \u00e8 attivo con punto di partenza in via Henri Guisan di fronte alla Pizzeria Lampara verso sud (Giubiasco, Camorino, Monte Carasso, Sementina, Gudo e Cugnasco) e presso la Coop di Bellinzona verso nord (Arbedo, Castione, Claro, Osogna, Biasca, Lumino, Carasso, Gorduno, Preonzo, Lodrino e Iragna). Dalla fermata presso la Coop di Bellinzona sono inoltre previste partenze alle ore 03.00 e alle ore 05.00 verso la Mesolcina fino a Grono, mentre alle ore 03.00 verso il Gambarogno fino a Dirinella. Da Biasca, alle ore 03.00 e alle ore 05.00, \u00e8 previsto il rientro in Leventina, fino ad Airolo. Il venerd\u00ec e il sabato, sempre da Biasca \u00e8 previsto alle ore 03.00 il rientro in Valle di Blenio, fino ad Olivone. Infine, sabato notte alle ore 02.30, c\u2019\u00e8 il servizio Capriasca e Collina d\u2019Oro Night Express in partenza dalla stazione FFS di Lugano.<\/p>\n<p style=\"text-align: justify;\">Si informa che dalle ore 19.00 di gioved\u00ec 8 febbraio fino alle ore 05.00 di mercoled\u00ec 14 febbraio 2018, tutte le linee AutoPostale sostano ininterrottamente in Via Cancelliere Molo a Bellinzona, con soppressione delle fermate Piazzale Stazione e Terminal FFS. Inoltre, da venerd\u00ec 2 febbraio a venerd\u00ec 16 febbraio 2018 compresi, le linee 3 Bellinzona-Sant\u2019Antonino e 5 Bellinzona Piazzale Stazione-Ospedale, non transitano in Piazza Indipendenza, con soppressione delle fermate Belsoggiorno, Nocca, Piazza Indipendenza e Via Jauch. In alternativa \u00e8 posata una fermata provvisoria in Viale Franscini all\u2019altezza del numero civico 2<br \/>\nNelle serate di gioved\u00ec 8, venerd\u00ec 9, sabato 10 febbraio 2018 e marted\u00ec 13, dalle ore 23.30 alle ore 06.00, oltre alla postazione di Nez Rouge in partenza da Bellinzona, sono organizzati degli equipaggi aggiuntivi alla Stazione FFS di Lugano. Il servizio speciale di Nez Rouge a Lugano, offerto per il quarto anno consecutivo dal Dipartimento delle istituzioni nell\u2019ambito del programma di prevenzione \u201cStrade sicure\u201d, mira a riaccompagnare a casa in tutta sicurezza le persone che si sono recate al carnevale del Rabadan con il treno e che, per svariati motivi, non se la sentono di ripartire con l\u2019automobile posteggiata presso il P+Rail. Un servizio efficace a favore di una maggior sicurezza sulle strade che raccoglie sempre pi\u00f9 adesioni da parte dei conducenti ticinesi.Da diversi anni la Fondazione Tamagni si impegna nella sensibilizzazione di giovani e meno giovani contro la violenza, soprattutto durante il periodo del Carnevale, attraverso diverse campagne. Anche quest\u2019anno prosegue la collaborazione con TILO per sensibilizzare insieme gli utenti dei trasporti pubblici contro la violenza. La collaborazione prevede l&#8217;esposizione sui treni TILO del poster vincitore del concorso di disegno &#8220;Un carnevale divertente per tutti&#8221; indetto dalla Fondazione.<\/p>\n<p style=\"text-align: justify;\">Si continuano infatti a registrare atti vandalici, violenze e comportamenti pericolosi sui mezzi pubblici durante il periodo del Carnevale. Spesso non ci si rende conto che il comportamento sconsiderato di pochi pu\u00f2 rovinare la festa di molti. Si ricorda tuttavia che tutti i treni TILO sono dotati di un circuito di videosorveglianza, che permette di risalire agli autori degli atti vandalici i quali, oltre a dover ripagare i danni, possono incappare anche in una denuncia penale. Sui mezzi pubblici vige inoltre il divieto di fumo.<\/p>\n<p>Ulteriori informazioni sui treni speciali e orari:<\/p>\n<ul>\n<li><a href=\"http:\/\/www.tilo.ch\/\" target=\"_blank\" rel=\"external noopener noreferrer nofollow\">www.tilo.ch<span class=\"visuallyhidden\">Il link si apre in una nuova finestra.<\/span><\/a><\/li>\n<li><a href=\"https:\/\/www.arcobaleno.ch\/\" target=\"_blank\" rel=\"external noopener noreferrer nofollow\">www.arcobaleno.ch<span class=\"visuallyhidden\">Il link si apre in una nuova finestra.<\/span><\/a><\/li>\n<li><a href=\"https:\/\/www.postauto.ch\/it\" target=\"_blank\" rel=\"external noopener noreferrer nofollow\">www.autopostale.ch<span class=\"visuallyhidden\">Il link si apre in una nuova finestra.<\/span><\/a><\/li>\n<li><a href=\"http:\/\/www.rabadan.ch\/\" target=\"_blank\" rel=\"external noopener noreferrer nofollow\">www.rabadan.ch<span class=\"visuallyhidden\">Il link si apre in una nuova finestra.<\/span><\/a><\/li>\n<li><a href=\"https:\/\/www4.ti.ch\/di\/strade-sicure\/strade-sicure\/\" target=\"_blank\" rel=\"external noopener noreferrer nofollow\">www.ti.ch\/strade-sicure<span class=\"visuallyhidden\">Il link si apre in una nuova finestra.<\/span><\/a><\/li>\n<li><a href=\"http:\/\/www.nezrougeticino.ch\/main_index.php\" target=\"_blank\" rel=\"external noopener noreferrer nofollow\">www.nezrougeticino.ch<\/a><\/li>\n<\/ul>\n","protected":false},"excerpt":{"rendered":"<p>Anche per l\u2019edizione numero 155 del Carnevale di Bellinzona, la societ\u00e0 Rabadan ha rinnovato il proprio impegno per assicurare la collaborazione con Arcobaleno e le aziende di trasporto pubblico. Il pass Rabadan, settimanale o giornaliero, e il relativo braccialetto sono validi quale titolo di trasporto su tutti i mezzi di trasporto e in tutto il perimetro della Comunit\u00e0 tariffale Arcobaleno. Permettono di compiere corse illimitate, in 2a classe, da e\u2026<\/p>\n<p class=\"continue-reading-button\"> <a class=\"continue-reading-link\" href=\"https:\/\/www.ilmondodeitreni.it\/blog\/?p=7048\">Continua la lettura<i class=\"crycon-right-dir\"><\/i><\/a><\/p>\n","protected":false},"author":12,"featured_media":0,"comment_status":"closed","ping_status":"open","sticky":false,"template":"","format":"standard","meta":{"footnotes":""},"categories":[11],"tags":[917,523,914,4484,35,4485,4483,37,86],"class_list":["post-7048","post","type-post","status-publish","format-standard","hentry","category-news-estero","tag-autopostale","tag-bellinzona","tag-carnevale","tag-comunita-tariffale-arcobaleno","tag-ffs","tag-mesolcona","tag-rabdan","tag-svizzera","tag-tilo"],"_links":{"self":[{"href":"https:\/\/www.ilmondodeitreni.it\/blog\/index.php?rest_route=\/wp\/v2\/posts\/7048","targetHints":{"allow":["GET"]}}],"collection":[{"href":"https:\/\/www.ilmondodeitreni.it\/blog\/index.php?rest_route=\/wp\/v2\/posts"}],"about":[{"href":"https:\/\/www.ilmondodeitreni.it\/blog\/index.php?rest_route=\/wp\/v2\/types\/post"}],"author":[{"embeddable":true,"href":"https:\/\/www.ilmondodeitreni.it\/blog\/index.php?rest_route=\/wp\/v2\/users\/12"}],"replies":[{"embeddable":true,"href":"https:\/\/www.ilmondodeitreni.it\/blog\/index.php?rest_route=%2Fwp%2Fv2%2Fcomments&post=7048"}],"version-history":[{"count":1,"href":"https:\/\/www.ilmondodeitreni.it\/blog\/index.php?rest_route=\/wp\/v2\/posts\/7048\/revisions"}],"predecessor-version":[{"id":7049,"href":"https:\/\/www.ilmondodeitreni.it\/blog\/index.php?rest_route=\/wp\/v2\/posts\/7048\/revisions\/7049"}],"wp:attachment":[{"href":"https:\/\/www.ilmondodeitreni.it\/blog\/index.php?rest_route=%2Fwp%2Fv2%2Fmedia&parent=7048"}],"wp:term":[{"taxonomy":"category","embeddable":true,"href":"https:\/\/www.ilmondodeitreni.it\/blog\/index.php?rest_route=%2Fwp%2Fv2%2Fcategories&post=7048"},{"taxonomy":"post_tag","embeddable":true,"href":"https:\/\/www.ilmondodeitreni.it\/blog\/index.php?rest_route=%2Fwp%2Fv2%2Ftags&post=7048"}],"curies":[{"name":"wp","href":"https:\/\/api.w.org\/{rel}","templated":true}]}}