{"id":6835,"date":"2017-12-19T00:24:35","date_gmt":"2017-12-18T23:24:35","guid":{"rendered":"http:\/\/www.ilmondodeitreni.it\/blog\/?p=6835"},"modified":"2017-12-19T00:24:35","modified_gmt":"2017-12-18T23:24:35","slug":"busitalia-e-trenitalia-nasce-labbonamento-integrato-umbria-go-dedicato-ai-pendolari","status":"publish","type":"post","link":"https:\/\/www.ilmondodeitreni.it\/blog\/?p=6835","title":{"rendered":"Busitalia e Trenitalia: nasce l&#8217;abbonamento integrato Umbria.Go dedicato ai pendolari"},"content":{"rendered":"<p style=\"text-align: justify;\"><i><a href=\"http:\/\/www.ilmondodeitreni.it\/blog\/wp-content\/uploads\/2017\/12\/ALn776015FC_pontesangiovanni.jpg\"><img loading=\"lazy\" decoding=\"async\" class=\"alignleft size-thumbnail wp-image-6826\" src=\"http:\/\/www.ilmondodeitreni.it\/blog\/wp-content\/uploads\/2017\/12\/ALn776015FC_pontesangiovanni-160x113.jpg\" alt=\"ALn776015FC_pontesangiovanni\" width=\"160\" height=\"113\" srcset=\"https:\/\/www.ilmondodeitreni.it\/blog\/wp-content\/uploads\/2017\/12\/ALn776015FC_pontesangiovanni-160x113.jpg 160w, https:\/\/www.ilmondodeitreni.it\/blog\/wp-content\/uploads\/2017\/12\/ALn776015FC_pontesangiovanni.jpg 640w, https:\/\/www.ilmondodeitreni.it\/blog\/wp-content\/uploads\/2017\/12\/ALn776015FC_pontesangiovanni-213x150.jpg 213w, https:\/\/www.ilmondodeitreni.it\/blog\/wp-content\/uploads\/2017\/12\/ALn776015FC_pontesangiovanni-300x211.jpg 300w, https:\/\/www.ilmondodeitreni.it\/blog\/wp-content\/uploads\/2017\/12\/ALn776015FC_pontesangiovanni-150x105.jpg 150w\" sizes=\"auto, (max-width: 160px) 100vw, 160px\" \/><\/a>Umbria.GO<\/i>\u00a0raddoppia e si presenta nella versione dedicata ai pendolari regionali. Nasce<span style=\"font-size: 16px;\">\u00a0l\u2019<\/span><i style=\"font-size: 16px;\">abbonamento<\/i><span style=\"font-size: 16px;\">\u00a0<\/span><i style=\"font-size: 16px;\">Umbria.GO<\/i><span style=\"font-size: 16px;\">, valido per tutti i servizi di trasporto pubblico dell\u2019Umbria, che conferma la Regione nel ruolo di laboratorio dell\u2019integrazione globale dei sistemi di mobilit\u00e0.<\/span><span style=\"font-size: 16px;\">Il nuovo abbonamento \u00e8 rivolto a chi si sposta con regolarit\u00e0 nel territorio regionale utilizzando i diversi vettori del TPL \u2013 tutti gestiti in Umbria dal Gruppo FS Italiane\u00a0\u2013 e permette l\u2019utilizzo dei treni regionali, degli autobus urbani ed extraurbani, del\u00a0<\/span><a style=\"font-size: 16px;\" title=\"Vai al sito del Minimetr\u00f2 di Perugia \" href=\"http:\/\/www.minimetrospa.it\/\" target=\"_blank\">Minimetr\u00f2 di Perugia<\/a><span style=\"font-size: 16px;\">, delle motonavi del Lago Trasimeno e della funicolare di Orvieto.<\/span><\/p>\n<p style=\"text-align: justify;\">Una vera e propria\u00a0<i>carta di libera circolazione<\/i>\u00a0per l\u2019intero territorio umbro, senza il vincolo di relazioni specifiche, che pu\u00f2 essere utilizzata anche nel tempo libero, quindi oltre gli itinerari abituali degli spostamenti casa-lavoro, lasciando l\u2019auto parcheggiata in garage.<\/p>\n<p style=\"text-align: justify;\"><i>L\u2019abbonamento Umbria.GO\u00a0<\/i>\u00e8 stato presentato stamani a Perugia dalla Presidente della\u00a0<a title=\"Vai al sito della Regione Umbria\" href=\"http:\/\/www.regione.umbria.it\/home\" target=\"_blank\">Regione Umbria<\/a>\u00a0<b>Catiuscia Marini<\/b>, dall\u2019Amministratore Delegato di\u00a0Busitalia\u00a0<b>Stefano Rossi<\/b>\u00a0e dal Direttore della Divisione Passeggeri Regionale di\u00a0Trenitalia\u00a0<b>Maria Annunziata Giaconia<\/b>.<\/p>\n<p style=\"text-align: justify;\">Presenti anche\u00a0<b>Giuseppe Chianella,\u00a0<\/b>Assessore Regionale ai Trasporti,\u00a0<b>Velio Del Bolgia<\/b>, direttore regionale Umbria di Busitalia e\u00a0<b>Bruna Di Domenico<\/b>, direttore Trenitalia regionale Umbria.<\/p>\n<p>Tre le tipologie di abbonamento previste \u2013\u00a0<i>Umbria.GO<\/i>\u00a030, 90, 365\u00a0\u2013 in relazione ai giorni di validit\u00e0 dell\u2019abbonamento (1, 3 e 12 mesi solari consecutivi).<\/p>\n<p style=\"text-align: justify;\">In questa fase di lancio gli abbonamenti sono proposti ad un prezzo promozionale, rispettivamente di 120, 325 e 1080 euro. Il<span style=\"font-size: 16px;\">\u00a0titolo \u00e8 personale e non cedibile e deve essere convalidato al primo utilizzo.<\/span><span style=\"font-size: 16px; text-align: justify;\">L\u2019<\/span><i style=\"font-size: 16px; text-align: justify;\">abbonamento Umbria.GO<\/i><span style=\"font-size: 16px; text-align: justify;\">\u00a0arriva a circa due mesi di distanza dal lancio del\u00a0<\/span><i style=\"font-size: 16px; text-align: justify;\">biglietto Umbria.GO<\/i><span style=\"font-size: 16px; text-align: justify;\">, il titolo di viaggio integrato \u2013 proposto in quattro tipologie (1, 2, 3 e 7) in relazione ai giorni di validit\u00e0 &#8211; dedicato soprattutto ai circa 2,5 milioni di turisti che ogni anno scelgono l\u2019Umbria come meta dei loro viaggi.<\/span><\/p>\n<p style=\"text-align: justify;\">Obiettivo \u00e8 promuovere una mobilit\u00e0 collettiva integrata e sostenibile\u00a0\u2013 uno dei pilastri del\u00a0Piano Industriale 2017\u20132026 del\u00a0Gruppo FS Italiane\u00a0\u2013 facilitando l\u2019interscambio modale tra i diversi mezzi di trasporto e proponendo al cliente un\u2019esperienza unica del viaggio.<\/p>\n<p style=\"text-align: justify;\">L\u2019<i>abbonamento<\/i>\u00a0<i>Umbria.Go\u00a0<\/i>sar\u00e0 in vendita da gennaio nelle biglietterie Busitalia e Trenitalia dell\u2019Umbria, che da oggi si arricchiscono del nuovo punto vendita di Busitalia nell\u2019atrio della stazione di Perugia Fontivegge.<\/p>\n<p style=\"text-align: justify;\">Ulteriori informazioni su\u00a0<a title=\"Vai su fsbusitalia.it\" href=\"http:\/\/www.fsbusitalia.it\/\" target=\"_blank\">fsbusitalia.it<\/a>\u00a0e\u00a0<a title=\"Vai su trenitalia.com\" href=\"http:\/\/www.trenitalia.com\/\" target=\"_blank\">trenitalia.com<\/a><\/p>\n","protected":false},"excerpt":{"rendered":"<p>Umbria.GO\u00a0raddoppia e si presenta nella versione dedicata ai pendolari regionali. Nasce\u00a0l\u2019abbonamento\u00a0Umbria.GO, valido per tutti i servizi di trasporto pubblico dell\u2019Umbria, che conferma la Regione nel ruolo di laboratorio dell\u2019integrazione globale dei sistemi di mobilit\u00e0.Il nuovo abbonamento \u00e8 rivolto a chi si sposta con regolarit\u00e0 nel territorio regionale utilizzando i diversi vettori del TPL \u2013 tutti gestiti in Umbria dal Gruppo FS Italiane\u00a0\u2013 e permette l\u2019utilizzo dei treni regionali, degli autobus\u2026<\/p>\n<p class=\"continue-reading-button\"> <a class=\"continue-reading-link\" href=\"https:\/\/www.ilmondodeitreni.it\/blog\/?p=6835\">Continua la lettura<i class=\"crycon-right-dir\"><\/i><\/a><\/p>\n","protected":false},"author":1,"featured_media":0,"comment_status":"closed","ping_status":"open","sticky":false,"template":"","format":"standard","meta":{"footnotes":""},"categories":[2],"tags":[1711,4157,1100,4399,438],"class_list":["post-6835","post","type-post","status-publish","format-standard","hentry","category-news","tag-busitalia","tag-catiuscia-marini","tag-ferrovia","tag-trapoti","tag-umbria"],"_links":{"self":[{"href":"https:\/\/www.ilmondodeitreni.it\/blog\/index.php?rest_route=\/wp\/v2\/posts\/6835","targetHints":{"allow":["GET"]}}],"collection":[{"href":"https:\/\/www.ilmondodeitreni.it\/blog\/index.php?rest_route=\/wp\/v2\/posts"}],"about":[{"href":"https:\/\/www.ilmondodeitreni.it\/blog\/index.php?rest_route=\/wp\/v2\/types\/post"}],"author":[{"embeddable":true,"href":"https:\/\/www.ilmondodeitreni.it\/blog\/index.php?rest_route=\/wp\/v2\/users\/1"}],"replies":[{"embeddable":true,"href":"https:\/\/www.ilmondodeitreni.it\/blog\/index.php?rest_route=%2Fwp%2Fv2%2Fcomments&post=6835"}],"version-history":[{"count":1,"href":"https:\/\/www.ilmondodeitreni.it\/blog\/index.php?rest_route=\/wp\/v2\/posts\/6835\/revisions"}],"predecessor-version":[{"id":6836,"href":"https:\/\/www.ilmondodeitreni.it\/blog\/index.php?rest_route=\/wp\/v2\/posts\/6835\/revisions\/6836"}],"wp:attachment":[{"href":"https:\/\/www.ilmondodeitreni.it\/blog\/index.php?rest_route=%2Fwp%2Fv2%2Fmedia&parent=6835"}],"wp:term":[{"taxonomy":"category","embeddable":true,"href":"https:\/\/www.ilmondodeitreni.it\/blog\/index.php?rest_route=%2Fwp%2Fv2%2Fcategories&post=6835"},{"taxonomy":"post_tag","embeddable":true,"href":"https:\/\/www.ilmondodeitreni.it\/blog\/index.php?rest_route=%2Fwp%2Fv2%2Ftags&post=6835"}],"curies":[{"name":"wp","href":"https:\/\/api.w.org\/{rel}","templated":true}]}}