{"id":6804,"date":"2017-12-12T11:22:09","date_gmt":"2017-12-12T10:22:09","guid":{"rendered":"http:\/\/www.ilmondodeitreni.it\/blog\/?p=6804"},"modified":"2017-12-11T21:26:53","modified_gmt":"2017-12-11T20:26:53","slug":"brutte-sorprese-per-gli-utenti-della-avezzano-roccasecca","status":"publish","type":"post","link":"https:\/\/www.ilmondodeitreni.it\/blog\/?p=6804","title":{"rendered":"Brutte sorprese per gli utenti della Avezzano &#8211; Roccasecca"},"content":{"rendered":"<p style=\"text-align: justify;\"><a href=\"http:\/\/www.ilmondodeitreni.it\/blog\/wp-content\/uploads\/2014\/12\/ALn6683340_sora.jpg\"><img loading=\"lazy\" decoding=\"async\" class=\"alignleft size-thumbnail wp-image-722\" src=\"http:\/\/www.ilmondodeitreni.it\/blog\/wp-content\/uploads\/2014\/12\/ALn6683340_sora-150x150.jpg\" alt=\"ALn6683340_sora\" width=\"150\" height=\"150\" \/><\/a>Come ogni anno, dopo l\u2019Immacolata, Trenitalia rivede i propri orari. A questo proposito, le Direzioni Regio<span class=\"text_exposed_hide\">&#8230;<\/span><span class=\"text_exposed_show\">nali hanno diramato, nei giorni passati, un elenco (Regione per Regione) delle pi\u00f9 importanti novit\u00e0. N\u00e8 il Lazio, n\u00e9 l\u2019Abruzzo menzionano la Avezzano-Roccasecca, il che potrebbe lasciare gli ignari lettori tranquilli sul fatto che nulla \u00e8 stato toccato.<br \/>\nINVECE NO. La brutta sorpresa \u00e8 bella infiocchettata sotto l\u2019albero di Natale, perch\u00e9 la Avezzano Roccasecca dal cambio di orario \u00e8 stata privata di altre due corse ferroviarie (il treno Avezzano Sora in partenza dalla Marsica alle 16.20 ed il corrispondente Sora Avezzano, in partenza alle 17.58), sostituite con autobus. Corse che, a quanto ci consta, sono in carico alla Regioni Abruzzo.<br \/>\nDi nascosto, senza preavviso, senza concertazione.<br \/>\nQualcuno sostiene che i soldi che servivano a sostenere i costi di questa coppia siano stati destinati al finanziamento di nuove corse sulla costa abruzzese. Qualcun altro, leggendo queste righe, dir\u00e0 che i treni viaggiavano vuoti.<br \/>\nNella realt\u00e0 dei fatti, era stato richiesto alla Direzione Regionale Abruzzo di Trenitalia, sin dal gennaio scorso, di rimodulare gli orari di questi treni, prolungando le corse da Sora fino a Cassino (per gli studenti universitari) o quanto meno di ritardare la partenza della corsa Sora Avezzano di almeno un\u2019ora, per garantire un comodo rientro da Sora in Valle Roveto.<br \/>\nPi\u00f9 in generale, era stato chiesto a pi\u00f9 riprese di adeguare gli orari della Avezzano Roccasecca ai nuovi orari della Avezzano Roma, il cui scempio peraltro \u00e8 sotto gli occhi di tutti (e non poca influenza sta avendo sul numero di passeggeri della nostra linea).<br \/>\nNotizie non propagandate dal Comitato e fini a se stesse, ma frutto di una analisi dei dati raccolti tra gli utenti (tra i quali gli stessi membri del comitato, che spesso utilizzano il treno per muoversi) nello scorso gennaio e portate ad aprile alla attenzione della Direzione Regionale di Trenitalia.<br \/>\nDa Trenitalia non solo non \u00e8 mai arrivata una risposta ufficiale alle richieste degli utenti, ma neppure si \u00e8 ritenuto di dovere informare gli utenti stessi della denunciata soppressione, senza provare a verificare preventivamente se c\u2019era possibilit\u00e0 di evitare questo taglio.<br \/>\nDovesse arrivare oggi, sarebbero ben presto respinte al mittente.<br \/>\nQuanto alla Regione Abruzzo, venga a spiegarci il perch\u00e9 di questa soppressione tenuta nascosta fino alla fine, nonostante il Comitato sia sempre stato informato di tutte le variazioni che riguardavano la linea. Forse c\u2019\u00e8 paura di dover ammettere che le promesse fatte dal Presidente D\u2019Alfonso in persona all\u2019incontro di Avezzano del marzo 2014 erano n\u00e9 pi\u00f9 n\u00e9 meno che aria dal tono pomposo, tipico della campagna elettorale (per chi avesse la memoria corta, rimandiamo al link <a href=\"https:\/\/l.facebook.com\/l.php?u=http%3A%2F%2Fwww.terremarsicane.it%2Fdalfonso-linea-avezzano-roccasecca-potenziale-volano-del-turismo-2%2F&amp;h=ATMZbpuXBul1V04m67exPUyL_wgLQqkpaRP420Dre1nkYxEJfirFW6R3phWQGepGPZz4qdNdK7zHPDLhLXywEWNteAdtlLAleXwSMO11Av_I7aVDDk-1UISQ10yG6OqGgivwrKePVRs8VM5eE8laCy9hu_lKdE-NCdj8nm17DA7P8X-5GZuKz1un5P-wme-s1bQbjYzqabEMEquawznAN7AQkl_PjNjse6xuF1sMCQPcfeTyH8QsCuRjrP68kkTJT2hbvi4u6Gzdbmfkk83Q-uTAQg\" target=\"_blank\" rel=\"nofollow\" data-ft=\"{&quot;tn&quot;:&quot;-U&quot;}\" data-lynx-mode=\"hover\">http:\/\/www.terremarsicane.it\/dalfonso-linea-avezzano-rocca\u2026\/<\/a>)?<br \/>\nIn ultimo, ci sia consentito di fare previsioni per il futuro.<br \/>\nE\u2019 notizia ufficiale che le Aln 668 (per intenderci, quelle che oggi garantiscono il servizio ferroviario) insieme alla automotrici serie Aln 663 non riceveranno i lavori di revisione generale (eccezion fatta per 20, forse 40 unit\u00e0 su trecento macchine di entrambi i gruppi). In soldoni, alla scadenza della precedente revisione le automotrici verranno accantonate e dismesse e tutto ci\u00f2 maturer\u00e0 nei prossimi anni.<br \/>\nI nuovi ATR 220 \u201cSwing\u201d sono vincolati ai servizi L\u2019Aquila-Pescara (e i soliti maligni sostengono che non si tratta soltanto di questioni burocratiche\u2026).<br \/>\nCi auguriamo non si prospetti qualche altra sorpresa di Natale, previa pomposa campagna elettorale di segno opposto, con la soppressione dei servizi per carenza di materiale rotabile. Sperando di non dover concordare con qualcuno, che anni fa sosteneva che \u201ca pensar male si fa peccato ma spesso ci si azzecca\u201d.<br \/>\nIl Comitato non intende minimamente cedere e intende muoversi con tutti i mezzi leciti e con la collaborazione di tutti contro questa ennesima privazione che colpisce le aree interne abruzzesi e laziali<\/span><\/p>\n","protected":false},"excerpt":{"rendered":"<p>Come ogni anno, dopo l\u2019Immacolata, Trenitalia rivede i propri orari. A questo proposito, le Direzioni Regio&#8230;nali hanno diramato, nei giorni passati, un elenco (Regione per Regione) delle pi\u00f9 importanti novit\u00e0. N\u00e8 il Lazio, n\u00e9 l\u2019Abruzzo menzionano la Avezzano-Roccasecca, il che potrebbe lasciare gli ignari lettori tranquilli sul fatto che nulla \u00e8 stato toccato. INVECE NO. La brutta sorpresa \u00e8 bella infiocchettata sotto l\u2019albero di Natale, perch\u00e9 la Avezzano Roccasecca dal\u2026<\/p>\n<p class=\"continue-reading-button\"> <a class=\"continue-reading-link\" href=\"https:\/\/www.ilmondodeitreni.it\/blog\/?p=6804\">Continua la lettura<i class=\"crycon-right-dir\"><\/i><\/a><\/p>\n","protected":false},"author":2,"featured_media":0,"comment_status":"closed","ping_status":"open","sticky":false,"template":"","format":"standard","meta":{"footnotes":""},"categories":[2],"tags":[16,680,5,2286,15,781,14],"class_list":["post-6804","post","type-post","status-publish","format-standard","hentry","category-news","tag-avezzano","tag-emilio-cancelli","tag-ferrovie","tag-regione-abruzzo","tag-roccasecca","tag-rosaria-villa","tag-sora"],"_links":{"self":[{"href":"https:\/\/www.ilmondodeitreni.it\/blog\/index.php?rest_route=\/wp\/v2\/posts\/6804","targetHints":{"allow":["GET"]}}],"collection":[{"href":"https:\/\/www.ilmondodeitreni.it\/blog\/index.php?rest_route=\/wp\/v2\/posts"}],"about":[{"href":"https:\/\/www.ilmondodeitreni.it\/blog\/index.php?rest_route=\/wp\/v2\/types\/post"}],"author":[{"embeddable":true,"href":"https:\/\/www.ilmondodeitreni.it\/blog\/index.php?rest_route=\/wp\/v2\/users\/2"}],"replies":[{"embeddable":true,"href":"https:\/\/www.ilmondodeitreni.it\/blog\/index.php?rest_route=%2Fwp%2Fv2%2Fcomments&post=6804"}],"version-history":[{"count":1,"href":"https:\/\/www.ilmondodeitreni.it\/blog\/index.php?rest_route=\/wp\/v2\/posts\/6804\/revisions"}],"predecessor-version":[{"id":6805,"href":"https:\/\/www.ilmondodeitreni.it\/blog\/index.php?rest_route=\/wp\/v2\/posts\/6804\/revisions\/6805"}],"wp:attachment":[{"href":"https:\/\/www.ilmondodeitreni.it\/blog\/index.php?rest_route=%2Fwp%2Fv2%2Fmedia&parent=6804"}],"wp:term":[{"taxonomy":"category","embeddable":true,"href":"https:\/\/www.ilmondodeitreni.it\/blog\/index.php?rest_route=%2Fwp%2Fv2%2Fcategories&post=6804"},{"taxonomy":"post_tag","embeddable":true,"href":"https:\/\/www.ilmondodeitreni.it\/blog\/index.php?rest_route=%2Fwp%2Fv2%2Ftags&post=6804"}],"curies":[{"name":"wp","href":"https:\/\/api.w.org\/{rel}","templated":true}]}}