{"id":6743,"date":"2017-12-05T00:22:04","date_gmt":"2017-12-04T23:22:04","guid":{"rendered":"http:\/\/www.ilmondodeitreni.it\/blog\/?p=6743"},"modified":"2017-12-05T00:22:04","modified_gmt":"2017-12-04T23:22:04","slug":"polo-mercitalia-nasce-tx-logistik-svizzera","status":"publish","type":"post","link":"https:\/\/www.ilmondodeitreni.it\/blog\/?p=6743","title":{"rendered":"Polo Mercitalia: nasce TX Logistik Svizzera"},"content":{"rendered":"<p style=\"text-align: justify;\"><a href=\"http:\/\/www.ilmondodeitreni.it\/blog\/wp-content\/uploads\/2017\/11\/FB_IMG_1510099085155.jpg\"><img loading=\"lazy\" decoding=\"async\" class=\"alignleft size-thumbnail wp-image-6594\" src=\"http:\/\/www.ilmondodeitreni.it\/blog\/wp-content\/uploads\/2017\/11\/FB_IMG_1510099085155-160x120.jpg\" alt=\"FB_IMG_1510099085155\" width=\"160\" height=\"120\" srcset=\"https:\/\/www.ilmondodeitreni.it\/blog\/wp-content\/uploads\/2017\/11\/FB_IMG_1510099085155-160x120.jpg 160w, https:\/\/www.ilmondodeitreni.it\/blog\/wp-content\/uploads\/2017\/11\/FB_IMG_1510099085155-640x480.jpg 640w, https:\/\/www.ilmondodeitreni.it\/blog\/wp-content\/uploads\/2017\/11\/FB_IMG_1510099085155-200x150.jpg 200w, https:\/\/www.ilmondodeitreni.it\/blog\/wp-content\/uploads\/2017\/11\/FB_IMG_1510099085155-300x225.jpg 300w, https:\/\/www.ilmondodeitreni.it\/blog\/wp-content\/uploads\/2017\/11\/FB_IMG_1510099085155-150x113.jpg 150w, https:\/\/www.ilmondodeitreni.it\/blog\/wp-content\/uploads\/2017\/11\/FB_IMG_1510099085155.jpg 768w\" sizes=\"auto, (max-width: 160px) 100vw, 160px\" \/><\/a>\u00c8 operativa\u00a0<a title=\"Vai al sito di TX Logistik\" href=\"http:\/\/www.txlogistik.eu\/#0\" target=\"_blank\">TX Logistik Svizzera<\/a>, la nuova societ\u00e0 del\u00a0<a title=\"Vai al sito di Mercitalia Rail \" href=\"http:\/\/www.mercitaliarail.it\/\" target=\"_blank\">Polo Mercitalia<\/a>\u00a0(<a title=\"Vai al sito del Gruppo FS Italiane\" href=\"https:\/\/www.fsitaliane.it\/\" target=\"_blank\">Gruppo FS Italiane<\/a>) con sede a Basilea. TXLogistik Svizzera con il nuovo servizio\u00a0<i>Swiss<\/i><i>Corridor<\/i>\u00a0garantir\u00e0 dal 10 dicembre i servizi di trazione ferroviaria a tutte le Societ\u00e0 del Polo Mercitalia che, attraversando il territorio elvetico, fanno trasporti cargo fra l\u2019Italia e il Nord Europa<span style=\"font-size: 16px; text-align: justify;\">.<\/span><span style=\"font-size: 16px;\">Nella prima fase saranno complessivamente 40 i treni prodotti da TX Logistik Svizzera. Ogni settimana trasporteranno merci fra Italia, Germania, Olanda e Belgio, utilizzando i Corridoi ferroviari del Gottardo e del L\u00f6tschberg. Ci\u00f2 permetter\u00e0 al Polo Mercitalia di internalizzare costi operativi per circa 12 milioni di euro all\u2019anno. Il<\/span><span style=\"font-size: 16px;\">\u00a0nuovo servizio\u00a0<\/span><i style=\"font-size: 16px;\">Swiss<\/i><span style=\"font-size: 16px;\">\u00a0<\/span><i style=\"font-size: 16px;\">Corridor<\/i><span style=\"font-size: 16px;\">\u00a0e il primo anno di attivit\u00e0 del Polo Mercitalia sono stati presentati ieri a Milano da\u00a0<\/span><b style=\"font-size: 16px;\">Renato Mazzoncini Amministratore<\/b><span style=\"font-size: 16px;\">\u00a0Delegato e Direttore Generale del Gruppo FS Italiane,\u00a0<\/span><b style=\"font-size: 16px;\">Marco Gosso<\/b><span style=\"font-size: 16px;\">\u00a0Amministratore Delegato e Direttore Generale di Mercitalia Logistics e\u00a0<\/span><b style=\"font-size: 16px;\">Mirko Pahl<\/b><span style=\"font-size: 16px;\">\u00a0Amministratore Delegato di TX Logistik.<\/span><\/p>\n<p style=\"text-align: justify;\">Il Polo Mercitalia con\u00a0<i>Swiss<\/i>\u00a0<i>Corridor<\/i>\u00a0di TX Logistik Svizzera vuole offrire ai propri clienti un\u2019elevata qualit\u00e0 di servizio che, grazie a una nuova gestione integrata della filiera industriale, consentir\u00e0 elevati standard di puntualit\u00e0, affidabilit\u00e0 ed efficienza operativa.<\/p>\n<p style=\"text-align: justify;\">\u201c<i>Il rilancio del trasporto merci su ferro, come prevede la cura del ferro avviata dal Ministro Graziano Delrio, \u00e8 uno dei principali obiettivi del Piano industriale 2017-2026 del Gruppo FS Italiane\u201d,\u00a0<\/i>ha evidenziato\u00a0<b>Renato Mazzoncini<\/b><i>.\u00a0<\/i><i>\u201cPer ridare slancio e sviluppare, sia in ambito nazionale sia europeo, il settore delle merci e della logistica abbiamo creato il Polo Mercitalia, operativo da gennaio 2017, ristrutturando e riorganizzando le realt\u00e0 industriali di\u00a0settore del Gruppo. Questo ha permesso di generare minori sovrastrutture operative e una maggiore efficienza produttiva.<\/i>\u00a0<i>Per il\u00a0<\/i><i>cargo e la logistica, poi, abbiamo previsto investimenti per 1,5 miliardi di euro. Grazie al rafforzamento dell\u2019intermodalit\u00e0 e allo sviluppo dei mercati, offrendo trasporti ad alto valore aggiunto, riusciremo a raggiungere nel 2026 ricavi per 2,1 miliardi<\/i>\u201d.<\/p>\n<p style=\"text-align: justify;\">\u201c<i>Nel suo primo anno di attivit\u00e0 il Polo Mercitalia<\/i>\u00a0\u2013 ha sottolineato\u00a0<b>Marco Gosso<\/b>\u00a0\u2013\u00a0<i>ha centrato, per risultati economici e industriali ottenuti\u00a0<\/i><i>e per investimenti effettuati, gli obiettivi indicati nel Piano industriale per il rilancio del settore cargo e logistica del Gruppo FS Italiane. Con il nuovo servizio\u00a0<\/i>Swiss Corridor\u00a0<i>le societ\u00e0 del Polo Mercitalia presidie<\/i><i>ranno con maggiore efficienza ed efficacia tutti i fattori produttivi del trasporto merci, da origine a destinazione, garantendo cos\u00ec ai clienti, sul Corridoio ferroviario Reno-Alpi, standard qualitativi ancora pi\u00f9 elevati<\/i>\u201d.<\/p>\n<p style=\"text-align: justify;\">\u201c<i>Il nuovo servizio\u00a0<\/i>Swiss Corridor \u2013<i>\u00a0<\/i>ha dichiarato\u00a0<b>Mirko Pahl<\/b>\u00a0\u2013<i>\u00a0consentir\u00e0 una maggiore sinergia e una perfetta collaborazione tra le\u00a0<\/i><i>Societ\u00e0 del Polo Mercitalia. TX Logistik Svizzera, con 12 locomotori, garantir\u00e0 nella prima fase la trazione ferroviaria per i 40 treni merci che ogni settimana, attraversando la Svizzera, collegheranno, con rapidit\u00e0 ed efficienza, l\u2019Italia con il Nord Europa\u201d<\/i>.<\/p>\n","protected":false},"excerpt":{"rendered":"<p>\u00c8 operativa\u00a0TX Logistik Svizzera, la nuova societ\u00e0 del\u00a0Polo Mercitalia\u00a0(Gruppo FS Italiane) con sede a Basilea. TXLogistik Svizzera con il nuovo servizio\u00a0SwissCorridor\u00a0garantir\u00e0 dal 10 dicembre i servizi di trazione ferroviaria a tutte le Societ\u00e0 del Polo Mercitalia che, attraversando il territorio elvetico, fanno trasporti cargo fra l\u2019Italia e il Nord Europa.Nella prima fase saranno complessivamente 40 i treni prodotti da TX Logistik Svizzera. Ogni settimana trasporteranno merci fra Italia, Germania, Olanda\u2026<\/p>\n<p class=\"continue-reading-button\"> <a class=\"continue-reading-link\" href=\"https:\/\/www.ilmondodeitreni.it\/blog\/?p=6743\">Continua la lettura<i class=\"crycon-right-dir\"><\/i><\/a><\/p>\n","protected":false},"author":13,"featured_media":0,"comment_status":"closed","ping_status":"open","sticky":false,"template":"","format":"standard","meta":{"footnotes":""},"categories":[2,11],"tags":[1100,1095,4357,4272,770,4356,29,4355],"class_list":["post-6743","post","type-post","status-publish","format-standard","hentry","category-news","category-news-estero","tag-ferrovia","tag-logistica","tag-mirko-pahl","tag-polo-mercitalia","tag-renato-mazzoncini","tag-swisscorridor","tag-trasporti","tag-tx-logistik-svizzera"],"_links":{"self":[{"href":"https:\/\/www.ilmondodeitreni.it\/blog\/index.php?rest_route=\/wp\/v2\/posts\/6743","targetHints":{"allow":["GET"]}}],"collection":[{"href":"https:\/\/www.ilmondodeitreni.it\/blog\/index.php?rest_route=\/wp\/v2\/posts"}],"about":[{"href":"https:\/\/www.ilmondodeitreni.it\/blog\/index.php?rest_route=\/wp\/v2\/types\/post"}],"author":[{"embeddable":true,"href":"https:\/\/www.ilmondodeitreni.it\/blog\/index.php?rest_route=\/wp\/v2\/users\/13"}],"replies":[{"embeddable":true,"href":"https:\/\/www.ilmondodeitreni.it\/blog\/index.php?rest_route=%2Fwp%2Fv2%2Fcomments&post=6743"}],"version-history":[{"count":1,"href":"https:\/\/www.ilmondodeitreni.it\/blog\/index.php?rest_route=\/wp\/v2\/posts\/6743\/revisions"}],"predecessor-version":[{"id":6744,"href":"https:\/\/www.ilmondodeitreni.it\/blog\/index.php?rest_route=\/wp\/v2\/posts\/6743\/revisions\/6744"}],"wp:attachment":[{"href":"https:\/\/www.ilmondodeitreni.it\/blog\/index.php?rest_route=%2Fwp%2Fv2%2Fmedia&parent=6743"}],"wp:term":[{"taxonomy":"category","embeddable":true,"href":"https:\/\/www.ilmondodeitreni.it\/blog\/index.php?rest_route=%2Fwp%2Fv2%2Fcategories&post=6743"},{"taxonomy":"post_tag","embeddable":true,"href":"https:\/\/www.ilmondodeitreni.it\/blog\/index.php?rest_route=%2Fwp%2Fv2%2Ftags&post=6743"}],"curies":[{"name":"wp","href":"https:\/\/api.w.org\/{rel}","templated":true}]}}