{"id":6253,"date":"2017-08-22T19:37:53","date_gmt":"2017-08-22T17:37:53","guid":{"rendered":"http:\/\/www.ilmondodeitreni.it\/blog\/?p=6253"},"modified":"2017-08-21T22:39:55","modified_gmt":"2017-08-21T20:39:55","slug":"dall11-settembre-migliora-lofferta-ferroviaria-nella-tratta-prato-bologna","status":"publish","type":"post","link":"https:\/\/www.ilmondodeitreni.it\/blog\/?p=6253","title":{"rendered":"Dall&#8217;11 settembre migliora l&#8217;offerta ferroviaria nella tratta Prato-Bologna"},"content":{"rendered":"<p style=\"text-align: justify;\"><a href=\"http:\/\/www.ilmondodeitreni.it\/blog\/wp-content\/uploads\/2016\/12\/ALe841me.jpg\"><img loading=\"lazy\" decoding=\"async\" class=\"alignleft size-thumbnail wp-image-5093\" src=\"http:\/\/www.ilmondodeitreni.it\/blog\/wp-content\/uploads\/2016\/12\/ALe841me-160x102.jpg\" alt=\"ale841me\" width=\"160\" height=\"102\" srcset=\"https:\/\/www.ilmondodeitreni.it\/blog\/wp-content\/uploads\/2016\/12\/ALe841me-160x102.jpg 160w, https:\/\/www.ilmondodeitreni.it\/blog\/wp-content\/uploads\/2016\/12\/ALe841me-236x150.jpg 236w, https:\/\/www.ilmondodeitreni.it\/blog\/wp-content\/uploads\/2016\/12\/ALe841me-300x191.jpg 300w, https:\/\/www.ilmondodeitreni.it\/blog\/wp-content\/uploads\/2016\/12\/ALe841me-150x96.jpg 150w, https:\/\/www.ilmondodeitreni.it\/blog\/wp-content\/uploads\/2016\/12\/ALe841me-318x201.jpg 318w, https:\/\/www.ilmondodeitreni.it\/blog\/wp-content\/uploads\/2016\/12\/ALe841me.jpg 567w\" sizes=\"auto, (max-width: 160px) 100vw, 160px\" \/><\/a>Entreranno in vigore a partire da luned\u00ec 11 settembre alcune modifiche, concordate tra le Regioni Toscana ed Emilia Romagna e condivise con Trenitalia, che miglioreranno l&#8217;offerta ferroviaria nella tratta tra Prato e Bologna portando i treni a percorrere ogni giorno 120 km in pi\u00f9 rispetto ad oggi. Alla base della decisione, condivisa dalle due Regioni, c&#8217;\u00e8 la volont\u00e0 di creare relazioni pi\u00f9 forti tra Prato e Bologna, venendo incontro alle richieste dell&#8217;utenza, e quella di privilegiare i collegamenti diretti nelle fasce pi\u00f9 utilizzate dai pendolari. Nasce da qui la prosecuzione delle percorrenze e la creazione dei collegamenti diretti.<\/p>\n<p style=\"text-align: justify;\">&#8220;Lavoriamo \u2013 commenta l&#8217;assessore regionale alle infrastrutture e trasporti, Vincenzo Ceccarelli &#8211; ad un costante miglioramento dei servizi con l&#8217;Emilia Romagna, anche grazie alla Prato-Bologna, puntando su una maggiore integrazione e su collegamenti diretti laddove \u00e8 possibile. Oltre agli investimenti infrastrutturali sulle nostre linee e all&#8217;acquisto di nuovi treni, abbiamo introdotto anche una programmazione sempre pi\u00f9 adeguata alle esigenze di mobilit\u00e0 dei territori. E&#8217; una parte importante di quella che in Toscana abbiamo definito la &#8220;cura del ferro&#8221;, per una mobilit\u00e0 pi\u00f9 sostenibile&#8221;.<\/p>\n<p style=\"text-align: justify;\">Saranno cinque i nuovi treni istituiti, o la cui percorrenza verr\u00e0 prolungata, o che effettueranno un numero maggiore di fermate con la conseguente soppressione di alcune delle corse nella stessa fascia oraria. Vediamo nei dettagli le modifiche che presto entreranno in vigore.<\/p>\n<p style=\"text-align: justify;\">Due nuovi treni partiranno da Prato centrale in direzione Bologna: il primo alle 6.40, il secondo alle 8.40.<br \/>\nIn direzione opposta verr\u00e0 istituito un nuovo treno da Bologna a Prato centrale, con partenza dal capoluogo emiliano alle 7.10. In particolare questo treno permetter\u00e0 di servire le aree industriali intorno a Pianoro in una fascia oraria finora sguarnita di collegamenti ferroviari.<\/p>\n<p style=\"text-align: justify;\">Nella fascia serale sar\u00e0 prolungata fino a Prato centrale la corsa del regionale 6531 che parte da Bologna alle 22.10. Finora terminava a San Benedetto Val di Sambro dove giungeva alle 22.51. Dall&#8217;11 settembre proseguir\u00e0 invece fino a Prato centrale, permettendo quindi ai viaggiatori di raggiungere la Toscana anche in tarda serata, visto che i collegamenti con treni AV \u00a0da Bologna per Firenze terminano alle 21.30.<\/p>\n<p style=\"text-align: justify;\">La corsa di ritorno serale da San Benedetto val di Sambro a Bologna \u00a0delle 22.59 &#8211; \u00a0treno 6592, con utenza quasi nulla &#8211; verr\u00e0 invece soppressa, e la sua funzione verr\u00e0 assolta dal regionale 11634, in partenza da Firenze SMN alle 22.23 per Bologna centrale, cui verranno assegnate anche le fermate di Grizzana, Monzuno e Pianoro.<\/p>\n<p style=\"text-align: justify;\">In virt\u00f9 di questi nuovi collegamenti non si rendono pi\u00f9 necessari alcuni convogli attualmente in esercizio sul versante toscano, che verranno quindi soppressi. Si tratta del 6476 in partenza alle 6.10 da Firenze Campo di Marte per Vernio, Montepiano, Cantagallo, che viene per\u00f2 mantenuto nella tratta da Firenze Campo Marte-Prato dato che da questa stazione si potr\u00e0 proseguire verso Bologna con il nuovo treno che partir\u00e0 da Prato alle 6.40.<\/p>\n<p style=\"text-align: justify;\">Verr\u00e0 soppresso anche il \u00a0treno 6409 delle 6.22 da Bologna a San Benedetto Val di Sambro. Il servizio delle 7.13 da San Benedetto Val di Sambro a Bologna sar\u00e0 svolto, alla stessa ora, dal nuovo treno che partir\u00e0 da Prato alle 6.40.<\/p>\n<p style=\"text-align: justify;\">Coloro che utilizzavano il treno 6583 che partiva alle 8.14 da Vernio verso Firenze Campo di Marte,\u00a0 dall&#8217;11 settembre potranno salire su quello che partir\u00e0 da Bologna alle 7.10, mentre la possibilit\u00e0 di proseguire verso Firenze sar\u00e0 garantita dallo stesso 6583 che avr\u00e0 origine da Prato verso Firenze Campo Marte, con le stesse fermate che effettua oggi.<\/p>\n<p style=\"text-align: justify;\">Gli orari delle nuove corse sono in fase di esatta definizione. Quelli qui sopra sono soltanto indicativi delle fasce orarie in cui verranno collocati i convogli. Gli orari esatti di partenza e di arrivo verranno indicati pi\u00f9 a ridosso della data di entrata in vigore delle modifiche.<\/p>\n","protected":false},"excerpt":{"rendered":"<p>Entreranno in vigore a partire da luned\u00ec 11 settembre alcune modifiche, concordate tra le Regioni Toscana ed Emilia Romagna e condivise con Trenitalia, che miglioreranno l&#8217;offerta ferroviaria nella tratta tra Prato e Bologna portando i treni a percorrere ogni giorno 120 km in pi\u00f9 rispetto ad oggi. Alla base della decisione, condivisa dalle due Regioni, c&#8217;\u00e8 la volont\u00e0 di creare relazioni pi\u00f9 forti tra Prato e Bologna, venendo incontro alle\u2026<\/p>\n<p class=\"continue-reading-button\"> <a class=\"continue-reading-link\" href=\"https:\/\/www.ilmondodeitreni.it\/blog\/?p=6253\">Continua la lettura<i class=\"crycon-right-dir\"><\/i><\/a><\/p>\n","protected":false},"author":6,"featured_media":0,"comment_status":"closed","ping_status":"open","sticky":false,"template":"","format":"standard","meta":{"footnotes":""},"categories":[2],"tags":[163,303,5,1617,39,84],"class_list":["post-6253","post","type-post","status-publish","format-standard","hentry","category-news","tag-bologna","tag-emilia-romagna","tag-ferrovie","tag-prato","tag-toscana","tag-vincenzo-ceccarelli"],"_links":{"self":[{"href":"https:\/\/www.ilmondodeitreni.it\/blog\/index.php?rest_route=\/wp\/v2\/posts\/6253","targetHints":{"allow":["GET"]}}],"collection":[{"href":"https:\/\/www.ilmondodeitreni.it\/blog\/index.php?rest_route=\/wp\/v2\/posts"}],"about":[{"href":"https:\/\/www.ilmondodeitreni.it\/blog\/index.php?rest_route=\/wp\/v2\/types\/post"}],"author":[{"embeddable":true,"href":"https:\/\/www.ilmondodeitreni.it\/blog\/index.php?rest_route=\/wp\/v2\/users\/6"}],"replies":[{"embeddable":true,"href":"https:\/\/www.ilmondodeitreni.it\/blog\/index.php?rest_route=%2Fwp%2Fv2%2Fcomments&post=6253"}],"version-history":[{"count":1,"href":"https:\/\/www.ilmondodeitreni.it\/blog\/index.php?rest_route=\/wp\/v2\/posts\/6253\/revisions"}],"predecessor-version":[{"id":6254,"href":"https:\/\/www.ilmondodeitreni.it\/blog\/index.php?rest_route=\/wp\/v2\/posts\/6253\/revisions\/6254"}],"wp:attachment":[{"href":"https:\/\/www.ilmondodeitreni.it\/blog\/index.php?rest_route=%2Fwp%2Fv2%2Fmedia&parent=6253"}],"wp:term":[{"taxonomy":"category","embeddable":true,"href":"https:\/\/www.ilmondodeitreni.it\/blog\/index.php?rest_route=%2Fwp%2Fv2%2Fcategories&post=6253"},{"taxonomy":"post_tag","embeddable":true,"href":"https:\/\/www.ilmondodeitreni.it\/blog\/index.php?rest_route=%2Fwp%2Fv2%2Ftags&post=6253"}],"curies":[{"name":"wp","href":"https:\/\/api.w.org\/{rel}","templated":true}]}}