{"id":6123,"date":"2017-08-02T02:36:16","date_gmt":"2017-08-02T00:36:16","guid":{"rendered":"http:\/\/www.ilmondodeitreni.it\/blog\/?p=6123"},"modified":"2017-07-31T21:59:25","modified_gmt":"2017-07-31T19:59:25","slug":"bergamo-siglata-intesa-per-la-realizzazione-della-linea-t2","status":"publish","type":"post","link":"https:\/\/www.ilmondodeitreni.it\/blog\/?p=6123","title":{"rendered":"Bergamo, siglata intesa per la realizzazione della Linea T2"},"content":{"rendered":"<p style=\"text-align: justify;\"><a href=\"http:\/\/www.ilmondodeitreni.it\/blog\/wp-content\/uploads\/2017\/07\/7004_15corsoitalia1.jpg\"><img loading=\"lazy\" decoding=\"async\" class=\"alignleft size-thumbnail wp-image-6124\" src=\"http:\/\/www.ilmondodeitreni.it\/blog\/wp-content\/uploads\/2017\/07\/7004_15corsoitalia1-160x120.jpg\" alt=\"7004_15corsoitalia\" width=\"160\" height=\"120\" srcset=\"https:\/\/www.ilmondodeitreni.it\/blog\/wp-content\/uploads\/2017\/07\/7004_15corsoitalia1-160x120.jpg 160w, https:\/\/www.ilmondodeitreni.it\/blog\/wp-content\/uploads\/2017\/07\/7004_15corsoitalia1-200x150.jpg 200w, https:\/\/www.ilmondodeitreni.it\/blog\/wp-content\/uploads\/2017\/07\/7004_15corsoitalia1-300x225.jpg 300w, https:\/\/www.ilmondodeitreni.it\/blog\/wp-content\/uploads\/2017\/07\/7004_15corsoitalia1-150x113.jpg 150w, https:\/\/www.ilmondodeitreni.it\/blog\/wp-content\/uploads\/2017\/07\/7004_15corsoitalia1.jpg 640w\" sizes=\"auto, (max-width: 160px) 100vw, 160px\" \/><\/a>Gioved\u00ec 27 luglio 2017 alle ore 11 nello spazio Viterbi della Provincia di Bergamo \u00e8 stato siglato il protocollo d&#8217;intesa propedeutico alla stipula dell&#8217;accordo di programma per il completamento del sistema tramviario di Bergamo attraverso la realizzazione della Linea T2 Bergamo &#8211; Villa d&#8217;Alm\u00e8, tra:<\/p>\n<ul style=\"text-align: justify;\">\n<li>Presidente della Provincia di Bergamo<\/li>\n<li>Sindaco di Bergamo<\/li>\n<li>Sindaco di Alm\u00e8<\/li>\n<li>Sindaco di Ponteranica<\/li>\n<li>Sindaco di Sorisole<\/li>\n<li>Sindaco di Villa d&#8217;Alm\u00e8<\/li>\n<li>Sindaco di Paladina<\/li>\n<li>Presidente del Parco dei Colli di Bergamo<\/li>\n<li>Presidente della Comunit\u00e0 montana Valle Brembana<\/li>\n<li>Per TEB, Presidente e Amministratore Delegato<\/li>\n<\/ul>\n<p style=\"text-align: justify;\">Gli enti soci, Provincia di Bergamo e ATB Mobilit\u00e0 (interamente controllata dal Comune di Bergamo), hanno affidato a TEB Spa la realizzazione e gestione dell&#8217;infrastruttura; TEB ha quindi predisposto un progetto di fattibilit\u00e0 tecnica ed economica per la realizzazione della nuova tratta tramviaria, studio, che aggiorna il progetto preliminare gi\u00e0 redatto nel 2009, e comprende elaborati tecnici relativi al tracciato, la descrizione del sistema tramviario, eventuali opere (ponti, viadotti, gallerie) e soluzioni alternative del tracciato, la verifica dei servizi esistenti al di sotto del sedime, eventuali espropri, le ipotesi di funzionamento dell&#8217;esercizio (orari, frequenza) e infine l&#8217;aggiornamento delle stime economiche dell&#8217;investimento, che sono quantificate complessivamente in <strong>145.105.465 euro<\/strong>.<\/p>\n<p style=\"text-align: justify;\">Gli enti interessati dal tracciato potranno ora avviare un percorso per la condivisione dell&#8217;accordo di programma che sar\u00e0 sottoscritto a valle della presente intesa per la realizzazione del sistema di collegamento tramviario, delle opere connesse, la disciplina delle attivit\u00e0 da svolgere nonch\u00e9 la ripartizione dei relativi oneri. Il protocollo oggi sottoscritto \u00e8 anche propedeutico all&#8217;acquisizione dei finanziamenti statali e regionali. <strong>Il nuovo tratto, denominato T2, sviluppa la linea gi\u00e0 esistente (T1 Bergamo-Albino) da cui mutua infrastrutture e apparati.<\/strong> Un sistema di trasporto a basso impatto ambientale che riduce il traffico veicolare e concorre alla riqualificazione del territorio. <strong>L&#8217;opera avr\u00e0 una lunghezza di circa\u00a010 chilometri con 16 fermate <\/strong>da Bergamo a Villa d&#8217;Alm\u00e8: Bergamo FS, Borgo Palazzo, San Fermo, S.Caterina, Stadio, De Gasperi, Crocefisso, Sant&#8217;Antonio, Pontesecco, Ponteranica, Ramera, Petosino, Alm\u00e8 Olimpia, Paladina, Alm\u00e9 Volta, Villa d&#8217;Alm\u00e8 Mazzi.<br \/>\n<strong>Le prime 3 fermate (Bergamo FS, Borgo Palazzo, San Fermo) sono comuni alla Linea T1 Bergamo- Albino<\/strong>.<\/p>\n<p style=\"text-align: justify;\"><em>&#8220;La firma di oggi \u00e8 l&#8217;avvio di un percorso che permette alla comunit\u00e0 bergamasca di presentarsi come interlocutore autorevole nel dialogo con il Ministero dei Trasporti sulla fattibilit\u00e0 dell&#8217;opera, strategica per il territorio\u201d<\/em>, <strong>commenta il presidente TEB, Filippo Simonetti. <\/strong><em>&#8220;La condivisione di questo progetto \u00e8 un passaggio importante e fondamentale- continua Simonetti -che deve essere il pi\u00f9 trasversale e ampio possibile. TEB assicura e richiede alle amministrazioni che lo sviluppo successivo del progetto avvenga attraverso un confronto con tutte le forze locali, non solo per garantirne il miglioramento degli aspetti realizzativi dell&#8217;opera ma anche per arricchirla di ulteriori potenziali contenuti\u201d.<\/em><\/p>\n<p style=\"text-align: justify;\">&#8220;<em>Sono opere importanti per alleggerire la pressione del traffico privato sul capoluogo, garantendone comunque una facile accessibilit\u00e0 dall&#8217;area urbana&#8221;<\/em>, <strong>sottolinea il sindaco di Bergamo Giorgio Gori<\/strong>. <em>&#8220;La T2 potrebbe essere la definitiva soluzione del nodo viabilistico di Pontesecco &#8211; sul quale quest&#8217;anno interveniamo per la prima volta con l&#8217;allargamento della carreggiata in attesa del futuro progetto contenuto nel Patto per la Lombardia &#8211; ma rafforza anche la scelta di mantenere in citt\u00e0 lo stadio, che dista poche centinaia di metri da una futura stazione. Non dimentichiamo inoltre che la tramvia porterebbe con s\u00e9 un percorso ciclopedonale continuo che attraversa tutta la citt\u00e0 fino al confine con Ponteranica\u201d.<\/em><\/p>\n<p style=\"text-align: justify;\"><em>&#8220;Avanti decisi con la cura del ferro! Con la firma di oggi segniamo un altro importante passo dopo il raddoppio della Ponte-Montello. Farsi trovare pronti con progetti fattibili e condivisi \u00e8 la chiave per recuperare finanziamenti con gli enti regionali e nazionali. Il tram d\u00e0 una risposta concreta e sostenibile ai bisogni di mobilit\u00e0 dei cittadini dal e verso il capoluogo e i numeri ci danno ragione: soltanto nell&#8217;anno scorso la linea T1 gi\u00e0 attiva tra Bergamo e Albino ha portato 3.600.000 passeggeri, un volume che ha superato ogni previsione e che \u00e8 in costante incremento\u201d<\/em>, <strong>spiega il presidente Matteo Rossi<\/strong>. <em>&#8220;E non ci fermeremo qui. E&#8217; nostra intenzione valutare l&#8217;estensione della tranvia verso la Valle Brembana, in coerenza alla pianificazione provinciale\u201d.<\/em><\/p>\n<p style=\"text-align: justify;\">L&#8217;opera verr\u00e0 finanziata con capitale pubblico e privato. Provincia e Comune di Bergamo coordineranno le iniziative presso Regione Lombardia e Ministero competente per ottenere le risorse necessarie al finanziamento dell&#8217;opera per la parte non coperta dal capitale pubblico locale o dall&#8217;eventuale capitale privato.<\/p>\n<p style=\"text-align: justify;\">TEB Spa svilupper\u00e0 entro 1 anno dal suo completo finanziamento la progettazione dell&#8217;opera a un livello di dettaglio necessario per procedere alla indizione della gara per la realizzazione delle opere e degli impianti e l&#8217;acquisizione del materiale rotabile. Curer\u00e0 inoltre la fase di scelta del contraente e l&#8217;esecuzione del contratto.<\/p>\n","protected":false},"excerpt":{"rendered":"<p>Gioved\u00ec 27 luglio 2017 alle ore 11 nello spazio Viterbi della Provincia di Bergamo \u00e8 stato siglato il protocollo d&#8217;intesa propedeutico alla stipula dell&#8217;accordo di programma per il completamento del sistema tramviario di Bergamo attraverso la realizzazione della Linea T2 Bergamo &#8211; Villa d&#8217;Alm\u00e8, tra: Presidente della Provincia di Bergamo Sindaco di Bergamo Sindaco di Alm\u00e8 Sindaco di Ponteranica Sindaco di Sorisole Sindaco di Villa d&#8217;Alm\u00e8 Sindaco di Paladina Presidente\u2026<\/p>\n<p class=\"continue-reading-button\"> <a class=\"continue-reading-link\" href=\"https:\/\/www.ilmondodeitreni.it\/blog\/?p=6123\">Continua la lettura<i class=\"crycon-right-dir\"><\/i><\/a><\/p>\n","protected":false},"author":1,"featured_media":0,"comment_status":"closed","ping_status":"open","sticky":false,"template":"","format":"standard","meta":{"footnotes":""},"categories":[2],"tags":[3985,3987,3972,507,3973,3974,3979,3978,3989,3990,31,2114,69,3986,3984,3982,3981,3983,3976,3975,3980,3977,82,3988],"class_list":["post-6123","post","type-post","status-publish","format-standard","hentry","category-news","tag-alme-olimpia","tag-alme-volta","tag-atb-mobilita","tag-bergamo","tag-bergamo-a-villa-dalme-bergamo-fs","tag-borgo-palazzo","tag-crocefisso","tag-de-gasperi","tag-filippo-simonetti","tag-giorgio-gori","tag-lombardia","tag-matteo-rossi","tag-mobilita","tag-paladina","tag-petosino","tag-ponteranica","tag-pontesecco","tag-ramera","tag-s-caterina","tag-san-fermo","tag-santantonio","tag-stadio","tag-tram","tag-villa-dalme-mazzi"],"_links":{"self":[{"href":"https:\/\/www.ilmondodeitreni.it\/blog\/index.php?rest_route=\/wp\/v2\/posts\/6123","targetHints":{"allow":["GET"]}}],"collection":[{"href":"https:\/\/www.ilmondodeitreni.it\/blog\/index.php?rest_route=\/wp\/v2\/posts"}],"about":[{"href":"https:\/\/www.ilmondodeitreni.it\/blog\/index.php?rest_route=\/wp\/v2\/types\/post"}],"author":[{"embeddable":true,"href":"https:\/\/www.ilmondodeitreni.it\/blog\/index.php?rest_route=\/wp\/v2\/users\/1"}],"replies":[{"embeddable":true,"href":"https:\/\/www.ilmondodeitreni.it\/blog\/index.php?rest_route=%2Fwp%2Fv2%2Fcomments&post=6123"}],"version-history":[{"count":1,"href":"https:\/\/www.ilmondodeitreni.it\/blog\/index.php?rest_route=\/wp\/v2\/posts\/6123\/revisions"}],"predecessor-version":[{"id":6125,"href":"https:\/\/www.ilmondodeitreni.it\/blog\/index.php?rest_route=\/wp\/v2\/posts\/6123\/revisions\/6125"}],"wp:attachment":[{"href":"https:\/\/www.ilmondodeitreni.it\/blog\/index.php?rest_route=%2Fwp%2Fv2%2Fmedia&parent=6123"}],"wp:term":[{"taxonomy":"category","embeddable":true,"href":"https:\/\/www.ilmondodeitreni.it\/blog\/index.php?rest_route=%2Fwp%2Fv2%2Fcategories&post=6123"},{"taxonomy":"post_tag","embeddable":true,"href":"https:\/\/www.ilmondodeitreni.it\/blog\/index.php?rest_route=%2Fwp%2Fv2%2Ftags&post=6123"}],"curies":[{"name":"wp","href":"https:\/\/api.w.org\/{rel}","templated":true}]}}