{"id":6056,"date":"2017-07-18T19:12:15","date_gmt":"2017-07-18T17:12:15","guid":{"rendered":"http:\/\/www.ilmondodeitreni.it\/blog\/?p=6056"},"modified":"2017-07-18T19:12:15","modified_gmt":"2017-07-18T17:12:15","slug":"domenica-23-luglio-primo-viaggio-della-locomotiva-a-vapore-fal-con-stefania-rocca-e-locomotive-jazz-festival","status":"publish","type":"post","link":"https:\/\/www.ilmondodeitreni.it\/blog\/?p=6056","title":{"rendered":"Domenica 23 luglio primo viaggio della locomotiva a vapore FAL con Stefania Rocca e Locomotive Jazz Festival"},"content":{"rendered":"<p style=\"text-align: justify;\"><a href=\"http:\/\/www.ilmondodeitreni.it\/blog\/wp-content\/uploads\/2017\/07\/treno-storico-ar.jpg\"><img loading=\"lazy\" decoding=\"async\" class=\"alignleft size-thumbnail wp-image-6057\" src=\"http:\/\/www.ilmondodeitreni.it\/blog\/wp-content\/uploads\/2017\/07\/treno-storico-ar-160x107.jpg\" alt=\"treno-storico-ar\" width=\"160\" height=\"107\" srcset=\"https:\/\/www.ilmondodeitreni.it\/blog\/wp-content\/uploads\/2017\/07\/treno-storico-ar-160x107.jpg 160w, https:\/\/www.ilmondodeitreni.it\/blog\/wp-content\/uploads\/2017\/07\/treno-storico-ar-640x428.jpg 640w, https:\/\/www.ilmondodeitreni.it\/blog\/wp-content\/uploads\/2017\/07\/treno-storico-ar-1024x684.jpg 1024w, https:\/\/www.ilmondodeitreni.it\/blog\/wp-content\/uploads\/2017\/07\/treno-storico-ar-300x201.jpg 300w\" sizes=\"auto, (max-width: 160px) 100vw, 160px\" \/><\/a>Domenica 23 luglio con partenza alle ore 17.30 dalla stazione Fal di Bari centrale ed arrivo a Matera Villa Longo intorno alle 21, si terr\u00e0 il primo viaggio della Locomotiva a vapore delle Ferrovie Appulo Lucane. A bordo delle 5 carrozze d\u2019epoca del treno storico salir\u00e0 un\u2019ospite speciale: l\u2019attrice Stefania Rocca. Con lei gli artisti ed i musicisti del Locomotive Jazz Festival che hanno scelto il treno storico di FAL per la tappa itinerante dell\u2019edizione 2017.\u00a0L\u2019evento avr\u00e0 inizio alle ore 17 al primo piano della stazione Fal di Bari centrale, dove nell\u2019attesa di salire a bordo del treno storico, il musicista Mirko Signorile suoner\u00e0 un pianoforte verticale che Fal ha ricevuto in dono e che dal giorno successivo sar\u00e0 in sala d\u2019attesa a disposizione dei passeggeri che ne potranno usufruire.\u00a0Nel viaggio verso Matera che sar\u00e0 animato dai musicisti del Locomotive e da letture dell\u2019attrice Stefania Rocca, il treno storico far\u00e0 una sosta tecnica a Grumo e due soste a Toritto ed Altamura durante le quali sono previste degustazioni di prodotti tipici locali. La serata a cura del Locomotive proseguir\u00e0 poi a Matera dove sono previste passeggiate nei Sassi ed un concerto a Casa Cava. Il ritorno a Bari sar\u00e0 effettuato a bordo di autobus Fal. La<span style=\"font-size: 16px; text-align: justify;\">\u00a0Locomotiva FAL FCL 421, costruita tra il 1931 ed il 1932, \u00e8 uno dei pochi esemplari in Italia di locomotiva a vapore. Essa \u00e8 stata in servizio per il trasporto passeggeri fino al 1974, poi fu adibita a trasporto materiali, mentre dal 1997 \u00e8 rimasta ricoverata in deposito Fal a Bari Scalo ed utilizzata per manifestazioni e film storici. Recentemente, dopo 18 anni di inattivit\u00e0, \u00e8 stata sottoposta a lavori per il pieno recupero funzionale durati oltre un anno e terminati da poco. Domenica 23 luglio entrer\u00e0 in esercizio per la prima volta, alla testa del treno storico delle Ferrovie Appulo Lucane. A partire dal prossimo autunno, il treno storico avr\u00e0 una programmazione stabile mensile.\u00a0Dotato di 2 carrozze di prima classe e 3 di seconda originarie del 1915 e costantemente restaurate dall\u2019Azienda, il treno dispone di circa 170 posti a sedere ed ha interni in radica e velluto, arredi d\u2019epoca ed un fascino molto particolare che ha sedotto anche il regista Sergio Rubini (ne ha fatto il set del suo film \u2018L\u2019uomo nero\u2019).<\/span><\/p>\n","protected":false},"excerpt":{"rendered":"<p>Domenica 23 luglio con partenza alle ore 17.30 dalla stazione Fal di Bari centrale ed arrivo a Matera Villa Longo intorno alle 21, si terr\u00e0 il primo viaggio della Locomotiva a vapore delle Ferrovie Appulo Lucane. A bordo delle 5 carrozze d\u2019epoca del treno storico salir\u00e0 un\u2019ospite speciale: l\u2019attrice Stefania Rocca. Con lei gli artisti ed i musicisti del Locomotive Jazz Festival che hanno scelto il treno storico di FAL\u2026<\/p>\n<p class=\"continue-reading-button\"> <a class=\"continue-reading-link\" href=\"https:\/\/www.ilmondodeitreni.it\/blog\/?p=6056\">Continua la lettura<i class=\"crycon-right-dir\"><\/i><\/a><\/p>\n","protected":false},"author":1,"featured_media":0,"comment_status":"closed","ping_status":"open","sticky":false,"template":"","format":"standard","meta":{"footnotes":""},"categories":[2],"tags":[12,393,537,1061,3946,173,3945],"class_list":["post-6056","post","type-post","status-publish","format-standard","hentry","category-news","tag-bari","tag-basilicata","tag-fal","tag-matera","tag-mirko-signorile","tag-puglia","tag-stefania-rocca"],"_links":{"self":[{"href":"https:\/\/www.ilmondodeitreni.it\/blog\/index.php?rest_route=\/wp\/v2\/posts\/6056","targetHints":{"allow":["GET"]}}],"collection":[{"href":"https:\/\/www.ilmondodeitreni.it\/blog\/index.php?rest_route=\/wp\/v2\/posts"}],"about":[{"href":"https:\/\/www.ilmondodeitreni.it\/blog\/index.php?rest_route=\/wp\/v2\/types\/post"}],"author":[{"embeddable":true,"href":"https:\/\/www.ilmondodeitreni.it\/blog\/index.php?rest_route=\/wp\/v2\/users\/1"}],"replies":[{"embeddable":true,"href":"https:\/\/www.ilmondodeitreni.it\/blog\/index.php?rest_route=%2Fwp%2Fv2%2Fcomments&post=6056"}],"version-history":[{"count":1,"href":"https:\/\/www.ilmondodeitreni.it\/blog\/index.php?rest_route=\/wp\/v2\/posts\/6056\/revisions"}],"predecessor-version":[{"id":6058,"href":"https:\/\/www.ilmondodeitreni.it\/blog\/index.php?rest_route=\/wp\/v2\/posts\/6056\/revisions\/6058"}],"wp:attachment":[{"href":"https:\/\/www.ilmondodeitreni.it\/blog\/index.php?rest_route=%2Fwp%2Fv2%2Fmedia&parent=6056"}],"wp:term":[{"taxonomy":"category","embeddable":true,"href":"https:\/\/www.ilmondodeitreni.it\/blog\/index.php?rest_route=%2Fwp%2Fv2%2Fcategories&post=6056"},{"taxonomy":"post_tag","embeddable":true,"href":"https:\/\/www.ilmondodeitreni.it\/blog\/index.php?rest_route=%2Fwp%2Fv2%2Ftags&post=6056"}],"curies":[{"name":"wp","href":"https:\/\/api.w.org\/{rel}","templated":true}]}}