{"id":602,"date":"2014-12-04T21:27:11","date_gmt":"2014-12-04T20:27:11","guid":{"rendered":"http:\/\/www.ilmondodeitreni.it\/blog\/?p=602"},"modified":"2014-12-04T21:35:15","modified_gmt":"2014-12-04T20:35:15","slug":"al-via-il-nuovo-orario-di-trenitalia","status":"publish","type":"post","link":"https:\/\/www.ilmondodeitreni.it\/blog\/?p=602","title":{"rendered":"Al via il nuovo orario di Trenitalia"},"content":{"rendered":"<p style=\"text-align: justify;\"><a href=\"http:\/\/www.ilmondodeitreni.it\/blog\/wp-content\/uploads\/2014\/12\/trenitalia_cs_001.jpg\"><img loading=\"lazy\" decoding=\"async\" class=\"alignleft size-thumbnail wp-image-603\" src=\"http:\/\/www.ilmondodeitreni.it\/blog\/wp-content\/uploads\/2014\/12\/trenitalia_cs_001-150x150.jpg\" alt=\"trenitalia_cs_001\" width=\"150\" height=\"150\" \/><\/a>Presentate oggi presso la stazione Roma Termini le novit\u00e0 del prossimo orario di Trenitalia, che entrer\u00e0 in vigore il 14 dicembre e rester\u00e0 valido fino al 13 giugno 2015, alla presenza di \u00a0Vincenzo Soprano, Amministratore delegato di Trenitalia, \u00a0Gianfranco Battisti, direttore della\u00a0Divisone Passeggeri Long Haul e di Orazio Iacono neo direttore della Divisione Passeggeri Regionale. Con il nuovo orario Trenitalia ogni giorno metter\u00e0 a disposizione dei viaggiatori, sulle percorrenze nazionali, \u00a0231 Frecce,100 Intercity Giorno e 24 Intercity Notte. In pi\u00f9 38 collegamenti internazionali. In vista dell&#8217;EXPO 2015, di cui Trenitalia \u00e8 official global carrier, l\u2019offerta si arricchir\u00e0 poi di fermate, collegamenti e speciali promozioni, in concomitanza con \u00a0EXPO 2015. <span data-reactid=\".cr.$mid=11417718123053=25966766fa435c93f50.2:0.0.0.0.0.0.$end:0:$10:0\">La Citt\u00e0 baricentrica dei servizi de Le Frecce rimane sempre la capitale con 156 frecce attestate a\u00a0Roma Termini. <span data-reactid=\".cr.$mid=11417718123053=25966766fa435c93f50.2:0.0.0.0.0.0.$end:0:$24:0\">Il secondo hub della metropolitana veloce d&#8217;Italia\u00a0sar\u00e0 Milano, con 236 treni collegamenti Lunga Percorrenza al giorno, di 48 frecce. <\/span><\/span>In occasione di EXPO 2015 saranno attivate 41 nuove fermate a Rho Fiera per 19 Frecciarossa sulla direttrice Torino &#8211; Milano &#8211; Roma , 18 Frecciabianca sulla direttrice Torino &#8211; Milano &#8211;\u00a0Venezia \/ Trieste e 4 Intercity Notte da\/per Salerno &#8211; Reggio Calabria, per un totale di 20mila posti al giorno, e 26 fermate per treni internazionali da Svizzera (24) \u00a0e Francia (2) , per un totale di 11mila posti al giorno.\u00a0 La rete commerciale di Trenitalia vender\u00e0 i biglietti di ingresso a EXPO e i clienti Trenitalia, che raggiungeranno l\u2019Esposizione in treno, beneficeranno, con la promozione \u201cSpeciale Expo\u201d, di un 20% di riduzione su tutte le corse nazionali. Offerte particolarmente convenienti anche per i gruppi scolastici, con \u201cSchool Group Italy Speciali EXPO\u201d e per la clientela estera, che potr\u00e0 acquistare un Pass dedicato, \u201cPass Italy4you\u201d, valido da 4 a 16 viaggi, con prezzi a partire da 190 euro. Inoltre,\u00a0 Trenitalia ha infine arricchito e resa capillare la propria rete di vendita regionale che oggi, grazie ad accordi con altri partner, pu\u00f2 contare in tutt\u2019Italia su oltre 70mila Punti Vendita Abilitati, presso tabaccherie, ricevitorie, bar ed edicole. E ha da poco lanciato una TPL Smart Card con l\u2019obiettivo di \u00a0trasformarla a breve da semplice carta per la mobilit\u00e0, utilizzabile per l\u2019acquisto del biglietto e dell\u2019abbonamento del treno e dell\u2019autobus, in carta multi servizi e carta bancaria. Su questo fronte Trenitalia ha siglato un accordo con CartaS\u00ec attraverso il quale le attuali carta fedelt\u00e0, le Carta<i>Freccia<\/i>, potranno anche essere utilizzate come Carta Pagamento. Spazio anche alle promozioni natalizie: sui treni &#8220;Easy Food&#8221; dal 9 al 26 dicembre tutti i Men\u00f9 &#8220;Breakfast&#8221; , Snack e Meal al prezzo speciale di 1 \u20ac, mentre per chi\u00a0utilizzer\u00e0 a Natale, San Silvestro e Capodanno i collegamenti de Le Frecce, Trenitalia riserva l&#8217;offerta speciale\u00a02&#215;1: Viaggia\u00a0in 2 e\u00a0paga 1<\/p>\n<p style=\"text-align: justify;\"><strong>Alessandro Vidale<\/strong><\/p>\n","protected":false},"excerpt":{"rendered":"<p>Presentate oggi presso la stazione Roma Termini le novit\u00e0 del prossimo orario di Trenitalia, che entrer\u00e0 in vigore il 14 dicembre e rester\u00e0 valido fino al 13 giugno 2015, alla presenza di \u00a0Vincenzo Soprano, Amministratore delegato di Trenitalia, \u00a0Gianfranco Battisti, direttore della\u00a0Divisone Passeggeri Long Haul e di Orazio Iacono neo direttore della Divisione Passeggeri Regionale. Con il nuovo orario Trenitalia ogni giorno metter\u00e0 a disposizione dei viaggiatori, sulle percorrenze nazionali,\u2026<\/p>\n<p class=\"continue-reading-button\"> <a class=\"continue-reading-link\" href=\"https:\/\/www.ilmondodeitreni.it\/blog\/?p=602\">Continua la lettura<i class=\"crycon-right-dir\"><\/i><\/a><\/p>\n","protected":false},"author":2,"featured_media":0,"comment_status":"open","ping_status":"open","sticky":false,"template":"","format":"standard","meta":{"footnotes":""},"categories":[2],"tags":[4514,5,170,59,389,9,23,158],"class_list":["post-602","post","type-post","status-publish","format-standard","hentry","category-news","tag-expo-2015","tag-ferrovie","tag-gianfranco-battisti","tag-milano","tag-orazio-iacono","tag-roma","tag-trenitalia","tag-vincenzo-soprano"],"_links":{"self":[{"href":"https:\/\/www.ilmondodeitreni.it\/blog\/index.php?rest_route=\/wp\/v2\/posts\/602","targetHints":{"allow":["GET"]}}],"collection":[{"href":"https:\/\/www.ilmondodeitreni.it\/blog\/index.php?rest_route=\/wp\/v2\/posts"}],"about":[{"href":"https:\/\/www.ilmondodeitreni.it\/blog\/index.php?rest_route=\/wp\/v2\/types\/post"}],"author":[{"embeddable":true,"href":"https:\/\/www.ilmondodeitreni.it\/blog\/index.php?rest_route=\/wp\/v2\/users\/2"}],"replies":[{"embeddable":true,"href":"https:\/\/www.ilmondodeitreni.it\/blog\/index.php?rest_route=%2Fwp%2Fv2%2Fcomments&post=602"}],"version-history":[{"count":4,"href":"https:\/\/www.ilmondodeitreni.it\/blog\/index.php?rest_route=\/wp\/v2\/posts\/602\/revisions"}],"predecessor-version":[{"id":607,"href":"https:\/\/www.ilmondodeitreni.it\/blog\/index.php?rest_route=\/wp\/v2\/posts\/602\/revisions\/607"}],"wp:attachment":[{"href":"https:\/\/www.ilmondodeitreni.it\/blog\/index.php?rest_route=%2Fwp%2Fv2%2Fmedia&parent=602"}],"wp:term":[{"taxonomy":"category","embeddable":true,"href":"https:\/\/www.ilmondodeitreni.it\/blog\/index.php?rest_route=%2Fwp%2Fv2%2Fcategories&post=602"},{"taxonomy":"post_tag","embeddable":true,"href":"https:\/\/www.ilmondodeitreni.it\/blog\/index.php?rest_route=%2Fwp%2Fv2%2Ftags&post=602"}],"curies":[{"name":"wp","href":"https:\/\/api.w.org\/{rel}","templated":true}]}}