{"id":6011,"date":"2017-07-04T23:50:46","date_gmt":"2017-07-04T21:50:46","guid":{"rendered":"http:\/\/www.ilmondodeitreni.it\/blog\/?p=6011"},"modified":"2017-07-05T00:05:28","modified_gmt":"2017-07-04T22:05:28","slug":"nuovo-contratto-di-servizio-tra-la-regione-molise-e-trenitalia","status":"publish","type":"post","link":"https:\/\/www.ilmondodeitreni.it\/blog\/?p=6011","title":{"rendered":"Nuovo Contratto di Servizio tra la Regione Molise e Trenitalia"},"content":{"rendered":"<p style=\"text-align: justify;\"><a href=\"http:\/\/www.ilmondodeitreni.it\/blog\/wp-content\/uploads\/2017\/07\/3xALn663_casilina.jpg\"><img loading=\"lazy\" decoding=\"async\" class=\"alignleft size-thumbnail wp-image-6012\" src=\"http:\/\/www.ilmondodeitreni.it\/blog\/wp-content\/uploads\/2017\/07\/3xALn663_casilina-160x113.jpg\" alt=\"3xALn663_casilina\" width=\"160\" height=\"113\" srcset=\"https:\/\/www.ilmondodeitreni.it\/blog\/wp-content\/uploads\/2017\/07\/3xALn663_casilina-160x113.jpg 160w, https:\/\/www.ilmondodeitreni.it\/blog\/wp-content\/uploads\/2017\/07\/3xALn663_casilina.jpg 640w, https:\/\/www.ilmondodeitreni.it\/blog\/wp-content\/uploads\/2017\/07\/3xALn663_casilina-212x150.jpg 212w, https:\/\/www.ilmondodeitreni.it\/blog\/wp-content\/uploads\/2017\/07\/3xALn663_casilina-300x212.jpg 300w, https:\/\/www.ilmondodeitreni.it\/blog\/wp-content\/uploads\/2017\/07\/3xALn663_casilina-150x106.jpg 150w\" sizes=\"auto, (max-width: 160px) 100vw, 160px\" \/><\/a>Firmato oggi a Campobasso il nuovo Contratto di Servizio tra la Regione Molise e Trenitalia, che sar\u00e0 valido fino al dicembre del 2023. Siglato da <b>Massimo Pillarella,<\/b> Direttore del IV Dipartimento <i>Governo del Territorio, Mobilit\u00e0 e Risorse Naturali <\/i>della Regione Molise e<b> Alessandro Tullio<\/b>, Direttore Regionale Molise di Trenitalia, presenti alla firma anche il Governatore del Molise <b>Paolo Di Laura Frattura<\/b> e l\u2019Assessore Regionale ai Trasporti <b>Pierpaolo Nagni. <\/b>Il nuovo Contratto di Servizio definisce le caratteristiche principali dell\u2019offerta ferroviaria regionale e punta ad incrementare la qualit\u00e0 dei servizi destinati ai pendolari \u2013 circa <b>26 treni e 37 autobus al giorno<\/b> &#8211; nell\u2019ottica di una sempre maggiore integrazione dei servizi tra ferro e gomma, cardine del Piano Industriale di FS Italiane. Il contratto ha valore economico complessivo di <b>223 milioni di euro<\/b> &#8211;\u00a0 comprensivo di corrispettivi e ricavi da mercato \u2013 e definisce anche un investimento economico in autofinanziamento di<b> 13,5 milioni di euro<\/b>, finalizzato all\u2019acquisto di <b>tre nuovi treni<\/b>.\u00a0 La progressiva entrata in esercizio di questi nuovi convogli, sommata agli interventi di riqualificazione dei treni <i>Minuetto<\/i> in servizio sulle linee molisane, continuer\u00e0 a contribuire al rinnovo dell\u2019et\u00e0 media della flotta del Molise.<\/p>\n<p style=\"text-align: justify;\">Il primo di questi nuovi treni, lo <i>Swing<\/i>,\u00a0 \u00e8 stato presentato oggi alle autorit\u00e0 ed alla stampa con un viaggio inaugurale sulla tratta Campobasso \u2013 Bojano, il secondo verr\u00e0 consegnato nel 2018 e l\u2019ultimo entro il 2020.\u00a0Il nuovo convoglio sar\u00e0 in servizio da domani. Inoltre, il contratto, attraverso una rinnovata politica della qualit\u00e0 dei servizi, introduce un ulteriore incremento degli standard di puntualit\u00e0 dei collegamenti, oltre ad un sistema di valutazione delle prestazioni di Trenitalia da parte della Regione.<\/p>\n<p style=\"text-align: justify;\">La Regione Molise, competente in materia di programmazione e finanziamento del servizio, corrisponder\u00e0 a Trenitalia corrispettivi medi per <b>22 milioni di euro<\/b> all\u2019anno a fronte di una produzione annuale di <b>2 milioni di treni-km (26 treni al giorno<\/b><b>, <\/b>che percorrono 2 linee interregionali e che fermano in una stazione in territorio laziale (Cassino) e in 5 stazioni in territorio campano (Vairano, Teano, Pignataro, Capua, S. Maria Capua Vetere). Ed \u00e8 proprio nell\u2019ottica di un costante miglioramento della qualit\u00e0 del servizio offerto che Trenitalia ha modificato la composizione del treno Regionale 22217\/18 Campobasso \u2013 Roma: il treno, che circola nei festivi, viene infatti ora effettuato con una composizione di due <i>Minuetti <\/i>Diesel (prima era composto da quattro <i>Aln 663<\/i>), mettendo a disposizione dei viaggiatori ben 290 posti a sedere.<\/p>\n<p><b><\/b><\/p>\n<p>&nbsp;<\/p>\n","protected":false},"excerpt":{"rendered":"<p>Firmato oggi a Campobasso il nuovo Contratto di Servizio tra la Regione Molise e Trenitalia, che sar\u00e0 valido fino al dicembre del 2023. Siglato da Massimo Pillarella, Direttore del IV Dipartimento Governo del Territorio, Mobilit\u00e0 e Risorse Naturali della Regione Molise e Alessandro Tullio, Direttore Regionale Molise di Trenitalia, presenti alla firma anche il Governatore del Molise Paolo Di Laura Frattura e l\u2019Assessore Regionale ai Trasporti Pierpaolo Nagni. Il nuovo\u2026<\/p>\n<p class=\"continue-reading-button\"> <a class=\"continue-reading-link\" href=\"https:\/\/www.ilmondodeitreni.it\/blog\/?p=6011\">Continua la lettura<i class=\"crycon-right-dir\"><\/i><\/a><\/p>\n","protected":false},"author":10,"featured_media":0,"comment_status":"closed","ping_status":"open","sticky":false,"template":"","format":"standard","meta":{"footnotes":""},"categories":[2],"tags":[3916,5,3915,392,1890,23],"class_list":["post-6011","post","type-post","status-publish","format-standard","hentry","category-news","tag-alessandro-tullio","tag-ferrovie","tag-massimo-pillarella","tag-molise","tag-paolo-di-laura-frattura","tag-trenitalia"],"_links":{"self":[{"href":"https:\/\/www.ilmondodeitreni.it\/blog\/index.php?rest_route=\/wp\/v2\/posts\/6011","targetHints":{"allow":["GET"]}}],"collection":[{"href":"https:\/\/www.ilmondodeitreni.it\/blog\/index.php?rest_route=\/wp\/v2\/posts"}],"about":[{"href":"https:\/\/www.ilmondodeitreni.it\/blog\/index.php?rest_route=\/wp\/v2\/types\/post"}],"author":[{"embeddable":true,"href":"https:\/\/www.ilmondodeitreni.it\/blog\/index.php?rest_route=\/wp\/v2\/users\/10"}],"replies":[{"embeddable":true,"href":"https:\/\/www.ilmondodeitreni.it\/blog\/index.php?rest_route=%2Fwp%2Fv2%2Fcomments&post=6011"}],"version-history":[{"count":1,"href":"https:\/\/www.ilmondodeitreni.it\/blog\/index.php?rest_route=\/wp\/v2\/posts\/6011\/revisions"}],"predecessor-version":[{"id":6013,"href":"https:\/\/www.ilmondodeitreni.it\/blog\/index.php?rest_route=\/wp\/v2\/posts\/6011\/revisions\/6013"}],"wp:attachment":[{"href":"https:\/\/www.ilmondodeitreni.it\/blog\/index.php?rest_route=%2Fwp%2Fv2%2Fmedia&parent=6011"}],"wp:term":[{"taxonomy":"category","embeddable":true,"href":"https:\/\/www.ilmondodeitreni.it\/blog\/index.php?rest_route=%2Fwp%2Fv2%2Fcategories&post=6011"},{"taxonomy":"post_tag","embeddable":true,"href":"https:\/\/www.ilmondodeitreni.it\/blog\/index.php?rest_route=%2Fwp%2Fv2%2Ftags&post=6011"}],"curies":[{"name":"wp","href":"https:\/\/api.w.org\/{rel}","templated":true}]}}