{"id":587,"date":"2014-12-03T23:20:00","date_gmt":"2014-12-03T22:20:00","guid":{"rendered":"http:\/\/www.ilmondodeitreni.it\/blog\/?p=587"},"modified":"2014-12-03T23:33:51","modified_gmt":"2014-12-03T22:33:51","slug":"atac-metro-b-rebibbia-il-fumetto-diventa-street-art","status":"publish","type":"post","link":"https:\/\/www.ilmondodeitreni.it\/blog\/?p=587","title":{"rendered":"Atac, metro B Rebibbia: il fumetto diventa street art"},"content":{"rendered":"<p style=\"text-align: justify;\"><a href=\"http:\/\/www.ilmondodeitreni.it\/blog\/wp-content\/uploads\/2014\/12\/caf13_manzoni01.jpg\"><img loading=\"lazy\" decoding=\"async\" class=\"alignleft size-thumbnail wp-image-588\" src=\"http:\/\/www.ilmondodeitreni.it\/blog\/wp-content\/uploads\/2014\/12\/caf13_manzoni01-150x150.jpg\" alt=\"caf13_manzoni01\" width=\"150\" height=\"150\" \/><\/a>Il fumettista romano Zerocalcare decora la facciata della stazione Rebibbia della metro B con un\u00b4opera di circa 40metri quadri.\u00a0 Continua cos\u00ec il connubio tra Atac e cultura.\u00a0 Atac \u00e8 al fianco dei cittadini e di tutti coloro che vivono la citt\u00e0 di Roma per lavorare, studiare, fare acquisti, divertirsi. E sempre pi\u00f9 spesso i luoghi e i mezzi del trasporto pubblico e della mobilit\u00e0 sono luoghi e mezzi dove viene promossa anche la vita culturale della Capitale. Dopo gli street artist francesi e italiani nella stazione Spagna della metro A e l&#8217;opera del tedesco Clemens Behr nella sede Atac di Garbatella, anche la stazione Rebibbia della metro B si arricchisce con l\u00b4opera murale, questa volta di un fumettista: Michele Rech, in arte Zerocalcare. Bellezza, decoro e riappropriazione sociale sono i fattori trainanti di questa iniziativa realizzata con il coinvolgimento personale dell\u00b4artista che, attraverso la sua opera, desidera lasciare un\u00b4impronta nel quartiere in cui vive. Il fumetto diventa cos\u00ec street art e contribuisce alla riqualificazione della stazione stessa.<br \/>\nL\u00b4area di Rebibbia, peraltro, gi\u00e0 da alcuni mesi \u00e8 oggetto di riqualificazione con opere di street art da parte del Municipio IV, che ha patrocinato anche questa iniziativa.<br \/>\nPer questo evento, infine, Atac si \u00e8 avvalsa ancora una volta della collaborazione con l\u00b4associazione 999Contemporary, che si \u00e8 occupata della curatela artistica e del supporto tecnico di Sikkens per quanto riguarda i materiali. L\u00b4iniziativa \u00e8 stata possibile grazie alla consolidata partnership tra Atac e \u201cPi\u00f9 libri pi\u00f9 liberi\u201d, la fiera nazionale dedicata all&#8217;editoria indipendente promossa da AIE (Associazione Italiana Editori).<\/p>\n","protected":false},"excerpt":{"rendered":"<p>Il fumettista romano Zerocalcare decora la facciata della stazione Rebibbia della metro B con un\u00b4opera di circa 40metri quadri.\u00a0 Continua cos\u00ec il connubio tra Atac e cultura.\u00a0 Atac \u00e8 al fianco dei cittadini e di tutti coloro che vivono la citt\u00e0 di Roma per lavorare, studiare, fare acquisti, divertirsi. E sempre pi\u00f9 spesso i luoghi e i mezzi del trasporto pubblico e della mobilit\u00e0 sono luoghi e mezzi dove viene\u2026<\/p>\n<p class=\"continue-reading-button\"> <a class=\"continue-reading-link\" href=\"https:\/\/www.ilmondodeitreni.it\/blog\/?p=587\">Continua la lettura<i class=\"crycon-right-dir\"><\/i><\/a><\/p>\n","protected":false},"author":1,"featured_media":0,"comment_status":"open","ping_status":"open","sticky":false,"template":"","format":"standard","meta":{"footnotes":""},"categories":[2],"tags":[7,377,9,376,375],"class_list":["post-587","post","type-post","status-publish","format-standard","hentry","category-news","tag-atac","tag-metro-b","tag-roma","tag-street-art","tag-zerocalcare"],"_links":{"self":[{"href":"https:\/\/www.ilmondodeitreni.it\/blog\/index.php?rest_route=\/wp\/v2\/posts\/587","targetHints":{"allow":["GET"]}}],"collection":[{"href":"https:\/\/www.ilmondodeitreni.it\/blog\/index.php?rest_route=\/wp\/v2\/posts"}],"about":[{"href":"https:\/\/www.ilmondodeitreni.it\/blog\/index.php?rest_route=\/wp\/v2\/types\/post"}],"author":[{"embeddable":true,"href":"https:\/\/www.ilmondodeitreni.it\/blog\/index.php?rest_route=\/wp\/v2\/users\/1"}],"replies":[{"embeddable":true,"href":"https:\/\/www.ilmondodeitreni.it\/blog\/index.php?rest_route=%2Fwp%2Fv2%2Fcomments&post=587"}],"version-history":[{"count":1,"href":"https:\/\/www.ilmondodeitreni.it\/blog\/index.php?rest_route=\/wp\/v2\/posts\/587\/revisions"}],"predecessor-version":[{"id":589,"href":"https:\/\/www.ilmondodeitreni.it\/blog\/index.php?rest_route=\/wp\/v2\/posts\/587\/revisions\/589"}],"wp:attachment":[{"href":"https:\/\/www.ilmondodeitreni.it\/blog\/index.php?rest_route=%2Fwp%2Fv2%2Fmedia&parent=587"}],"wp:term":[{"taxonomy":"category","embeddable":true,"href":"https:\/\/www.ilmondodeitreni.it\/blog\/index.php?rest_route=%2Fwp%2Fv2%2Fcategories&post=587"},{"taxonomy":"post_tag","embeddable":true,"href":"https:\/\/www.ilmondodeitreni.it\/blog\/index.php?rest_route=%2Fwp%2Fv2%2Ftags&post=587"}],"curies":[{"name":"wp","href":"https:\/\/api.w.org\/{rel}","templated":true}]}}