{"id":5583,"date":"2017-03-03T17:57:06","date_gmt":"2017-03-03T16:57:06","guid":{"rendered":"http:\/\/www.ilmondodeitreni.it\/blog\/?p=5583"},"modified":"2017-03-01T18:02:45","modified_gmt":"2017-03-01T17:02:45","slug":"trenitalia-frecciarossa-dal-3-aprile-da-termoli-e-pescara-si-parte-la-mattina-verso-milano","status":"publish","type":"post","link":"https:\/\/www.ilmondodeitreni.it\/blog\/?p=5583","title":{"rendered":"Trenitalia, Frecciarossa: dal 3 aprile da Termoli e Pescara si parte la mattina verso Milano"},"content":{"rendered":"<p style=\"text-align: justify;\"><a href=\"http:\/\/www.ilmondodeitreni.it\/blog\/2017\/01\/18\/fs-italiane-acquisisce-trainose\/img_20170117_173702\/\" rel=\"attachment wp-att-5313\"><img loading=\"lazy\" decoding=\"async\" class=\"alignleft size-thumbnail wp-image-5313\" src=\"http:\/\/www.ilmondodeitreni.it\/blog\/wp-content\/uploads\/2017\/01\/IMG_20170117_173702-160x90.jpg\" alt=\"IMG_20170117_173702\" width=\"160\" height=\"90\" srcset=\"https:\/\/www.ilmondodeitreni.it\/blog\/wp-content\/uploads\/2017\/01\/IMG_20170117_173702-160x90.jpg 160w, https:\/\/www.ilmondodeitreni.it\/blog\/wp-content\/uploads\/2017\/01\/IMG_20170117_173702-640x359.jpg 640w, https:\/\/www.ilmondodeitreni.it\/blog\/wp-content\/uploads\/2017\/01\/IMG_20170117_173702-1024x575.jpg 1024w, https:\/\/www.ilmondodeitreni.it\/blog\/wp-content\/uploads\/2017\/01\/IMG_20170117_173702-300x168.jpg 300w\" sizes=\"auto, (max-width: 160px) 100vw, 160px\" \/><\/a>Nuovi orari per i due <i>Frecciarossa<\/i> che collegano Bari con Milano, per andare incontro alla clientela che si sposta, tipicamente per lavoro, verso Milano la mattina. Dal 3 aprile, infatti, il FR 9806 partir\u00e0 da Bari Centrale alle 6.35 e fermer\u00e0 a Termoli alle 8.23 ed a Pescara alle 9.11, permettendo di raggiungere la citt\u00e0 della Madonnina entro la tarda mattinata (13.20).<br \/>\nIl FR 9809, invece, partir\u00e0 da Milano Centrale alle 15.45 e fermer\u00e0 a Pescara alle 19.56 e a Termoli alle 20.44.<\/p>\n<p>I due <i>Frecciarossa<\/i> effettueranno fermate intermedie anche a Foggia, Rimini, Ancona e Bologna Centrale.<\/p>\n<p>I biglietti per i nuovi treni saranno in vendita su tutti i canali Trenitalia \u00a0a partire da gioved\u00ec 9 marzo.<\/p>\n","protected":false},"excerpt":{"rendered":"<p>Nuovi orari per i due Frecciarossa che collegano Bari con Milano, per andare incontro alla clientela che si sposta, tipicamente per lavoro, verso Milano la mattina. Dal 3 aprile, infatti, il FR 9806 partir\u00e0 da Bari Centrale alle 6.35 e fermer\u00e0 a Termoli alle 8.23 ed a Pescara alle 9.11, permettendo di raggiungere la citt\u00e0 della Madonnina entro la tarda mattinata (13.20). Il FR 9809, invece, partir\u00e0 da Milano Centrale\u2026<\/p>\n<p class=\"continue-reading-button\"> <a class=\"continue-reading-link\" href=\"https:\/\/www.ilmondodeitreni.it\/blog\/?p=5583\">Continua la lettura<i class=\"crycon-right-dir\"><\/i><\/a><\/p>\n","protected":false},"author":4,"featured_media":0,"comment_status":"open","ping_status":"open","sticky":false,"template":"","format":"standard","meta":{"footnotes":""},"categories":[2],"tags":[886,5,522,102,1051,23],"class_list":["post-5583","post","type-post","status-publish","format-standard","hentry","category-news","tag-comune-di-milano","tag-ferrovie","tag-foggia","tag-frecciarossa","tag-termoli","tag-trenitalia"],"_links":{"self":[{"href":"https:\/\/www.ilmondodeitreni.it\/blog\/index.php?rest_route=\/wp\/v2\/posts\/5583","targetHints":{"allow":["GET"]}}],"collection":[{"href":"https:\/\/www.ilmondodeitreni.it\/blog\/index.php?rest_route=\/wp\/v2\/posts"}],"about":[{"href":"https:\/\/www.ilmondodeitreni.it\/blog\/index.php?rest_route=\/wp\/v2\/types\/post"}],"author":[{"embeddable":true,"href":"https:\/\/www.ilmondodeitreni.it\/blog\/index.php?rest_route=\/wp\/v2\/users\/4"}],"replies":[{"embeddable":true,"href":"https:\/\/www.ilmondodeitreni.it\/blog\/index.php?rest_route=%2Fwp%2Fv2%2Fcomments&post=5583"}],"version-history":[{"count":1,"href":"https:\/\/www.ilmondodeitreni.it\/blog\/index.php?rest_route=\/wp\/v2\/posts\/5583\/revisions"}],"predecessor-version":[{"id":5584,"href":"https:\/\/www.ilmondodeitreni.it\/blog\/index.php?rest_route=\/wp\/v2\/posts\/5583\/revisions\/5584"}],"wp:attachment":[{"href":"https:\/\/www.ilmondodeitreni.it\/blog\/index.php?rest_route=%2Fwp%2Fv2%2Fmedia&parent=5583"}],"wp:term":[{"taxonomy":"category","embeddable":true,"href":"https:\/\/www.ilmondodeitreni.it\/blog\/index.php?rest_route=%2Fwp%2Fv2%2Fcategories&post=5583"},{"taxonomy":"post_tag","embeddable":true,"href":"https:\/\/www.ilmondodeitreni.it\/blog\/index.php?rest_route=%2Fwp%2Fv2%2Ftags&post=5583"}],"curies":[{"name":"wp","href":"https:\/\/api.w.org\/{rel}","templated":true}]}}