{"id":5101,"date":"2016-12-10T23:20:42","date_gmt":"2016-12-10T22:20:42","guid":{"rendered":"http:\/\/www.ilmondodeitreni.it\/blog\/?p=5101"},"modified":"2016-12-10T23:31:46","modified_gmt":"2016-12-10T22:31:46","slug":"fs-italiane-inaugurata-la-nuova-linea-av-brescia-treviglio","status":"publish","type":"post","link":"https:\/\/www.ilmondodeitreni.it\/blog\/?p=5101","title":{"rendered":"FS Italiane, inaugurata la nuova linea AV Brescia &#8211; Treviglio"},"content":{"rendered":"<p style=\"text-align: justify;\"><a href=\"http:\/\/www.ilmondodeitreni.it\/blog\/wp-content\/uploads\/2016\/12\/15285031.jpg\"><img loading=\"lazy\" decoding=\"async\" class=\"alignleft size-thumbnail wp-image-5102\" src=\"http:\/\/www.ilmondodeitreni.it\/blog\/wp-content\/uploads\/2016\/12\/15285031-160x120.jpg\" alt=\"15285031\" width=\"160\" height=\"120\" srcset=\"https:\/\/www.ilmondodeitreni.it\/blog\/wp-content\/uploads\/2016\/12\/15285031-160x120.jpg 160w, https:\/\/www.ilmondodeitreni.it\/blog\/wp-content\/uploads\/2016\/12\/15285031-640x480.jpg 640w, https:\/\/www.ilmondodeitreni.it\/blog\/wp-content\/uploads\/2016\/12\/15285031-200x150.jpg 200w, https:\/\/www.ilmondodeitreni.it\/blog\/wp-content\/uploads\/2016\/12\/15285031-300x225.jpg 300w, https:\/\/www.ilmondodeitreni.it\/blog\/wp-content\/uploads\/2016\/12\/15285031-150x113.jpg 150w, https:\/\/www.ilmondodeitreni.it\/blog\/wp-content\/uploads\/2016\/12\/15285031.jpg 960w\" sizes=\"auto, (max-width: 160px) 100vw, 160px\" \/><\/a>La nuova linea Alta Velocit\u00e0\/Alta Capacit\u00e0 Treviglio &#8211; Brescia \u00e8 operativa e, da domani 11 dicembre, sar\u00e0 aperta ai viaggi commerciali che in 36 minuti collegheranno la citt\u00e0 della Leonessa a Milano. Oggi al viaggio inaugurale, a bordo di un <em>Frecciarossa 1000<\/em>, ha partecipato il ministro delle Infrastrutture e dei Trasporti <strong>Graziano Delrio<\/strong>, accompagnato dai vertici del Gruppo FS Italiane, la presidente <strong>Gioia Ghezzi<\/strong> e l\u2019amministratore delegato e direttore generale <strong>Renato Mazzoncini<\/strong>. A bordo treno hanno viaggiato anche il governatore di Regione Lombardia, <strong>Roberto Maroni<\/strong>, il sindaco di Brescia,<strong> Emilio Del Bono<\/strong>, insieme ai vertici delle societ\u00e0 operative del Gruppo FS Italiane, <strong>Claudia Cattani <\/strong>(presidente RFI), <strong>Maurizio Gentile<\/strong> (Ad RFI), <strong>Barbara Morgante<\/strong> (Ad Trenitalia) e <strong>Riccardo Maria Monti<\/strong> (presidente Italferr). Presenti inoltre l\u2019assessore alle Infrastrutture e Mobilit\u00e0 di Regione Lombardia, <strong>Alessandro Sorte<\/strong>, il sindaco di Venezia, <strong>Luigi Brugnaro<\/strong>, il presidente di Cepav Due<strong> Franco Lombardi<\/strong>, e i sindaci dei Comuni attraversati dalla linea AV\/AC. La nuova linea AV\/AC Brescia &#8211; Milano \u00e8 un\u2019ulteriore tappa nella realizzazione del collegamento ferroviario AV\/AC Milano &#8211; Venezia e del <em>Core<\/em>\u00a0<em>Corridor<\/em>\u00a0TEN-T Mediterraneo, di cui \u00e8 parte integrante, che collega la Penisola iberica fino al confine ucraino e che in Italia si estende da Torino a Trieste. L\u2019investimento economico complessivo \u00e8 di circa 2 miliardi di euro. Il completamento della linea Brescia &#8211; Milano, dal 2007 \u00e8 gi\u00e0 in esercizio la sezione Milano &#8211; Treviglio, riduce i tempi di viaggio fra la citt\u00e0 della Leonessa e quella della Madonnina che scendono a 36 minuti dagli attuali 46 nella prima fase e a 30 al termine di tutti i lavori relativi alle interconnessioni. Inoltre, differenzia i flussi di traffico (alta velocit\u00e0, media e lunga percorrenza, regionali\/metropolitani e merci), garantendo una maggiore fluidit\u00e0, migliori standard di regolarit\u00e0 e puntualit\u00e0 del traffico ferroviario e una migliore affidabilit\u00e0 dell\u2019infrastruttura ferroviaria complessiva. Grazie all\u2019attivazione dell\u2019Alta Velocit\u00e0 tra Milano e Brescia cresce, con i treni <em>Frecciarossa<\/em> di Trenitalia, la possibilit\u00e0 di scelta anche nei viaggi da e per il Veneto, risparmiando circa 10 minuti sui tempi di viaggio sulla rotta Torino &#8211; Milano &#8211; Venezia. Inoltre, con l\u2019orario invernale 2016\/2017 di Trenitalia in vigore da domani 11 dicembre, Brescia avr\u00e0 un collegamento <em>Frecciarossa<\/em> giornaliero e diretto con Roma e Napoli. Ulteriore beneficio della nuova linea AV\/AC \u00e8 la capacit\u00e0 raddoppiata di slot orari a disposizione delle imprese ferroviarie, oltre a evidenti vantaggi anche per le numerose imprese ferroviarie di trasporto merci per i collegamenti nazionali e internazionali e con i principali poli industriali del Paese. Le prossime fasi per completare il collegamento alta velocit\u00e0 fra Milano e Venezia sono il primo lotto Brescia &#8211; Verona, con l\u2019inizio dei lavori programmato nella seconda met\u00e0 del 2017. Mentre per il secondo ed ultimo lotto Verona &#8211; Padova, il primo tratto di linea Verona &#8211; Bivio Vicenza vedr\u00e0 sempre nel 2017 l\u2019avvio dei cantieri.<\/p>\n","protected":false},"excerpt":{"rendered":"<p>La nuova linea Alta Velocit\u00e0\/Alta Capacit\u00e0 Treviglio &#8211; Brescia \u00e8 operativa e, da domani 11 dicembre, sar\u00e0 aperta ai viaggi commerciali che in 36 minuti collegheranno la citt\u00e0 della Leonessa a Milano. Oggi al viaggio inaugurale, a bordo di un Frecciarossa 1000, ha partecipato il ministro delle Infrastrutture e dei Trasporti Graziano Delrio, accompagnato dai vertici del Gruppo FS Italiane, la presidente Gioia Ghezzi e l\u2019amministratore delegato e direttore generale\u2026<\/p>\n<p class=\"continue-reading-button\"> <a class=\"continue-reading-link\" href=\"https:\/\/www.ilmondodeitreni.it\/blog\/?p=5101\">Continua la lettura<i class=\"crycon-right-dir\"><\/i><\/a><\/p>\n","protected":false},"author":10,"featured_media":0,"comment_status":"open","ping_status":"open","sticky":false,"template":"","format":"standard","meta":{"footnotes":""},"categories":[2],"tags":[2885,3564,3491,3565,5,2640,1423,3563,2255,770,34,3335,1406],"class_list":["post-5101","post","type-post","status-publish","format-standard","hentry","category-news","tag-barbara-morgante","tag-cepav-due","tag-claudia-cattani","tag-core-corridor-ten-t-mediterraneo","tag-ferrovie","tag-gioia-ghezzi","tag-graziano-delrio","tag-linea-alta-velocitaalta-capacita-treviglio-brescia","tag-luigi-brugnaro","tag-renato-mazzoncini","tag-rfi","tag-riccardo-maria-monti","tag-roberto-maroni"],"_links":{"self":[{"href":"https:\/\/www.ilmondodeitreni.it\/blog\/index.php?rest_route=\/wp\/v2\/posts\/5101","targetHints":{"allow":["GET"]}}],"collection":[{"href":"https:\/\/www.ilmondodeitreni.it\/blog\/index.php?rest_route=\/wp\/v2\/posts"}],"about":[{"href":"https:\/\/www.ilmondodeitreni.it\/blog\/index.php?rest_route=\/wp\/v2\/types\/post"}],"author":[{"embeddable":true,"href":"https:\/\/www.ilmondodeitreni.it\/blog\/index.php?rest_route=\/wp\/v2\/users\/10"}],"replies":[{"embeddable":true,"href":"https:\/\/www.ilmondodeitreni.it\/blog\/index.php?rest_route=%2Fwp%2Fv2%2Fcomments&post=5101"}],"version-history":[{"count":1,"href":"https:\/\/www.ilmondodeitreni.it\/blog\/index.php?rest_route=\/wp\/v2\/posts\/5101\/revisions"}],"predecessor-version":[{"id":5103,"href":"https:\/\/www.ilmondodeitreni.it\/blog\/index.php?rest_route=\/wp\/v2\/posts\/5101\/revisions\/5103"}],"wp:attachment":[{"href":"https:\/\/www.ilmondodeitreni.it\/blog\/index.php?rest_route=%2Fwp%2Fv2%2Fmedia&parent=5101"}],"wp:term":[{"taxonomy":"category","embeddable":true,"href":"https:\/\/www.ilmondodeitreni.it\/blog\/index.php?rest_route=%2Fwp%2Fv2%2Fcategories&post=5101"},{"taxonomy":"post_tag","embeddable":true,"href":"https:\/\/www.ilmondodeitreni.it\/blog\/index.php?rest_route=%2Fwp%2Fv2%2Ftags&post=5101"}],"curies":[{"name":"wp","href":"https:\/\/api.w.org\/{rel}","templated":true}]}}