{"id":5054,"date":"2016-12-01T21:20:42","date_gmt":"2016-12-01T20:20:42","guid":{"rendered":"http:\/\/www.ilmondodeitreni.it\/blog\/?p=5054"},"modified":"2016-12-01T21:20:42","modified_gmt":"2016-12-01T20:20:42","slug":"le-freccedal-2017-aumentano-i-collegamenti","status":"publish","type":"post","link":"https:\/\/www.ilmondodeitreni.it\/blog\/?p=5054","title":{"rendered":"Le Frecce:dal 2017 aumentano i collegamenti"},"content":{"rendered":"<p style=\"text-align: justify;\"><a href=\"http:\/\/www.ilmondodeitreni.it\/blog\/wp-content\/uploads\/2016\/05\/13293335_1125236430874343_804226355_n.jpg\"><img loading=\"lazy\" decoding=\"async\" class=\"alignleft size-thumbnail wp-image-4318\" src=\"http:\/\/www.ilmondodeitreni.it\/blog\/wp-content\/uploads\/2016\/05\/13293335_1125236430874343_804226355_n-160x120.jpg\" alt=\"13293335_1125236430874343_804226355_n\" width=\"160\" height=\"120\" srcset=\"https:\/\/www.ilmondodeitreni.it\/blog\/wp-content\/uploads\/2016\/05\/13293335_1125236430874343_804226355_n-160x120.jpg 160w, https:\/\/www.ilmondodeitreni.it\/blog\/wp-content\/uploads\/2016\/05\/13293335_1125236430874343_804226355_n-640x480.jpg 640w, https:\/\/www.ilmondodeitreni.it\/blog\/wp-content\/uploads\/2016\/05\/13293335_1125236430874343_804226355_n-200x150.jpg 200w, https:\/\/www.ilmondodeitreni.it\/blog\/wp-content\/uploads\/2016\/05\/13293335_1125236430874343_804226355_n-300x225.jpg 300w, https:\/\/www.ilmondodeitreni.it\/blog\/wp-content\/uploads\/2016\/05\/13293335_1125236430874343_804226355_n-150x113.jpg 150w, https:\/\/www.ilmondodeitreni.it\/blog\/wp-content\/uploads\/2016\/05\/13293335_1125236430874343_804226355_n.jpg 800w\" sizes=\"auto, (max-width: 160px) 100vw, 160px\" \/><\/a>L\u2019Alta Velocit\u00e0 targata Trenitalia conquista un altro record: in un anno i passeggeri dei <em>Frecciarossa<\/em> e dei<em>Frecciargento<\/em> sono aumentati del 4%. A fine 2016 saranno oltre 63 milioni i viaggi compiuti su tutti i treni nazionali <em>Frecce<\/em> e <em>Intercity<\/em>. Il<span style=\"font-size: 16px;\">\u00a0nuovo orario Trenitalia, in vigore da domenica 11 dicembre, asseconder\u00e0 questa crescente domanda e ne stimoler\u00e0 altra, proponendosi come volano per il turismo e le attivit\u00e0 produttive di molti capoluoghi del Paese.<\/span><span style=\"font-size: 16px;\">\u00a0Lo far\u00e0, sul fronte dei servizi a mercato, programmati da Trenitalia in piena autonomia e senza contribuzioni pubbliche, inaugurando nuove rotte, aumentando le corse dei<\/span><em style=\"font-size: 16px;\">Frecciarossa<\/em><span style=\"font-size: 16px;\">, grazie alla fornitura dei<\/span><em style=\"font-size: 16px;\">Frecciarossa<\/em><span style=\"font-size: 16px;\"> 1000 che prosegue e si completer\u00e0 nella primavera 2017, riducendo i tempi di viaggio sulle direttrici Milano \u2013 Venezia e Roma \u2013 Reggio Calabria, ampliando il network dei <\/span><em style=\"font-size: 16px;\">FRECCIA<\/em><span style=\"font-size: 16px;\">Link, i servizi integrati<\/span><em style=\"font-size: 16px;\">Freccia<\/em><span style=\"font-size: 16px;\">+Bus.<\/span><span style=\"font-size: 16px;\">\u00a0I clienti potranno contare su altre quattro corse <\/span><em style=\"font-size: 16px;\">Frecciarossa<\/em><span style=\"font-size: 16px;\"> tra Roma e Milano, e arriveranno quindi a disporre di\u00a0 94 collegamenti veloci giornalieri tra le due citt\u00e0; vedranno velocizzata la rotta Torino \u2013 Milano \u2013 Venezia grazie all\u2019estensione dei servizi <\/span><em style=\"font-size: 16px;\">Frecciarossa<\/em><span style=\"font-size: 16px;\">, che saliranno a 30 al giorno, e all\u2019apertura della tratta ad Alta Velocit\u00e0 Milano \u2013 Brescia (10 minuti in meno tra Milano e Venezia) e potranno beneficiare della riduzione di 30 minuti nel viaggio in<\/span><em style=\"font-size: 16px;\">Frecciargento<\/em><span style=\"font-size: 16px;\"> tra Roma e Reggio Calabria.\u00a0<\/span><span style=\"font-size: 16px;\">Tra le principali novit\u00e0 dell\u2019orario 2017 ci sono anche l\u2019avvio di una nuova rotta veloce tra Bergamo e Roma e di una tra Roma e Arezzo; il potenziamento e miglioramento negli orari delle corse Brescia \u2013 Roma \u2013 Napoli e Mantova \u2013 Roma, che consentiranno un\u2019andata e ritorno in giornata, e concederanno oltre otto ore di permanenza nella Capitale; l\u2019inaugurazione di tre nuove corse<\/span><em style=\"font-size: 16px;\">FRECCIA<\/em><span style=\"font-size: 16px;\">Link con Courmayeur, Madonna di Campiglio e Cortina, operative nei fine settimana invernali.<\/span><span style=\"font-size: 16px;\">\u00a0Sar\u00e0 possibile acquistare i nuovi servizi integrati, con un unico biglietto, in tutti i canali di vendita Trenitalia, alla stregua di quanto gi\u00e0 accade da questa estate con Perugia, Siena, L\u2019Aquila, Potenza e Matera. I<\/span><em style=\"font-size: 16px;\">FRECCIA<\/em><span style=\"font-size: 16px;\">Link estenderanno quindi i plus di velocit\u00e0 e comfort delle <\/span><em style=\"font-size: 16px;\">Frecce<\/em><span style=\"font-size: 16px;\">a tre mete sciistiche tra le pi\u00f9 gettonate delle nostre Alpi. La connessione fra treno e bus da 50 posti avverr\u00e0 nelle stazioni di Torino per Courmayeur; Verona e Trento per Madonna di Campiglio e Venezia Mestre per Cortina.\u00a0<\/span><span style=\"font-size: 16px;\">La sfida di Trenitalia, con i\u00a0<\/span><em style=\"font-size: 16px;\">FRECCIA<\/em><span style=\"font-size: 16px;\">Link e con l\u2019intera programmazione oraria 2017, \u00e8 incentivare una mobilit\u00e0 sicura, sostenibile e conveniente come dimostrano i confronti fra treno, auto privata e aereo che vedono il primo superare ampiamente gli altri due competitor sia per i ridotti costi del viaggio sia per le minori emissioni di CO<\/span><sub>2<\/sub><span style=\"font-size: 16px;\">.<\/span><span style=\"font-size: 16px;\">\u00a0A migliorare l\u2019esperienza di viaggio dei clienti Trenitalia concorrono anche servizi ancillari quali \u201cBagaglio Facile\u201d in collaborazione con TNT, per spedire comodamente a destinazione le proprie valigie, o \u201cNoleggio Facile\u201d, realizzato con Maggiore, per completare l\u2019ultimo miglio in auto a prezzi speciali. O, ancora, le attenzioni riservate a bordo ai clienti celiaci, introducendo, in collaborazione con l\u2019Associazione Italiana Celiachia (AIC), un servizio di catering con menu \u201cgluten free\u201d. Speciali<\/span><span style=\"font-size: 16px;\">\u00a0promozioni, a partire dal 2&#215;1 previsto per i viaggi del 24, 25, 26 e 31 dicembre, e per quelli dell\u20191, 6 e 7 gennaio 2017, costituiranno un ulteriore input a muoversi con le<\/span><em style=\"font-size: 16px;\">Frecce<\/em><span style=\"font-size: 16px;\"> Trenitalia.<\/span><\/p>\n","protected":false},"excerpt":{"rendered":"<p>L\u2019Alta Velocit\u00e0 targata Trenitalia conquista un altro record: in un anno i passeggeri dei Frecciarossa e deiFrecciargento sono aumentati del 4%. A fine 2016 saranno oltre 63 milioni i viaggi compiuti su tutti i treni nazionali Frecce e Intercity. Il\u00a0nuovo orario Trenitalia, in vigore da domenica 11 dicembre, asseconder\u00e0 questa crescente domanda e ne stimoler\u00e0 altra, proponendosi come volano per il turismo e le attivit\u00e0 produttive di molti capoluoghi del\u2026<\/p>\n<p class=\"continue-reading-button\"> <a class=\"continue-reading-link\" href=\"https:\/\/www.ilmondodeitreni.it\/blog\/?p=5054\">Continua la lettura<i class=\"crycon-right-dir\"><\/i><\/a><\/p>\n","protected":false},"author":1,"featured_media":0,"comment_status":"open","ping_status":"open","sticky":false,"template":"","format":"standard","meta":{"footnotes":""},"categories":[2],"tags":[179,5,3209,1468,59,9,3461,23],"class_list":["post-5054","post","type-post","status-publish","format-standard","hentry","category-news","tag-alta-velocita","tag-ferrovie","tag-freccialink","tag-frecciarossa-1000","tag-milano","tag-roma","tag-tnt","tag-trenitalia"],"_links":{"self":[{"href":"https:\/\/www.ilmondodeitreni.it\/blog\/index.php?rest_route=\/wp\/v2\/posts\/5054","targetHints":{"allow":["GET"]}}],"collection":[{"href":"https:\/\/www.ilmondodeitreni.it\/blog\/index.php?rest_route=\/wp\/v2\/posts"}],"about":[{"href":"https:\/\/www.ilmondodeitreni.it\/blog\/index.php?rest_route=\/wp\/v2\/types\/post"}],"author":[{"embeddable":true,"href":"https:\/\/www.ilmondodeitreni.it\/blog\/index.php?rest_route=\/wp\/v2\/users\/1"}],"replies":[{"embeddable":true,"href":"https:\/\/www.ilmondodeitreni.it\/blog\/index.php?rest_route=%2Fwp%2Fv2%2Fcomments&post=5054"}],"version-history":[{"count":1,"href":"https:\/\/www.ilmondodeitreni.it\/blog\/index.php?rest_route=\/wp\/v2\/posts\/5054\/revisions"}],"predecessor-version":[{"id":5055,"href":"https:\/\/www.ilmondodeitreni.it\/blog\/index.php?rest_route=\/wp\/v2\/posts\/5054\/revisions\/5055"}],"wp:attachment":[{"href":"https:\/\/www.ilmondodeitreni.it\/blog\/index.php?rest_route=%2Fwp%2Fv2%2Fmedia&parent=5054"}],"wp:term":[{"taxonomy":"category","embeddable":true,"href":"https:\/\/www.ilmondodeitreni.it\/blog\/index.php?rest_route=%2Fwp%2Fv2%2Fcategories&post=5054"},{"taxonomy":"post_tag","embeddable":true,"href":"https:\/\/www.ilmondodeitreni.it\/blog\/index.php?rest_route=%2Fwp%2Fv2%2Ftags&post=5054"}],"curies":[{"name":"wp","href":"https:\/\/api.w.org\/{rel}","templated":true}]}}