{"id":4964,"date":"2016-11-17T23:08:04","date_gmt":"2016-11-17T22:08:04","guid":{"rendered":"http:\/\/www.ilmondodeitreni.it\/blog\/?p=4964"},"modified":"2016-11-17T23:08:04","modified_gmt":"2016-11-17T22:08:04","slug":"terna-e-rfi-insieme-per-lenergia-sostenibile","status":"publish","type":"post","link":"https:\/\/www.ilmondodeitreni.it\/blog\/?p=4964","title":{"rendered":"Terna e RFI insieme per l&#8217;energia sostenibile"},"content":{"rendered":"<p style=\"text-align: justify;\"><a href=\"http:\/\/www.ilmondodeitreni.it\/blog\/wp-content\/uploads\/2016\/11\/E402b132_settebagni.jpg\"><img loading=\"lazy\" decoding=\"async\" class=\"alignleft size-thumbnail wp-image-4965\" src=\"http:\/\/www.ilmondodeitreni.it\/blog\/wp-content\/uploads\/2016\/11\/E402b132_settebagni-160x120.jpg\" alt=\"e402b132_settebagni\" width=\"160\" height=\"120\" srcset=\"https:\/\/www.ilmondodeitreni.it\/blog\/wp-content\/uploads\/2016\/11\/E402b132_settebagni-160x120.jpg 160w, https:\/\/www.ilmondodeitreni.it\/blog\/wp-content\/uploads\/2016\/11\/E402b132_settebagni-200x150.jpg 200w, https:\/\/www.ilmondodeitreni.it\/blog\/wp-content\/uploads\/2016\/11\/E402b132_settebagni-300x225.jpg 300w, https:\/\/www.ilmondodeitreni.it\/blog\/wp-content\/uploads\/2016\/11\/E402b132_settebagni-150x113.jpg 150w, https:\/\/www.ilmondodeitreni.it\/blog\/wp-content\/uploads\/2016\/11\/E402b132_settebagni.jpg 640w\" sizes=\"auto, (max-width: 160px) 100vw, 160px\" \/><\/a>L\u2019Amministratore Delegato di TERNA S.p.A. (Terna), <b>Matteo Del Fante<\/b> e l\u2019Amministratore Delegato e Direttore Generale di Rete Ferroviaria Italiana S.p.A. (RFI), <b>Maurizio Gentile<\/b>, hanno firmato una Lettera di Intenti con l\u2019obiettivo di collaborare per la individuazione e la realizzazione di iniziative di interesse comune in materia di energie rinnovabili in Italia.\u00a0In particolare, l\u2019accordo prevede lo sviluppo da parte delle due societ\u00e0 di un progetto volto alla realizzazione di impianti fotovoltaici che alimenteranno con energia pulita i consumi elettrici di RFI. In base all\u2019accordo, si prevede di identificare aree su cui costruire impianti fotovoltaici per una potenza fino a un massimo di 200 MW, che garantiranno a Rete Ferroviaria Italiana una produzione di energia pulita fino a circa 300 GWh l\u2019anno.<br \/>\nTra i siti potenzialmente idonei per la localizzazione degli impianti sono stati individuati anche alcuni in Sardegna nell\u2019area di Cagliari (Villasor, Selargius) e in quella di Nuoro (Bolotana). Il progetto allo studio di Terna e RFI potrebbe costituire la prima grande operazione nel settore dell\u2019energia fotovoltaica in Italia ad essere realizzata in un contesto di \u201cgrid parity\u201d, in assenza cio\u00e8 di incentivi statali e, quindi, contrariamente al passato, senza oneri aggiuntivi per famiglie e imprese.<br \/>\nL\u2019iniziativa si inquadra nel pi\u00f9 ampio contesto della collaborazione tra le due aziende avviata nel 2015 con l\u2019acquisizione da parte di Terna della rete in Alta Tensione del Gruppo di Ferrovie dello Stato Italiane S.p.A., che prevede lo sviluppo di numerose attivit\u00e0 finalizzate a cogliere le sinergie esistenti, in particolare per quanto attiene le aree e le infrastrutture di confine e di interfaccia.<\/p>\n<p>\u201cQuesto accordo &#8211; ha dichiarato l\u2019Amministratore Delegato di Terna, <b>Matteo Del Fante <\/b>&#8211; \u00e8 di grande valore per lo sviluppo sostenibile. Il fatto che un\u2019iniziativa cos\u00ec importante venga realizzata in un regime di grid parity, cio\u00e8 senza incentivi, significa offrire un beneficio alla collettivit\u00e0 in termini di sfruttamento di energie pulite senza alcun costo per il sistema elettrico nazionale. Un\u2019importante iniziativa industriale tra due grandi operatori di rete che lavorano insieme per contribuire a costruire il futuro dell\u2019energia. Una sinergia nata meno di un anno fa con l\u2019acquisto da parte di Terna della rete di FS e che oggi sta continuando a dare i suoi frutti\u201d.<\/p>\n<p>\u201cL\u2019accordo firmato oggi &#8211; ha sottolineato l\u2019Amministratore Delegato e Direttore Generale di RFI, <b>Maurizio Gentile<\/b> &#8211; conferma la nostra forte attenzione verso l\u2019ambiente con l\u2019obiettivo di consolidare il treno come mezzo di trasporto condiviso pi\u00f9 sostenibile ecologicamente. La Lettera di Intenti sottoscritta con Terna rientra fra le attivit\u00e0 previste dalle politiche ambientali di RFI, che si pone l\u2019obiettivo di ridurre i consumi energetici della trazione elettrica dei treni, nelle stazioni, nella segnaletica ferroviaria e negli ambienti di lavoro sostituendo l\u2019illuminazione tradizionale con quella a led. Nei cantieri ferroviari, poi, \u00e8 sempre pi\u00f9 frequente l\u2019utilizzo di materiali riciclabili\u201d.<\/p>\n","protected":false},"excerpt":{"rendered":"<p>L\u2019Amministratore Delegato di TERNA S.p.A. (Terna), Matteo Del Fante e l\u2019Amministratore Delegato e Direttore Generale di Rete Ferroviaria Italiana S.p.A. (RFI), Maurizio Gentile, hanno firmato una Lettera di Intenti con l\u2019obiettivo di collaborare per la individuazione e la realizzazione di iniziative di interesse comune in materia di energie rinnovabili in Italia.\u00a0In particolare, l\u2019accordo prevede lo sviluppo da parte delle due societ\u00e0 di un progetto volto alla realizzazione di impianti fotovoltaici\u2026<\/p>\n<p class=\"continue-reading-button\"> <a class=\"continue-reading-link\" href=\"https:\/\/www.ilmondodeitreni.it\/blog\/?p=4964\">Continua la lettura<i class=\"crycon-right-dir\"><\/i><\/a><\/p>\n","protected":false},"author":10,"featured_media":0,"comment_status":"open","ping_status":"open","sticky":false,"template":"","format":"standard","meta":{"footnotes":""},"categories":[2],"tags":[1450,3512,1313,3511,333,34,448,669],"class_list":["post-4964","post","type-post","status-publish","format-standard","hentry","category-news","tag-ambiente","tag-energia","tag-fotovoltaico","tag-matteo-del-fante","tag-maurizio-gentile","tag-rfi","tag-sardegna","tag-terna"],"_links":{"self":[{"href":"https:\/\/www.ilmondodeitreni.it\/blog\/index.php?rest_route=\/wp\/v2\/posts\/4964","targetHints":{"allow":["GET"]}}],"collection":[{"href":"https:\/\/www.ilmondodeitreni.it\/blog\/index.php?rest_route=\/wp\/v2\/posts"}],"about":[{"href":"https:\/\/www.ilmondodeitreni.it\/blog\/index.php?rest_route=\/wp\/v2\/types\/post"}],"author":[{"embeddable":true,"href":"https:\/\/www.ilmondodeitreni.it\/blog\/index.php?rest_route=\/wp\/v2\/users\/10"}],"replies":[{"embeddable":true,"href":"https:\/\/www.ilmondodeitreni.it\/blog\/index.php?rest_route=%2Fwp%2Fv2%2Fcomments&post=4964"}],"version-history":[{"count":1,"href":"https:\/\/www.ilmondodeitreni.it\/blog\/index.php?rest_route=\/wp\/v2\/posts\/4964\/revisions"}],"predecessor-version":[{"id":4966,"href":"https:\/\/www.ilmondodeitreni.it\/blog\/index.php?rest_route=\/wp\/v2\/posts\/4964\/revisions\/4966"}],"wp:attachment":[{"href":"https:\/\/www.ilmondodeitreni.it\/blog\/index.php?rest_route=%2Fwp%2Fv2%2Fmedia&parent=4964"}],"wp:term":[{"taxonomy":"category","embeddable":true,"href":"https:\/\/www.ilmondodeitreni.it\/blog\/index.php?rest_route=%2Fwp%2Fv2%2Fcategories&post=4964"},{"taxonomy":"post_tag","embeddable":true,"href":"https:\/\/www.ilmondodeitreni.it\/blog\/index.php?rest_route=%2Fwp%2Fv2%2Ftags&post=4964"}],"curies":[{"name":"wp","href":"https:\/\/api.w.org\/{rel}","templated":true}]}}