{"id":4876,"date":"2016-11-02T23:39:28","date_gmt":"2016-11-02T22:39:28","guid":{"rendered":"http:\/\/www.ilmondodeitreni.it\/blog\/?p=4876"},"modified":"2016-10-31T22:42:39","modified_gmt":"2016-10-31T21:42:39","slug":"germania-alstom-fornira-24-treni-coradia-continental-a-db-regio","status":"publish","type":"post","link":"https:\/\/www.ilmondodeitreni.it\/blog\/?p=4876","title":{"rendered":"Germania: Alstom fornir\u00e0 24 treni Coradia Continental a DB Regio"},"content":{"rendered":"<p style=\"text-align: justify;\"><a href=\"http:\/\/www.ilmondodeitreni.it\/blog\/wp-content\/uploads\/2016\/05\/ETR425027_reg24257scv.jpg\"><img loading=\"lazy\" decoding=\"async\" class=\"alignleft size-thumbnail wp-image-4327\" src=\"http:\/\/www.ilmondodeitreni.it\/blog\/wp-content\/uploads\/2016\/05\/ETR425027_reg24257scv-160x107.jpg\" alt=\"ETR425027_reg24257scv\" width=\"160\" height=\"107\" srcset=\"https:\/\/www.ilmondodeitreni.it\/blog\/wp-content\/uploads\/2016\/05\/ETR425027_reg24257scv-160x107.jpg 160w, https:\/\/www.ilmondodeitreni.it\/blog\/wp-content\/uploads\/2016\/05\/ETR425027_reg24257scv-640x426.jpg 640w, https:\/\/www.ilmondodeitreni.it\/blog\/wp-content\/uploads\/2016\/05\/ETR425027_reg24257scv-225x150.jpg 225w, https:\/\/www.ilmondodeitreni.it\/blog\/wp-content\/uploads\/2016\/05\/ETR425027_reg24257scv-300x200.jpg 300w, https:\/\/www.ilmondodeitreni.it\/blog\/wp-content\/uploads\/2016\/05\/ETR425027_reg24257scv-150x100.jpg 150w, https:\/\/www.ilmondodeitreni.it\/blog\/wp-content\/uploads\/2016\/05\/ETR425027_reg24257scv.jpg 800w\" sizes=\"auto, (max-width: 160px) 100vw, 160px\" \/><\/a>DB Regio ha assegnato ad Alstom un contratto, del valore di 130 milioni di euro, per la fornitura di 24 Coradia Continental. I treni suburbani saranno operativi sul network German Breisgau S-Bahn, nella regione del Baden-W\u00fcrttemberg, in Germania Meridionale. I treni saranno costruiti nello stabilimento Alstom di Salzgitter.\u201cSiamo lieti che DB Regio abbia nuovamente scelto il nostra Coradia Continental. Si tratta di un treno ecologico realizzato al 90 per cento con materiali riciclabili. Con il Coradia Continental, Alstom contribuir\u00e0 allo sviluppo della mobilit\u00e0 sostenibile nello stato tedesco del Baden W\u00fcrttemberg \u201c, ha detto Didier Pfleger, Vice Presidente per Alstom in Germania e Austria. Dal 2008, Coradia Continental di Alstom \u00e8 utilizzato con successo da sette diversi clienti in Germania. In totale, nel paese operano 222 treni Coradia Continental, dei quali oltre 100 sono stati ordinati da DB Regio, e circolano negli stati tedeschi della Baviera e del Nord-Reno-Westfalia. La societ\u00e0 impiegher\u00e0 i nuovi veicoli nello stato tedesco del Baden-W\u00fcrttemberg sulle linee Freiburg \u2013 Endingen\/Breisach, Freiburg \u2013 Titisee \u2013 Donaueschingen \u2013 Villingen and Freiburg \u2013 Titisee \u2013 Seebrugg.\u00a0 L\u2019unit\u00e0 multipla elettrica Coradia Continental di Alstom pu\u00f2 raggiungere una velocit\u00e0 di esercizio pari a 160 km \/ h. Fornisce una eccellente accelerazione, riducendo i tempi di percorrenza. I convogli three\/four-car hanno rispettivamente una capacit\u00e0 passeggeri di 164 o 249 posti ciascuna. Particolare attenzione \u00e8 stata dedicata al comfort dei passeggeri: spazi polifunzionali offrono aree per sedie a rotelle, biciclette e carrozzine. Il Coradia Continental \u00e8 dotato di Wi-Fi, prese elettriche, videocamere e un sistema di informazioni per i passeggeri in tempo reale. Il Coradia Continental appartiene alla gamma di treni modulari Coradia di Alstom. Pi\u00f9 di 2.400 treni Coradia sono stati venduti finora, e 1.900 sono attualmente in circolazione in Danimarca, Francia, Germania, Italia, Lussemburgo, Paesi Bassi, Portogallo, Spagna, Svezia e Canada<\/p>\n","protected":false},"excerpt":{"rendered":"<p>DB Regio ha assegnato ad Alstom un contratto, del valore di 130 milioni di euro, per la fornitura di 24 Coradia Continental. I treni suburbani saranno operativi sul network German Breisgau S-Bahn, nella regione del Baden-W\u00fcrttemberg, in Germania Meridionale. I treni saranno costruiti nello stabilimento Alstom di Salzgitter.\u201cSiamo lieti che DB Regio abbia nuovamente scelto il nostra Coradia Continental. Si tratta di un treno ecologico realizzato al 90 per cento\u2026<\/p>\n<p class=\"continue-reading-button\"> <a class=\"continue-reading-link\" href=\"https:\/\/www.ilmondodeitreni.it\/blog\/?p=4876\">Continua la lettura<i class=\"crycon-right-dir\"><\/i><\/a><\/p>\n","protected":false},"author":6,"featured_media":0,"comment_status":"open","ping_status":"open","sticky":false,"template":"","format":"standard","meta":{"footnotes":""},"categories":[11],"tags":[83,2687,3476,3477,5,72],"class_list":["post-4876","post","type-post","status-publish","format-standard","hentry","category-news-estero","tag-alstom","tag-baden-wurttemberg","tag-db-regio","tag-didier-pfleger","tag-ferrovie","tag-germania"],"_links":{"self":[{"href":"https:\/\/www.ilmondodeitreni.it\/blog\/index.php?rest_route=\/wp\/v2\/posts\/4876","targetHints":{"allow":["GET"]}}],"collection":[{"href":"https:\/\/www.ilmondodeitreni.it\/blog\/index.php?rest_route=\/wp\/v2\/posts"}],"about":[{"href":"https:\/\/www.ilmondodeitreni.it\/blog\/index.php?rest_route=\/wp\/v2\/types\/post"}],"author":[{"embeddable":true,"href":"https:\/\/www.ilmondodeitreni.it\/blog\/index.php?rest_route=\/wp\/v2\/users\/6"}],"replies":[{"embeddable":true,"href":"https:\/\/www.ilmondodeitreni.it\/blog\/index.php?rest_route=%2Fwp%2Fv2%2Fcomments&post=4876"}],"version-history":[{"count":1,"href":"https:\/\/www.ilmondodeitreni.it\/blog\/index.php?rest_route=\/wp\/v2\/posts\/4876\/revisions"}],"predecessor-version":[{"id":4877,"href":"https:\/\/www.ilmondodeitreni.it\/blog\/index.php?rest_route=\/wp\/v2\/posts\/4876\/revisions\/4877"}],"wp:attachment":[{"href":"https:\/\/www.ilmondodeitreni.it\/blog\/index.php?rest_route=%2Fwp%2Fv2%2Fmedia&parent=4876"}],"wp:term":[{"taxonomy":"category","embeddable":true,"href":"https:\/\/www.ilmondodeitreni.it\/blog\/index.php?rest_route=%2Fwp%2Fv2%2Fcategories&post=4876"},{"taxonomy":"post_tag","embeddable":true,"href":"https:\/\/www.ilmondodeitreni.it\/blog\/index.php?rest_route=%2Fwp%2Fv2%2Ftags&post=4876"}],"curies":[{"name":"wp","href":"https:\/\/api.w.org\/{rel}","templated":true}]}}