{"id":4647,"date":"2016-08-31T22:36:27","date_gmt":"2016-08-31T20:36:27","guid":{"rendered":"http:\/\/www.ilmondodeitreni.it\/blog\/?p=4647"},"modified":"2016-08-31T22:36:27","modified_gmt":"2016-08-31T20:36:27","slug":"estate-2016-in-vacanza-con-il-proprio-cane-oltre-35mila-sulle-frecce-trenitalia","status":"publish","type":"post","link":"https:\/\/www.ilmondodeitreni.it\/blog\/?p=4647","title":{"rendered":"Estate 2016, in vacanza con il proprio cane: oltre 35mila sulle Frecce Trenitalia"},"content":{"rendered":"<p style=\"text-align: justify;\"><a href=\"http:\/\/www.ilmondodeitreni.it\/blog\/wp-content\/uploads\/2015\/06\/ETR600_scv002-Copia.jpg\"><img loading=\"lazy\" decoding=\"async\" class=\"alignleft size-thumbnail wp-image-2296\" src=\"http:\/\/www.ilmondodeitreni.it\/blog\/wp-content\/uploads\/2015\/06\/ETR600_scv002-Copia-160x107.jpg\" alt=\"ETR600_scv002 - Copia\" width=\"160\" height=\"107\" srcset=\"https:\/\/www.ilmondodeitreni.it\/blog\/wp-content\/uploads\/2015\/06\/ETR600_scv002-Copia-160x107.jpg 160w, https:\/\/www.ilmondodeitreni.it\/blog\/wp-content\/uploads\/2015\/06\/ETR600_scv002-Copia.jpg 640w, https:\/\/www.ilmondodeitreni.it\/blog\/wp-content\/uploads\/2015\/06\/ETR600_scv002-Copia-225x150.jpg 225w, https:\/\/www.ilmondodeitreni.it\/blog\/wp-content\/uploads\/2015\/06\/ETR600_scv002-Copia-150x100.jpg 150w\" sizes=\"auto, (max-width: 160px) 100vw, 160px\" \/><\/a>\u00c8 stato un vero successo l\u2019iniziativa di Trenitalia che ha permesso ai cani di media e grossa taglia di viaggiare ad agosto su Frecce e Intercity al prezzo simbolico di 5 euro. Sono stati infatti circa 16imila i ticket staccati in tutto il mese, mentre oltre 35mila sono i viaggi complessivi durante tutta l\u2019estate, includendo le prenotazioni gi\u00e0 effettuate per settembre. Numeri record che vanno associati a quelli, impossibili da contabilizzare, relativi ai cani di piccola taglia, ai gatti e agli altri animali domestici da compagnia che hanno viaggiato gratis nei trasportini, in prima e seconda classe dei <i>Frecciargento<\/i>, <i>Frecciabianca<\/i> e Intercity, e in Executive, Business, Premium e Standard del <i id=\"yui_3_16_0_ym19_1_1472653015565_2378\">Frecciarossa.<\/i>. Stiamo parlando, in ogni caso, di decine di migliaia di piccoli animali che hanno potuto seguire la loro famiglia in vacanza. Sottratti al rischio, non infrequente, dell\u2019abbandono. Interessante geolocalizzare i viaggi monitorabili, ossia quelli dei cani di media e grossa taglia. Sono cinque le regioni da cui hanno avuto origine la stragrande maggioranza di questi viaggi, circa due su tre. E sono la Lombardia (19,4%), il Lazio (14,8%), la Campania (11,7%),\u00a0 l\u2019Emilia Romagna (10,4%) e la Puglia (8%). Seguono, ciascuna con una percentuale di poco superiore al 5% del totale, Toscana, Piemonte, Calabria e Veneto. Tra le citt\u00e0, origine o destinazione dei viaggi estivi di Fido, il podio pi\u00f9 alto spetta a Milano e, tra le rotte pi\u00f9 frequentate la graduatoria vede primeggiare Milano \u2013 Napoli, seguita nell\u2019ordine da Milano \u2013 Roma e da Milano \u2013 Rimini, Roma \u2013 Napoli, Milano \u2013 Lecce.<\/p>\n","protected":false},"excerpt":{"rendered":"<p>\u00c8 stato un vero successo l\u2019iniziativa di Trenitalia che ha permesso ai cani di media e grossa taglia di viaggiare ad agosto su Frecce e Intercity al prezzo simbolico di 5 euro. Sono stati infatti circa 16imila i ticket staccati in tutto il mese, mentre oltre 35mila sono i viaggi complessivi durante tutta l\u2019estate, includendo le prenotazioni gi\u00e0 effettuate per settembre. Numeri record che vanno associati a quelli, impossibili da\u2026<\/p>\n<p class=\"continue-reading-button\"> <a class=\"continue-reading-link\" href=\"https:\/\/www.ilmondodeitreni.it\/blog\/?p=4647\">Continua la lettura<i class=\"crycon-right-dir\"><\/i><\/a><\/p>\n","protected":false},"author":10,"featured_media":0,"comment_status":"open","ping_status":"open","sticky":false,"template":"","format":"standard","meta":{"footnotes":""},"categories":[2],"tags":[3225,1052,102,23],"class_list":["post-4647","post","type-post","status-publish","format-standard","hentry","category-news","tag-estate-2016","tag-frecciabianca","tag-frecciarossa","tag-trenitalia"],"_links":{"self":[{"href":"https:\/\/www.ilmondodeitreni.it\/blog\/index.php?rest_route=\/wp\/v2\/posts\/4647","targetHints":{"allow":["GET"]}}],"collection":[{"href":"https:\/\/www.ilmondodeitreni.it\/blog\/index.php?rest_route=\/wp\/v2\/posts"}],"about":[{"href":"https:\/\/www.ilmondodeitreni.it\/blog\/index.php?rest_route=\/wp\/v2\/types\/post"}],"author":[{"embeddable":true,"href":"https:\/\/www.ilmondodeitreni.it\/blog\/index.php?rest_route=\/wp\/v2\/users\/10"}],"replies":[{"embeddable":true,"href":"https:\/\/www.ilmondodeitreni.it\/blog\/index.php?rest_route=%2Fwp%2Fv2%2Fcomments&post=4647"}],"version-history":[{"count":1,"href":"https:\/\/www.ilmondodeitreni.it\/blog\/index.php?rest_route=\/wp\/v2\/posts\/4647\/revisions"}],"predecessor-version":[{"id":4648,"href":"https:\/\/www.ilmondodeitreni.it\/blog\/index.php?rest_route=\/wp\/v2\/posts\/4647\/revisions\/4648"}],"wp:attachment":[{"href":"https:\/\/www.ilmondodeitreni.it\/blog\/index.php?rest_route=%2Fwp%2Fv2%2Fmedia&parent=4647"}],"wp:term":[{"taxonomy":"category","embeddable":true,"href":"https:\/\/www.ilmondodeitreni.it\/blog\/index.php?rest_route=%2Fwp%2Fv2%2Fcategories&post=4647"},{"taxonomy":"post_tag","embeddable":true,"href":"https:\/\/www.ilmondodeitreni.it\/blog\/index.php?rest_route=%2Fwp%2Fv2%2Ftags&post=4647"}],"curies":[{"name":"wp","href":"https:\/\/api.w.org\/{rel}","templated":true}]}}