{"id":4629,"date":"2016-08-26T22:59:38","date_gmt":"2016-08-26T20:59:38","guid":{"rendered":"http:\/\/www.ilmondodeitreni.it\/blog\/?p=4629"},"modified":"2016-08-26T22:59:38","modified_gmt":"2016-08-26T20:59:38","slug":"fs-italiane-emergenza-terremoto-biglietti-del-treno-gratuiti-per-sfollati-e-operatori-protezione-civile","status":"publish","type":"post","link":"https:\/\/www.ilmondodeitreni.it\/blog\/?p=4629","title":{"rendered":"FS Italiane, emergenza terremoto: biglietti del treno gratuiti per sfollati e operatori protezione civile"},"content":{"rendered":"<p style=\"text-align: justify;\"><a href=\"http:\/\/www.ilmondodeitreni.it\/blog\/wp-content\/uploads\/2016\/05\/ETR425027_reg24257scv.jpg\"><img loading=\"lazy\" decoding=\"async\" class=\"alignleft size-thumbnail wp-image-4327\" src=\"http:\/\/www.ilmondodeitreni.it\/blog\/wp-content\/uploads\/2016\/05\/ETR425027_reg24257scv-160x107.jpg\" alt=\"ETR425027_reg24257scv\" width=\"160\" height=\"107\" srcset=\"https:\/\/www.ilmondodeitreni.it\/blog\/wp-content\/uploads\/2016\/05\/ETR425027_reg24257scv-160x107.jpg 160w, https:\/\/www.ilmondodeitreni.it\/blog\/wp-content\/uploads\/2016\/05\/ETR425027_reg24257scv-640x426.jpg 640w, https:\/\/www.ilmondodeitreni.it\/blog\/wp-content\/uploads\/2016\/05\/ETR425027_reg24257scv-225x150.jpg 225w, https:\/\/www.ilmondodeitreni.it\/blog\/wp-content\/uploads\/2016\/05\/ETR425027_reg24257scv-300x200.jpg 300w, https:\/\/www.ilmondodeitreni.it\/blog\/wp-content\/uploads\/2016\/05\/ETR425027_reg24257scv-150x100.jpg 150w, https:\/\/www.ilmondodeitreni.it\/blog\/wp-content\/uploads\/2016\/05\/ETR425027_reg24257scv.jpg 800w\" sizes=\"auto, (max-width: 160px) 100vw, 160px\" \/><\/a>Il Gruppo FS Italiane \u00e8 al fianco della <a href=\"http:\/\/www.protezionecivile.gov.it\/jcms\/it\/home.wp\" target=\"_blank\">Protezione Civile<\/a> per offrire supporto nella gestione dell\u2019emergenza terremoto. <b>Da oggi e fino al 30 settembre<\/b> i cittadini sfollati, i residenti dei comuni colpiti dal sisma e gli operatori della Protezione Civile possono usufruire di un viaggio gratuito di andata e ritorno sui treni regionali e della lunga e media percorrenza per qualsiasi \u00a0destinazione in Italia. Per ottenere il biglietto gli aventi diritto dovranno presentare un\u2019apposita credenziale che dovr\u00e0 essere rilasciata dalle Autorit\u00e0 locali di Protezione Civile presenti su tutto il territorio nazionale. Inoltre il Gruppo FS Italiane, che \u00e8 membro del comitato operativo della Protezione Civile, ha fornito fin da subito kit di primo soccorso contenenti generi alimentari e di conforto per le popolazioni dei territori colpiti dal terremoto<\/p>\n","protected":false},"excerpt":{"rendered":"<p>Il Gruppo FS Italiane \u00e8 al fianco della Protezione Civile per offrire supporto nella gestione dell\u2019emergenza terremoto. Da oggi e fino al 30 settembre i cittadini sfollati, i residenti dei comuni colpiti dal sisma e gli operatori della Protezione Civile possono usufruire di un viaggio gratuito di andata e ritorno sui treni regionali e della lunga e media percorrenza per qualsiasi \u00a0destinazione in Italia. Per ottenere il biglietto gli aventi\u2026<\/p>\n<p class=\"continue-reading-button\"> <a class=\"continue-reading-link\" href=\"https:\/\/www.ilmondodeitreni.it\/blog\/?p=4629\">Continua la lettura<i class=\"crycon-right-dir\"><\/i><\/a><\/p>\n","protected":false},"author":1,"featured_media":0,"comment_status":"open","ping_status":"open","sticky":false,"template":"","format":"standard","meta":{"footnotes":""},"categories":[2],"tags":[3376,1353,32],"class_list":["post-4629","post","type-post","status-publish","format-standard","hentry","category-news","tag-emergenza-terremoto","tag-gruppo-fs-italiane","tag-protezione-civile"],"_links":{"self":[{"href":"https:\/\/www.ilmondodeitreni.it\/blog\/index.php?rest_route=\/wp\/v2\/posts\/4629","targetHints":{"allow":["GET"]}}],"collection":[{"href":"https:\/\/www.ilmondodeitreni.it\/blog\/index.php?rest_route=\/wp\/v2\/posts"}],"about":[{"href":"https:\/\/www.ilmondodeitreni.it\/blog\/index.php?rest_route=\/wp\/v2\/types\/post"}],"author":[{"embeddable":true,"href":"https:\/\/www.ilmondodeitreni.it\/blog\/index.php?rest_route=\/wp\/v2\/users\/1"}],"replies":[{"embeddable":true,"href":"https:\/\/www.ilmondodeitreni.it\/blog\/index.php?rest_route=%2Fwp%2Fv2%2Fcomments&post=4629"}],"version-history":[{"count":1,"href":"https:\/\/www.ilmondodeitreni.it\/blog\/index.php?rest_route=\/wp\/v2\/posts\/4629\/revisions"}],"predecessor-version":[{"id":4630,"href":"https:\/\/www.ilmondodeitreni.it\/blog\/index.php?rest_route=\/wp\/v2\/posts\/4629\/revisions\/4630"}],"wp:attachment":[{"href":"https:\/\/www.ilmondodeitreni.it\/blog\/index.php?rest_route=%2Fwp%2Fv2%2Fmedia&parent=4629"}],"wp:term":[{"taxonomy":"category","embeddable":true,"href":"https:\/\/www.ilmondodeitreni.it\/blog\/index.php?rest_route=%2Fwp%2Fv2%2Fcategories&post=4629"},{"taxonomy":"post_tag","embeddable":true,"href":"https:\/\/www.ilmondodeitreni.it\/blog\/index.php?rest_route=%2Fwp%2Fv2%2Ftags&post=4629"}],"curies":[{"name":"wp","href":"https:\/\/api.w.org\/{rel}","templated":true}]}}