{"id":4428,"date":"2016-06-24T19:26:30","date_gmt":"2016-06-24T17:26:30","guid":{"rendered":"http:\/\/www.ilmondodeitreni.it\/blog\/?p=4428"},"modified":"2016-06-23T19:28:55","modified_gmt":"2016-06-23T17:28:55","slug":"trenitalia-fvg-e-fondazione-fs-treno-storico-nei-luoghi-di-pier-paolo-pasolini","status":"publish","type":"post","link":"https:\/\/www.ilmondodeitreni.it\/blog\/?p=4428","title":{"rendered":"Trenitalia FVG e Fondazione FS: treno storico nei luoghi di Pier Paolo Pasolini"},"content":{"rendered":"<p style=\"text-align: justify;\"><span style=\"text-decoration: underline;\"><a href=\"http:\/\/www.ilmondodeitreni.it\/blog\/wp-content\/uploads\/2016\/02\/625017avezzano.jpg\"><img loading=\"lazy\" decoding=\"async\" class=\"alignleft size-thumbnail wp-image-3807\" src=\"http:\/\/www.ilmondodeitreni.it\/blog\/wp-content\/uploads\/2016\/02\/625017avezzano-160x106.jpg\" alt=\"625017avezzano\" width=\"160\" height=\"106\" srcset=\"https:\/\/www.ilmondodeitreni.it\/blog\/wp-content\/uploads\/2016\/02\/625017avezzano-160x106.jpg 160w, https:\/\/www.ilmondodeitreni.it\/blog\/wp-content\/uploads\/2016\/02\/625017avezzano-226x150.jpg 226w, https:\/\/www.ilmondodeitreni.it\/blog\/wp-content\/uploads\/2016\/02\/625017avezzano-300x199.jpg 300w, https:\/\/www.ilmondodeitreni.it\/blog\/wp-content\/uploads\/2016\/02\/625017avezzano-150x99.jpg 150w, https:\/\/www.ilmondodeitreni.it\/blog\/wp-content\/uploads\/2016\/02\/625017avezzano.jpg 625w\" sizes=\"auto, (max-width: 160px) 100vw, 160px\" \/><\/a><\/span>Sar\u00e0 trainato da una locomotiva a vapore \u201c<b>Gruppo 728<\/b>\u201d con le mitiche carrozze \u201c<b>Centoporte<\/b>\u201d il \u201c<b>Treno di Pasolini<\/b>\u201d in partenza da <b>Trieste<\/b> domenica <b>26 giugno<\/b> alle 7.32. La direzione regionale di Trenitalia FVG e la Fondazione FS, in collaborazione con il Centro Studi Pier Paolo Pasolini di Casarsa, effettueranno un treno storico che percorrer\u00e0 il Friuli Venezia Giulia, al di qua e al di l\u00e0 del fiume Tagliamento, nel ricordo del poeta friulano. Il treno fermer\u00e0 nelle stazioni di Monfalcone (8.09), Gorizia (8.50), Udine (9.33) e arriver\u00e0 infine alle 10.21 a Casarsa. Da qui proseguir\u00e0 alle 13.05 alla volta di Pordenone (13.29) e alle 14.30 partir\u00e0 per Casarsa, da dove alle 15.34 \u00e8 prevista la partenza verso Trieste, dove arriver\u00e0 alle 18.15.<\/p>\n<p>\u201cPi\u00f9 della met\u00e0 dei miei versi sono stati pensati, o scritti, in treno\u201d.<br \/>\nScriveva cos\u00ec nel 1957 <b>Pier Paolo Pasolini<\/b> a chiusura di un testo che gli era stato richiesto dalla Direzione Generale delle Ferrovie dello Stato in vista di un\u2019antologia di scritti in omaggio al viaggio su rotaie. Che Pasolini fosse scrittore particolarmente sensibile al tema ferroviario \u00e8 attestato dalle tante parole in prosa o in versi che, specie nelle pagine della giovinezza friulana, esprimono la sua predilezione per il movimento lento, talora lentissimo, dei vecchi vagoni, in tragitti che trasportavano lavoratori, studenti, rari forestieri o anche emigranti, per viaggi intrisi di malinconia fin dalla partenza.<\/p>\n<p>Per i viaggiatori non si tratter\u00e0 solo di una gita festosa per il recupero amarcord di un piacere perduto di viaggiare in relax alla velocit\u00e0 media di 40 km all\u2019ora, ma anche di un\u2019occasione per ripensare la parola di Pasolini nei luoghi friulani che ne hanno conosciuto la formazione poetica e sentimentale.<\/p>\n<p>Secondo il programma pensato e coordinato da <b>Angela Felice<\/b>, direttore del Centro Studi Pasolini, il viaggio di andata sar\u00e0 animato dalla musica dal vivo di Paolo Forte, giovane talento friulano della fisarmonica e, nella tratta Udine &#8211; Casarsa, dal racconto di Romano Vecchiet, esperto di treni storici e di binari senza tempo, e dalla lettura di testi pasoliniani a tema a cura di Rita Maffei, attrice-regista cui si deve il recente spettacolo prodotto dal Centro Studi proprio intorno alla permanenza del motivo del viaggio nell\u2019opera pasoliniana.<\/p>\n<p>Ricco poi il menu della visita in programma durante la sosta a Casarsa, dove la comitiva, divisa in tre gruppi, sar\u00e0 accompagnata dai giovani del gruppo teatrale \u201c<b>Retroscena<\/b>\u201d (Luca Braidotti, Valentina Gerussi, Michele Lombardelli, Paolo Zucchiatti) in tre luoghi topici legati alla memoria pasoliniana: la chiesetta di Santa Croce, dove Marco Salvadori illustrer\u00e0 gli affreschi dell\u2019abside e l\u2019attore Renato Rinaldi legger\u00e0 la \u201cPrejera\u201d che apre il dramma \u201cI Turcs tal Fri\u00fal\u201d; il Centro Studi Pasolini, dove si potr\u00e0 ammirare la bella mostra dei disegni di Davide Toffolo, visitare la Casa Museo e ascoltare alcune liriche friulane di Pasolini, lette da Rita Maffei e Andrea Collavino, su contrappunto musicale ancora di Paolo Forte; il cimitero, in cui, accanto alla tomba che accoglie le spoglie del poeta e della madre Susanna Colussi, il giovane studioso e attore Giacomo Trevisan dar\u00e0 voce all\u2019omelia pronunciata il 6 novembre 1975 da David Maria Turoldo per i funerali casarsesi del poeta.<\/p>\n<p>Due le opzioni previste in seguito, con la possibilit\u00e0 di proseguire il viaggio verso Pordenone per una visita libera alla citt\u00e0 o di restare a Casarsa per la pausa pranzo. Il punto di ritrovo finale resta comunque Casarsa, dove il gruppo riunito nella sala del Teatro Pasolini alle 14.30, potr\u00e0 vedere il filmato \u201cPasolini e il Friuli\u201d realizzato nel 2012 dal giornalista Mario Rizzarelli per il Tg della Rai FVG e ricevere infine il saluto istituzionale di congedo di Lavinia Clarotto, sindaco di Casarsa e di Teresa Tassan Viol, presidente di Casa Colussi.<\/p>\n<p>Prezzo dei biglietti<br \/>\nAdulto, viaggio di andata e ritorno, 30 \u20ac intera tratta da Trieste e Monfalcone a Pordenone e Casarsa; 20 \u20ac tratta intermedia con partenza e arrivo da Gorizia e Udine.<br \/>\nRagazzo (4 &#8211; 12 anni), viaggio di andata e ritorno 15 \u20ac tratta intera da Trieste e Monfalcone a Pordenone e Casarsa; 10 \u20ac tratta intermedia con partenza e arrivo da Gorizia e Udine.<br \/>\nPossibilit\u00e0 di effettuare la singola corsa di andata o di ritorno alla met\u00e0 dei prezzi indicati;<br \/>\nGratuit\u00e0 per bambini sotto i 4 anni, senza posto a seder<\/p>\n","protected":false},"excerpt":{"rendered":"<p>Sar\u00e0 trainato da una locomotiva a vapore \u201cGruppo 728\u201d con le mitiche carrozze \u201cCentoporte\u201d il \u201cTreno di Pasolini\u201d in partenza da Trieste domenica 26 giugno alle 7.32. La direzione regionale di Trenitalia FVG e la Fondazione FS, in collaborazione con il Centro Studi Pier Paolo Pasolini di Casarsa, effettueranno un treno storico che percorrer\u00e0 il Friuli Venezia Giulia, al di qua e al di l\u00e0 del fiume Tagliamento, nel ricordo\u2026<\/p>\n<p class=\"continue-reading-button\"> <a class=\"continue-reading-link\" href=\"https:\/\/www.ilmondodeitreni.it\/blog\/?p=4428\">Continua la lettura<i class=\"crycon-right-dir\"><\/i><\/a><\/p>\n","protected":false},"author":9,"featured_media":0,"comment_status":"open","ping_status":"open","sticky":false,"template":"","format":"standard","meta":{"footnotes":""},"categories":[2],"tags":[5,300,3282,3284,3281,91,3283],"class_list":["post-4428","post","type-post","status-publish","format-standard","hentry","category-news","tag-ferrovie","tag-fondazione-fs","tag-luca-braidotti","tag-michele-lombardelli","tag-pier-paolo-pasolini","tag-trieste","tag-valentina-gerussi"],"_links":{"self":[{"href":"https:\/\/www.ilmondodeitreni.it\/blog\/index.php?rest_route=\/wp\/v2\/posts\/4428","targetHints":{"allow":["GET"]}}],"collection":[{"href":"https:\/\/www.ilmondodeitreni.it\/blog\/index.php?rest_route=\/wp\/v2\/posts"}],"about":[{"href":"https:\/\/www.ilmondodeitreni.it\/blog\/index.php?rest_route=\/wp\/v2\/types\/post"}],"author":[{"embeddable":true,"href":"https:\/\/www.ilmondodeitreni.it\/blog\/index.php?rest_route=\/wp\/v2\/users\/9"}],"replies":[{"embeddable":true,"href":"https:\/\/www.ilmondodeitreni.it\/blog\/index.php?rest_route=%2Fwp%2Fv2%2Fcomments&post=4428"}],"version-history":[{"count":1,"href":"https:\/\/www.ilmondodeitreni.it\/blog\/index.php?rest_route=\/wp\/v2\/posts\/4428\/revisions"}],"predecessor-version":[{"id":4429,"href":"https:\/\/www.ilmondodeitreni.it\/blog\/index.php?rest_route=\/wp\/v2\/posts\/4428\/revisions\/4429"}],"wp:attachment":[{"href":"https:\/\/www.ilmondodeitreni.it\/blog\/index.php?rest_route=%2Fwp%2Fv2%2Fmedia&parent=4428"}],"wp:term":[{"taxonomy":"category","embeddable":true,"href":"https:\/\/www.ilmondodeitreni.it\/blog\/index.php?rest_route=%2Fwp%2Fv2%2Fcategories&post=4428"},{"taxonomy":"post_tag","embeddable":true,"href":"https:\/\/www.ilmondodeitreni.it\/blog\/index.php?rest_route=%2Fwp%2Fv2%2Ftags&post=4428"}],"curies":[{"name":"wp","href":"https:\/\/api.w.org\/{rel}","templated":true}]}}