{"id":4329,"date":"2016-05-30T12:23:31","date_gmt":"2016-05-30T10:23:31","guid":{"rendered":"http:\/\/www.ilmondodeitreni.it\/blog\/?p=4329"},"modified":"2016-05-29T22:36:51","modified_gmt":"2016-05-29T20:36:51","slug":"la-svizzera-in-festa-dispiegata-tutta-la-flotta-ffs","status":"publish","type":"post","link":"https:\/\/www.ilmondodeitreni.it\/blog\/?p=4329","title":{"rendered":"La Svizzera in festa, dispiegata tutta la flotta FFS"},"content":{"rendered":"<p style=\"text-align: justify;\"><a href=\"http:\/\/www.ilmondodeitreni.it\/blog\/wp-content\/uploads\/2016\/05\/RBDe560_brig.jpg\"><img loading=\"lazy\" decoding=\"async\" class=\"alignleft size-thumbnail wp-image-4330\" src=\"http:\/\/www.ilmondodeitreni.it\/blog\/wp-content\/uploads\/2016\/05\/RBDe560_brig-160x120.jpg\" alt=\"RBDe560_brig\" width=\"160\" height=\"120\" srcset=\"https:\/\/www.ilmondodeitreni.it\/blog\/wp-content\/uploads\/2016\/05\/RBDe560_brig-160x120.jpg 160w, https:\/\/www.ilmondodeitreni.it\/blog\/wp-content\/uploads\/2016\/05\/RBDe560_brig-200x150.jpg 200w, https:\/\/www.ilmondodeitreni.it\/blog\/wp-content\/uploads\/2016\/05\/RBDe560_brig-300x225.jpg 300w, https:\/\/www.ilmondodeitreni.it\/blog\/wp-content\/uploads\/2016\/05\/RBDe560_brig-150x113.jpg 150w, https:\/\/www.ilmondodeitreni.it\/blog\/wp-content\/uploads\/2016\/05\/RBDe560_brig.jpg 640w\" sizes=\"auto, (max-width: 160px) 100vw, 160px\" \/><\/a>12In fatto di eventi, l\u2019estate 2016 \u00e8 da record: quest\u2019anno le FFS metteranno in campo quasi l\u2019intera flotta per trasportare puntualmente un numero senza precedenti di persone a grandi manifestazioni e riportarle comodamente a casa. La sfida principale \u00e8 costituita dai cinque fine settimana antecedenti le vacanze estive (dal 27 maggio al 3 luglio), in cui numerosi importanti appuntamenti quali Openair, eventi sportivi o altre manifestazioni attireranno centinaia di migliaia di visitatori. In quel periodo molti collaboratori delle FFS \u2013 dall\u2019assistenza ai clienti, alla pianificazione, al personale di locomotiva, al personale dei treni e quello addetto alle pulizie \u2013 saranno impegnati al massimo. Circoleranno circa 1200 treni speciali in pi\u00f9, e oltre 1000 assistenti alla clientela saranno a disposizione dei viaggiatori in partenza e in arrivo.<\/p>\n<p style=\"text-align: justify;\">La stagione degli eventi inizia a fine maggio con il concerto degli AC\/DC e i Campionati europei di ginnastica artistica entrambi a Berna e la finale di Coppa Svizzera a Zurigo. Il primo fine settimana di giugno sar\u00e0 all\u2019insegna dei festeggiamenti per l\u2019inaugurazione della galleria di base del San Gottardo. Quasi tutto il personale viaggiante sar\u00e0 in servizio per condurre all\u2019evento e attraverso la galleria i 100 000 visitatori attesi. Complessivamente durante le giornate d\u2019inaugurazione le FFS impiegheranno 500 treni speciali e 350 assistenti alla clientela. Nello stesso fine settimana si terr\u00e0 a Lucerna il Festival Rock \u00abAllmend rockt\u00bb: al concerto di Rammstein al sabato sono attesi 55 000 spettatori, gran parte dei quali arriver\u00e0 con i trasporti pubblici. Un\u2019altra grande sfida per le FFS sar\u00e0 la Z\u00fcri F\u00e4scht: alla pi\u00f9 grande festa cittadina della Svizzera, che si svolge ogni tre anni, sono previsti oltre due milioni di visitatori. In quest\u2019occasione verranno utilizzati 500 treni speciali e saranno ininterrottamente a disposizione 250 assistenti alla clientela. Un grande impegno verr\u00e0 richiesto anche in occasione della Streetparade di Zurigo e della Festa federale di lotta svizzera e giochi alpestri a Estavayer-le-Lac, che si svolgeranno alla fine di agosto.<\/p>\n<p style=\"text-align: justify;\">Complessivamente in questa ricca estate le FFS saranno presenti con treni speciali o nell\u2019ambito dell\u2019indirizzamento dei viaggiatori a circa 80 eventi, comprese anche alcune manifestazioni minori quali la Festa dello jodel della Svizzera nordorientale a Gossau o la Festa ginnica cantonale del Baselbiet a Diegten.<\/p>\n","protected":false},"excerpt":{"rendered":"<p>12In fatto di eventi, l\u2019estate 2016 \u00e8 da record: quest\u2019anno le FFS metteranno in campo quasi l\u2019intera flotta per trasportare puntualmente un numero senza precedenti di persone a grandi manifestazioni e riportarle comodamente a casa. La sfida principale \u00e8 costituita dai cinque fine settimana antecedenti le vacanze estive (dal 27 maggio al 3 luglio), in cui numerosi importanti appuntamenti quali Openair, eventi sportivi o altre manifestazioni attireranno centinaia di migliaia\u2026<\/p>\n<p class=\"continue-reading-button\"> <a class=\"continue-reading-link\" href=\"https:\/\/www.ilmondodeitreni.it\/blog\/?p=4329\">Continua la lettura<i class=\"crycon-right-dir\"><\/i><\/a><\/p>\n","protected":false},"author":9,"featured_media":0,"comment_status":"open","ping_status":"open","sticky":false,"template":"","format":"standard","meta":{"footnotes":""},"categories":[11],"tags":[3225,5,3222,35,3224,37,3223],"class_list":["post-4329","post","type-post","status-publish","format-standard","hentry","category-news-estero","tag-estate-2016","tag-ferrovie","tag-festa-dello-jodel-della-svizzera-nordorientale","tag-ffs","tag-lucerna","tag-svizzera","tag-zuri-fascht"],"_links":{"self":[{"href":"https:\/\/www.ilmondodeitreni.it\/blog\/index.php?rest_route=\/wp\/v2\/posts\/4329","targetHints":{"allow":["GET"]}}],"collection":[{"href":"https:\/\/www.ilmondodeitreni.it\/blog\/index.php?rest_route=\/wp\/v2\/posts"}],"about":[{"href":"https:\/\/www.ilmondodeitreni.it\/blog\/index.php?rest_route=\/wp\/v2\/types\/post"}],"author":[{"embeddable":true,"href":"https:\/\/www.ilmondodeitreni.it\/blog\/index.php?rest_route=\/wp\/v2\/users\/9"}],"replies":[{"embeddable":true,"href":"https:\/\/www.ilmondodeitreni.it\/blog\/index.php?rest_route=%2Fwp%2Fv2%2Fcomments&post=4329"}],"version-history":[{"count":1,"href":"https:\/\/www.ilmondodeitreni.it\/blog\/index.php?rest_route=\/wp\/v2\/posts\/4329\/revisions"}],"predecessor-version":[{"id":4331,"href":"https:\/\/www.ilmondodeitreni.it\/blog\/index.php?rest_route=\/wp\/v2\/posts\/4329\/revisions\/4331"}],"wp:attachment":[{"href":"https:\/\/www.ilmondodeitreni.it\/blog\/index.php?rest_route=%2Fwp%2Fv2%2Fmedia&parent=4329"}],"wp:term":[{"taxonomy":"category","embeddable":true,"href":"https:\/\/www.ilmondodeitreni.it\/blog\/index.php?rest_route=%2Fwp%2Fv2%2Fcategories&post=4329"},{"taxonomy":"post_tag","embeddable":true,"href":"https:\/\/www.ilmondodeitreni.it\/blog\/index.php?rest_route=%2Fwp%2Fv2%2Ftags&post=4329"}],"curies":[{"name":"wp","href":"https:\/\/api.w.org\/{rel}","templated":true}]}}