{"id":4112,"date":"2016-04-15T18:20:40","date_gmt":"2016-04-15T16:20:40","guid":{"rendered":"http:\/\/www.ilmondodeitreni.it\/blog\/?p=4112"},"modified":"2016-04-15T18:20:40","modified_gmt":"2016-04-15T16:20:40","slug":"matera-2019-firmato-protocollo-intesa-fal-comune","status":"publish","type":"post","link":"https:\/\/www.ilmondodeitreni.it\/blog\/?p=4112","title":{"rendered":"Matera 2019: firmato protocollo intesa Fal \u2013 Comune"},"content":{"rendered":"<p style=\"text-align: justify;\"><a href=\"http:\/\/www.ilmondodeitreni.it\/blog\/wp-content\/uploads\/2016\/04\/14_04_firma_fal_comune_protocollo_matera_2019_1.jpg\"><img loading=\"lazy\" decoding=\"async\" class=\"alignleft size-thumbnail wp-image-4113\" src=\"http:\/\/www.ilmondodeitreni.it\/blog\/wp-content\/uploads\/2016\/04\/14_04_firma_fal_comune_protocollo_matera_2019_1-160x120.jpg\" alt=\"14_04_firma_fal_comune_protocollo_matera_2019_1\" width=\"160\" height=\"120\" srcset=\"https:\/\/www.ilmondodeitreni.it\/blog\/wp-content\/uploads\/2016\/04\/14_04_firma_fal_comune_protocollo_matera_2019_1-160x120.jpg 160w, https:\/\/www.ilmondodeitreni.it\/blog\/wp-content\/uploads\/2016\/04\/14_04_firma_fal_comune_protocollo_matera_2019_1-200x150.jpg 200w, https:\/\/www.ilmondodeitreni.it\/blog\/wp-content\/uploads\/2016\/04\/14_04_firma_fal_comune_protocollo_matera_2019_1-300x225.jpg 300w, https:\/\/www.ilmondodeitreni.it\/blog\/wp-content\/uploads\/2016\/04\/14_04_firma_fal_comune_protocollo_matera_2019_1-150x113.jpg 150w, https:\/\/www.ilmondodeitreni.it\/blog\/wp-content\/uploads\/2016\/04\/14_04_firma_fal_comune_protocollo_matera_2019_1.jpg 640w\" sizes=\"auto, (max-width: 160px) 100vw, 160px\" \/><\/a>Un terminal intermodale nell\u2019area Fal di Serra Rifusa che funger\u00e0 da parcheggio di scambio per auto e bus turistici, completamento del raddoppio della linea ferroviaria Bari \u2013 Matera per abbattere i tempi di percorrenza a 50 minuti, aumento delle fermate urbane per realizzare un servizio metropolitana leggera in citt\u00e0.\u00a0Sono i punti \u2013 chiave del protocollo d\u2019intesa firmato stamattina a Matera dal Sindaco, Raffaello De Ruggieri e dal Presidente delle Ferrovie Appulo Lucane, Matteo Colamussi, grazie all\u2019impegno dell\u2019assessore comunale alle Opere Pubbliche, Antonella Prete e dell\u2019intera Amministrazione comunale materana.\u00a0\u201dQuella di oggi \u00e8 per noi una firma storica \u2013 ha dichiarato il Presidente Colamussi \u2013 perch\u00e8 dopo molti anni passiamo dalle parole ai fatti e, grazie alla sensibilit\u00e0 di questa Amministrazione, poniamo la prima pietra di un\u2019opera di concreto miglioramento della mobilit\u00e0 cittadina. Partiamo con il terminal di Serra Rifusa, per cui gi\u00e0 la settimana prossima sar\u00e0 avviata la procedura di gara e andremo avanti con i cantieri di raddoppio della linea e di aumento delle fermate cittadine, fino a portare a compimento il grande progetto di dotare Matera della metropolitana leggera. Ringrazio il Sindaco De Ruggieri, l\u2019assessore alle Opere Pubbliche Antonella Prete e, in coerenza con la nostra storia recente sento di poter garantire che anche in questo caso riusciremo a far seguire i fatti agli impegni assunti. Da oggi, insieme al Comune di Matera e alla Regione Basilicata, inizia la nostra corsa verso Matera 2019\u2033. \u00a0Grande soddifsazione \u00e8 stata espress anche dall\u2019assessore Prete: \u201cFinalmente \u00a0&#8211; ha detto \u2013 si concretizza un progetto sul quale sono stati dilapidati tempo e risorse. Grazie a questo accordo \u2013 ha aggiunto \u00a0\u2013 si potr\u00e0 realizzare il terminal intermodale nell\u2019area delle Fal di Serra Rifusa, a conferma del progetto inserito nel Piano triennale delle Opere pubbliche recentemente presentato. L\u2019intervento strutturale\u00a0 ci consente di riorganizzare la mobilit\u00e0 urbana, alleggerendo il centro cittadino dalla sosta degli autobus extraurbani, da sempre elemento di emergenza quotidiana. Gli interventi prevedono l\u2019utilizzo di risorse\u00a0 per un valore complessivo 4,8 milioni di cui 3,7 mln da fondi Fsc della Regione e la restante parte a carico delle Fal\u201d.\u00a0Nell\u2019area dell\u2019attuale deposito Fal di\u00a0 Serra Rifusa \u00e8 prevista la realizzazione di un parcheggio per bus turistici e auto oltre ad un punto di ristoro e prima accoglienza.\u00a0\u201cI visitatori, in questo modo, avranno la possibilit\u00e0 di effettuare le operazioni di scarico e, grazie al servizio di metropolitana leggera, raggiungere il centro storico. I bus turistici, nel frattempo, si trasferiranno nell\u2019area dell\u2019autoparco in contrada Pantano per la sosta lunga \u2013 ha chiarito ancora l\u2019assessore Prete \u2013 L\u2019attuale servizio delle Fal che copre in parte il perimetro della citt\u00e0, verr\u00e0 potenziato\u00a0 per venire incontro alle esigenze legate all\u2019attivazione del centro intermodale\u201d.\u00a0Nella convenzione attuativa che verr\u00e0 sottoscritta\u00a0 \u00e8 prevista la definizione di un biglietto unico comprensivo sia della corsa metropolitana che del parcheggio auto. Il protocollo \u00a0&#8211; ha concluso l\u2019assessore \u2013 \u00e8 il risultato di un lavoro avviato gi\u00e0 nel luglio scorso, all\u2019atto del mio insediamento\u201d.<\/p>\n","protected":false},"excerpt":{"rendered":"<p>Un terminal intermodale nell\u2019area Fal di Serra Rifusa che funger\u00e0 da parcheggio di scambio per auto e bus turistici, completamento del raddoppio della linea ferroviaria Bari \u2013 Matera per abbattere i tempi di percorrenza a 50 minuti, aumento delle fermate urbane per realizzare un servizio metropolitana leggera in citt\u00e0.\u00a0Sono i punti \u2013 chiave del protocollo d\u2019intesa firmato stamattina a Matera dal Sindaco, Raffaello De Ruggieri e dal Presidente delle Ferrovie\u2026<\/p>\n<p class=\"continue-reading-button\"> <a class=\"continue-reading-link\" href=\"https:\/\/www.ilmondodeitreni.it\/blog\/?p=4112\">Continua la lettura<i class=\"crycon-right-dir\"><\/i><\/a><\/p>\n","protected":false},"author":1,"featured_media":0,"comment_status":"open","ping_status":"open","sticky":false,"template":"","format":"standard","meta":{"footnotes":""},"categories":[2],"tags":[537,5,1061,3122],"class_list":["post-4112","post","type-post","status-publish","format-standard","hentry","category-news","tag-fal","tag-ferrovie","tag-matera","tag-serra-rifusa"],"_links":{"self":[{"href":"https:\/\/www.ilmondodeitreni.it\/blog\/index.php?rest_route=\/wp\/v2\/posts\/4112","targetHints":{"allow":["GET"]}}],"collection":[{"href":"https:\/\/www.ilmondodeitreni.it\/blog\/index.php?rest_route=\/wp\/v2\/posts"}],"about":[{"href":"https:\/\/www.ilmondodeitreni.it\/blog\/index.php?rest_route=\/wp\/v2\/types\/post"}],"author":[{"embeddable":true,"href":"https:\/\/www.ilmondodeitreni.it\/blog\/index.php?rest_route=\/wp\/v2\/users\/1"}],"replies":[{"embeddable":true,"href":"https:\/\/www.ilmondodeitreni.it\/blog\/index.php?rest_route=%2Fwp%2Fv2%2Fcomments&post=4112"}],"version-history":[{"count":1,"href":"https:\/\/www.ilmondodeitreni.it\/blog\/index.php?rest_route=\/wp\/v2\/posts\/4112\/revisions"}],"predecessor-version":[{"id":4114,"href":"https:\/\/www.ilmondodeitreni.it\/blog\/index.php?rest_route=\/wp\/v2\/posts\/4112\/revisions\/4114"}],"wp:attachment":[{"href":"https:\/\/www.ilmondodeitreni.it\/blog\/index.php?rest_route=%2Fwp%2Fv2%2Fmedia&parent=4112"}],"wp:term":[{"taxonomy":"category","embeddable":true,"href":"https:\/\/www.ilmondodeitreni.it\/blog\/index.php?rest_route=%2Fwp%2Fv2%2Fcategories&post=4112"},{"taxonomy":"post_tag","embeddable":true,"href":"https:\/\/www.ilmondodeitreni.it\/blog\/index.php?rest_route=%2Fwp%2Fv2%2Ftags&post=4112"}],"curies":[{"name":"wp","href":"https:\/\/api.w.org\/{rel}","templated":true}]}}