{"id":4047,"date":"2016-03-31T17:59:31","date_gmt":"2016-03-31T15:59:31","guid":{"rendered":"http:\/\/www.ilmondodeitreni.it\/blog\/?p=4047"},"modified":"2016-03-31T17:59:31","modified_gmt":"2016-03-31T15:59:31","slug":"rfi-nuove-tecnologie-per-traffico-ferroviario-fra-roma-ostiense-e-fiumicino-aeroporto","status":"publish","type":"post","link":"https:\/\/www.ilmondodeitreni.it\/blog\/?p=4047","title":{"rendered":"RFI, nuove tecnologie per traffico ferroviario fra Roma Ostiense e Fiumicino Aeroporto"},"content":{"rendered":"<p style=\"text-align: justify;\"><a href=\"http:\/\/www.ilmondodeitreni.it\/blog\/wp-content\/uploads\/2016\/03\/D4451067_valleaurelia.jpg\"><img loading=\"lazy\" decoding=\"async\" class=\"alignleft size-thumbnail wp-image-4007\" src=\"http:\/\/www.ilmondodeitreni.it\/blog\/wp-content\/uploads\/2016\/03\/D4451067_valleaurelia-160x107.jpg\" alt=\"D4451067_valleaurelia\" width=\"160\" height=\"107\" srcset=\"https:\/\/www.ilmondodeitreni.it\/blog\/wp-content\/uploads\/2016\/03\/D4451067_valleaurelia-160x107.jpg 160w, https:\/\/www.ilmondodeitreni.it\/blog\/wp-content\/uploads\/2016\/03\/D4451067_valleaurelia.jpg 640w, https:\/\/www.ilmondodeitreni.it\/blog\/wp-content\/uploads\/2016\/03\/D4451067_valleaurelia-225x150.jpg 225w, https:\/\/www.ilmondodeitreni.it\/blog\/wp-content\/uploads\/2016\/03\/D4451067_valleaurelia-300x200.jpg 300w, https:\/\/www.ilmondodeitreni.it\/blog\/wp-content\/uploads\/2016\/03\/D4451067_valleaurelia-150x100.jpg 150w\" sizes=\"auto, (max-width: 160px) 100vw, 160px\" \/><\/a>Una <b>nuova tecnologia per il traffico ferroviario<\/b> sar\u00e0 operativa, da domenica 3 aprile, fra \u00a0Roma Ostiense e Fiumicino Aeroporto.\u00a0Il sistema di distanziamento in sicurezza dei treni (<b>Blocco conta assi\u2013Multisezione<\/b>) di ultima generazione e concezione &#8211; circa 700 km di cavi, 430 nuove boe di trasmissione dati sul traffico ferroviario e oltre 90 nuovi segnali luminosi a led- \u00e8 installato da Rete Ferroviaria Italiana.<\/p>\n<p style=\"text-align: justify;\">L\u2019apparato permetter\u00e0 di aumentare le prestazioni e incrementare gli standard di affidabilit\u00e0 della rete garantendo, nel contempo, una maggiore flessibilit\u00e0 ed efficacia nella gestione della circolazione ferroviaria.<\/p>\n<p style=\"text-align: justify;\">L\u2019investimento economico complessivo \u00e8 di circa 12 milioni di euro.\u00a0Le nuove tecnologie saranno attivate nella notte fra sabato 2 e domenica 3 aprile. \u00a0Per le attivit\u00e0 tecniche, sar\u00e0 <b>sospesa<\/b>, dalle<b> 21.15 <\/b>alle<b> 7.00<\/b>, la <b>circolazione ferroviaria<\/b> fra <b>Roma Ostiense<\/b> e Fiumicino <b>Aeroporto<\/b>.\u00a0Durante i lavori la mobilit\u00e0 sar\u00e0 garantita con autobus sostitutivi.<\/p>\n<p style=\"text-align: justify;\"><strong>Sabato 2 aprile<\/strong><\/p>\n<ul style=\"text-align: justify;\">\n<li>Leonardo Express \u2013 Gli ultimi 12 treni della giornata saranno sostituiti con bus diretti da Roma Termini a Fiumicino Aeroporto e viceversa. Il primo Leonardo cancellato da Roma Termini sar\u00e0 il 3346 delle 20.05.<\/li>\n<li>FL1 Fiumicino Aeroporto\/Roma\/Fara Sabina\/Orte \u2013 Gli ultimi 10 treni regionali della giornata saranno cancellati da Roma Ostiense \u2013 Fiumicino Aeroporto e viceversa. Gli autobus sostitutivi faranno tutte le fermate intermedie e in supporto ci saranno anche bus diretti da Ostiense \u00a0a Fiumicino;<\/li>\n<\/ul>\n<p style=\"text-align: justify;\"><strong>Domenica 3 aprile<\/strong><\/p>\n<ul style=\"text-align: justify;\">\n<li>Leonardo Express \u2013 I primi 6 treni del mattino saranno sostituiti con bus diretti da Roma Termini a Fiumicino Aeroporto e viceversa. Il primo Leonardo cancellato da Roma Termini sar\u00e0 il 3230 delle 5.35<\/li>\n<li>FL1 Fiumicino Aeroporto\/Roma\/Fara Sabina\/Orte \u2013 I primi 8 treni regionali del mattino saranno cancellati da Roma Ostiense \u2013 Fiumicino Aeroporto e viceversa. Gli autobus sostitutivi faranno tutte le fermate intermedie e in supporto ci saranno anche bus diretti da Ostiense \u00a0a Fiumicino<\/li>\n<\/ul>\n<p style=\"text-align: justify;\">Maggiori dettagli sui treni sostituiti da autobus sono consultabili sul sito web trenitalia.com<\/p>\n","protected":false},"excerpt":{"rendered":"<p>Una nuova tecnologia per il traffico ferroviario sar\u00e0 operativa, da domenica 3 aprile, fra \u00a0Roma Ostiense e Fiumicino Aeroporto.\u00a0Il sistema di distanziamento in sicurezza dei treni (Blocco conta assi\u2013Multisezione) di ultima generazione e concezione &#8211; circa 700 km di cavi, 430 nuove boe di trasmissione dati sul traffico ferroviario e oltre 90 nuovi segnali luminosi a led- \u00e8 installato da Rete Ferroviaria Italiana. L\u2019apparato permetter\u00e0 di aumentare le prestazioni e\u2026<\/p>\n<p class=\"continue-reading-button\"> <a class=\"continue-reading-link\" href=\"https:\/\/www.ilmondodeitreni.it\/blog\/?p=4047\">Continua la lettura<i class=\"crycon-right-dir\"><\/i><\/a><\/p>\n","protected":false},"author":1,"featured_media":0,"comment_status":"open","ping_status":"open","sticky":false,"template":"","format":"standard","meta":{"footnotes":""},"categories":[2],"tags":[3101,1100,2021,34,9],"class_list":["post-4047","post","type-post","status-publish","format-standard","hentry","category-news","tag-blocco-conta-assi-multisezione","tag-ferrovia","tag-fiumicino-aeroporto","tag-rfi","tag-roma"],"_links":{"self":[{"href":"https:\/\/www.ilmondodeitreni.it\/blog\/index.php?rest_route=\/wp\/v2\/posts\/4047","targetHints":{"allow":["GET"]}}],"collection":[{"href":"https:\/\/www.ilmondodeitreni.it\/blog\/index.php?rest_route=\/wp\/v2\/posts"}],"about":[{"href":"https:\/\/www.ilmondodeitreni.it\/blog\/index.php?rest_route=\/wp\/v2\/types\/post"}],"author":[{"embeddable":true,"href":"https:\/\/www.ilmondodeitreni.it\/blog\/index.php?rest_route=\/wp\/v2\/users\/1"}],"replies":[{"embeddable":true,"href":"https:\/\/www.ilmondodeitreni.it\/blog\/index.php?rest_route=%2Fwp%2Fv2%2Fcomments&post=4047"}],"version-history":[{"count":1,"href":"https:\/\/www.ilmondodeitreni.it\/blog\/index.php?rest_route=\/wp\/v2\/posts\/4047\/revisions"}],"predecessor-version":[{"id":4048,"href":"https:\/\/www.ilmondodeitreni.it\/blog\/index.php?rest_route=\/wp\/v2\/posts\/4047\/revisions\/4048"}],"wp:attachment":[{"href":"https:\/\/www.ilmondodeitreni.it\/blog\/index.php?rest_route=%2Fwp%2Fv2%2Fmedia&parent=4047"}],"wp:term":[{"taxonomy":"category","embeddable":true,"href":"https:\/\/www.ilmondodeitreni.it\/blog\/index.php?rest_route=%2Fwp%2Fv2%2Fcategories&post=4047"},{"taxonomy":"post_tag","embeddable":true,"href":"https:\/\/www.ilmondodeitreni.it\/blog\/index.php?rest_route=%2Fwp%2Fv2%2Ftags&post=4047"}],"curies":[{"name":"wp","href":"https:\/\/api.w.org\/{rel}","templated":true}]}}