{"id":3791,"date":"2016-02-21T09:42:55","date_gmt":"2016-02-21T08:42:55","guid":{"rendered":"http:\/\/www.ilmondodeitreni.it\/blog\/?p=3791"},"modified":"2016-02-20T18:34:40","modified_gmt":"2016-02-20T17:34:40","slug":"milano-metro-m4-partono-i-lavori-per-le-stazioni-del-centro","status":"publish","type":"post","link":"https:\/\/www.ilmondodeitreni.it\/blog\/?p=3791","title":{"rendered":"Milano, metro M4. Partono i lavori per le stazioni del centro"},"content":{"rendered":"<p style=\"text-align: justify;\"><a href=\"http:\/\/www.ilmondodeitreni.it\/blog\/2015\/06\/26\/lunedi-29-si-inaugura-la-metro-c-da-centocelle-a-lodi\/metro_c0001\/\" rel=\"attachment wp-att-2422\"><img loading=\"lazy\" decoding=\"async\" class=\"alignleft size-thumbnail wp-image-2422\" src=\"http:\/\/www.ilmondodeitreni.it\/blog\/wp-content\/uploads\/2015\/06\/metro_c0001-160x107.jpg\" alt=\"metro_c0001\" width=\"160\" height=\"107\" srcset=\"https:\/\/www.ilmondodeitreni.it\/blog\/wp-content\/uploads\/2015\/06\/metro_c0001-160x107.jpg 160w, https:\/\/www.ilmondodeitreni.it\/blog\/wp-content\/uploads\/2015\/06\/metro_c0001-640x427.jpg 640w, https:\/\/www.ilmondodeitreni.it\/blog\/wp-content\/uploads\/2015\/06\/metro_c0001-1024x683.jpg 1024w, https:\/\/www.ilmondodeitreni.it\/blog\/wp-content\/uploads\/2015\/06\/metro_c0001-225x150.jpg 225w, https:\/\/www.ilmondodeitreni.it\/blog\/wp-content\/uploads\/2015\/06\/metro_c0001-150x100.jpg 150w\" sizes=\"auto, (max-width: 160px) 100vw, 160px\" \/><\/a>Dopo l&#8217;inizio dei lavori in Corso Europa e Largo Augusto per la realizzazione della fermata di San Babila della M4 si avviano i lavori per la cantierizzazione delle altre stazioni del centro citt\u00e0. Come avvenuto per le tratte est e ovest della linea anche per quella centrale l&#8217;Amministrazione, insieme alla societ\u00e0 M4, i costruttori e MM, in questi mesi ha lavorato intensamente per ridurre l&#8217;ingombro dei cantieri e l&#8217;impatto dal punto di vista ambientale e viabilistico rispetto al progetto approvato dal Cipe (Comitato Interministeriale Programmazione Economica) nel 2013. La variante del progetto \u00e8 in fase di approvazione dal parte del Comune. Tra le migliorie pi\u00f9 consistenti: ridimensionamento importante delle aree di cantiere; eliminazione del cantiere in via Lanzone che viene accorpato al manufatto De Amicis; spostamento del cantiere da via Vivaio a via Mozart per ridurre l&#8217;impatto sulla viabilit\u00e0 e salvaguardare un platano secolare; predisposizione del nuovo progetto per la stazione di piazza Vetra, secondo le indicazioni della Sovrintendenza, sulla cui fattibilit\u00e0 si stanno portando avanti tutti gli accertamenti. In ogni caso il cantiere occuper\u00e0 solo il 6% del Parco delle Basiliche; riduzione degli interventi sulle alberature che passano da 106 a 88, mentre 65 alberi verranno trapiantati in altre zone della citt\u00e0 tra cui la Barona, via Racconigi, Largo Brasilia e via Parenzo. Parte intanto il piano di compensazione del verde: gi\u00e0 nei prossimi giorni verranno messi a dimora i primi 850 alberi &#8211; 150 alberi al Bosco in Citt\u00e0 e altri 700 nei vivai &#8211; per farli crescere in attesa di essere ripiantati in citt\u00e0 a fine lavori.<\/p>\n<p style=\"text-align: justify;\">&#8220;Abbiamo lavorato, e stiamo continuando a farlo, per rendere meno impattanti i cantieri \u2013 sottolinea l&#8217;assessore alla Mobilit\u00e0 e Ambiente Pierfrancesco Maran -. Anche per questo nei primi mesi non ci saranno sostanziali modifiche sulla viabilit\u00e0 del centro. Stiamo realizzando un&#8217;infrastruttura fondamentale per la mobilit\u00e0 sostenibile di Milano che a regime trasporter\u00e0 86 milioni di passeggeri l&#8217;anno, e siamo convinti che i disagi che inevitabilmente si verranno a creare saranno altamente ripagati una volta che la metropolitana sar\u00e0 pronta&#8221;. Saranno 13 in tutto i cantieri del centro tra stazioni (San Babila, Policlinico, Santa Sofia, Vetra, De Amicis, Sant&#8217;Ambrogio) e manufatti (Augusto, S. Damiano S.Calimero, Vettabbia, Ticinese, De Amicis, S. Vittore). La prima fase dei lavori durer\u00e0 fino a luglio e, come avvenuto per le tratte est e ovest della linea, prevede una cantierizzazione leggera che non comporter\u00e0 significative modifiche della viabilit\u00e0. Le uniche interruzioni riguarderanno via Cavallotti (per la realizzazione del manufatto Augusto), un tratto di via degli Olivetani (per il manufatto San Vittore), l&#8217;isolato di via San Vittore tra via Carducci e via de Togni (per la stazione di Sant&#8217;Ambrogio), via Vettabbia (per il manufatto Vettabbia) e via Mozart (per il manufatto San Damiano).<\/p>\n<p style=\"text-align: justify;\">Nella prima fase si interverr\u00e0 sulle alberature, per poi procedere con lo spostamento dei sottoservizi, il rifacimento delle fognature, le indagini archeologiche necessarie e la bonifica da eventuali ordigni bellici.<\/p>\n<p style=\"text-align: justify;\">L&#8217;attenzione all&#8217;ambiente rappresenta un punto fondamentale per il Comune e la concessionaria M4. Il numero complessivo degli alberi lungo la tratta della metropolitana e in citt\u00e0 al termine dei lavori aumenter\u00e0 del 20%.<br \/>\n\u200b<br \/>\nOltre agli 850 alberi che stanno per essere messi a dimora al Bosco in Citt\u00e0 e presso i vivai, il piano di ripiantumazione al termine dei lavori prevede circa altre mille nuove alberature. E&#8217; inoltre stato approvato il progetto di collegamento delle aree verdi tra Parco Forlanini, Idroscalo e il Parco delle risaie, che le render\u00e0 pienamente fruibili ai cittadini.<\/p>\n","protected":false},"excerpt":{"rendered":"<p>Dopo l&#8217;inizio dei lavori in Corso Europa e Largo Augusto per la realizzazione della fermata di San Babila della M4 si avviano i lavori per la cantierizzazione delle altre stazioni del centro citt\u00e0. Come avvenuto per le tratte est e ovest della linea anche per quella centrale l&#8217;Amministrazione, insieme alla societ\u00e0 M4, i costruttori e MM, in questi mesi ha lavorato intensamente per ridurre l&#8217;ingombro dei cantieri e l&#8217;impatto dal\u2026<\/p>\n<p class=\"continue-reading-button\"> <a class=\"continue-reading-link\" href=\"https:\/\/www.ilmondodeitreni.it\/blog\/?p=3791\">Continua la lettura<i class=\"crycon-right-dir\"><\/i><\/a><\/p>\n","protected":false},"author":9,"featured_media":0,"comment_status":"open","ping_status":"open","sticky":false,"template":"","format":"standard","meta":{"footnotes":""},"categories":[2],"tags":[2984,630,42,59,316,2981,2369,2985,2982,29,2983],"class_list":["post-3791","post","type-post","status-publish","format-standard","hentry","category-news","tag-de-amicis","tag-m4","tag-metropolitana","tag-milano","tag-pierfrancesco-maran","tag-policlinico","tag-san-babila","tag-santambrogio","tag-santa-sofia","tag-trasporti","tag-vetra"],"_links":{"self":[{"href":"https:\/\/www.ilmondodeitreni.it\/blog\/index.php?rest_route=\/wp\/v2\/posts\/3791","targetHints":{"allow":["GET"]}}],"collection":[{"href":"https:\/\/www.ilmondodeitreni.it\/blog\/index.php?rest_route=\/wp\/v2\/posts"}],"about":[{"href":"https:\/\/www.ilmondodeitreni.it\/blog\/index.php?rest_route=\/wp\/v2\/types\/post"}],"author":[{"embeddable":true,"href":"https:\/\/www.ilmondodeitreni.it\/blog\/index.php?rest_route=\/wp\/v2\/users\/9"}],"replies":[{"embeddable":true,"href":"https:\/\/www.ilmondodeitreni.it\/blog\/index.php?rest_route=%2Fwp%2Fv2%2Fcomments&post=3791"}],"version-history":[{"count":3,"href":"https:\/\/www.ilmondodeitreni.it\/blog\/index.php?rest_route=\/wp\/v2\/posts\/3791\/revisions"}],"predecessor-version":[{"id":3794,"href":"https:\/\/www.ilmondodeitreni.it\/blog\/index.php?rest_route=\/wp\/v2\/posts\/3791\/revisions\/3794"}],"wp:attachment":[{"href":"https:\/\/www.ilmondodeitreni.it\/blog\/index.php?rest_route=%2Fwp%2Fv2%2Fmedia&parent=3791"}],"wp:term":[{"taxonomy":"category","embeddable":true,"href":"https:\/\/www.ilmondodeitreni.it\/blog\/index.php?rest_route=%2Fwp%2Fv2%2Fcategories&post=3791"},{"taxonomy":"post_tag","embeddable":true,"href":"https:\/\/www.ilmondodeitreni.it\/blog\/index.php?rest_route=%2Fwp%2Fv2%2Ftags&post=3791"}],"curies":[{"name":"wp","href":"https:\/\/api.w.org\/{rel}","templated":true}]}}