{"id":3724,"date":"2016-02-15T09:55:43","date_gmt":"2016-02-15T08:55:43","guid":{"rendered":"http:\/\/www.ilmondodeitreni.it\/blog\/?p=3724"},"modified":"2016-02-12T14:59:48","modified_gmt":"2016-02-12T13:59:48","slug":"empoli-granaiolo-il-raddoppio-si-fara-investimento-da-40-milioni","status":"publish","type":"post","link":"https:\/\/www.ilmondodeitreni.it\/blog\/?p=3724","title":{"rendered":"Empoli-Granaiolo, il raddoppio si far\u00e0. Investimento da 40 milioni"},"content":{"rendered":"<p style=\"text-align: justify;\"><a href=\"http:\/\/www.ilmondodeitreni.it\/blog\/2015\/08\/23\/la-foto-della-settimana-23-29-agosto-2015\/d445bracciano\/\" rel=\"attachment wp-att-3133\"><img loading=\"lazy\" decoding=\"async\" class=\"alignleft size-thumbnail wp-image-3133\" src=\"http:\/\/www.ilmondodeitreni.it\/blog\/wp-content\/uploads\/2015\/11\/d445bracciano-160x120.jpg\" alt=\"d445bracciano\" width=\"160\" height=\"120\" srcset=\"https:\/\/www.ilmondodeitreni.it\/blog\/wp-content\/uploads\/2015\/11\/d445bracciano-160x120.jpg 160w, https:\/\/www.ilmondodeitreni.it\/blog\/wp-content\/uploads\/2015\/11\/d445bracciano-200x150.jpg 200w, https:\/\/www.ilmondodeitreni.it\/blog\/wp-content\/uploads\/2015\/11\/d445bracciano-150x113.jpg 150w, https:\/\/www.ilmondodeitreni.it\/blog\/wp-content\/uploads\/2015\/11\/d445bracciano.jpg 640w\" sizes=\"auto, (max-width: 160px) 100vw, 160px\" \/><\/a>&#8220;Il raddoppio della tratta ferroviaria Empoli-Granaiolo si far\u00e0. Il lungo lavoro politico e di mediazione fatto anche dalla Regione, che negli anni ha trattato con Governo e Ferrovie dello Stato e che ha sempre creduto e insistito per il potenziamento dell&#8217;infrastruttura ferroviaria, sta dando i suoi frutti&#8221;. A dare la notizia del risultato raggiunto e sottolineare la soddisfazione per un esito auspicato, ma affatto scontato, \u00e8 l&#8217;assessore regionale ai trasporti Vincenzo Ceccarelli. Ceccarelli ha incontrato a Roma l&#8217;amministratore delegato di Rfi Maurizio Gentile e da lui ha avuto conferma del fatto che in Toscana, oltre al raddoppio della tratta ferroviaria Pistoia-Lucca, si proceder\u00e0 anche a quello della Empoli-Granaiolo. Il raddoppio di questo tratto ferroviario, strategico per potenziare e migliorare i collegamenti ferriviari della Valdelsa e di Siena con Firenze e l&#8217;alta velocit\u00e0, \u00e8 attualmente in fase di progettazione da parte di Rfi.Si tratta di un&#8217;opera dal valore di 40 milioni\u00a0 di euro, che il Governo si \u00e8 impegnato a finanziare a partire dal 2018.<\/p>\n<p style=\"text-align: justify;\">&#8220;Con impegno assiduo &#8211; ha concluso Ceccarelli &#8211; si possono raggiungere anche quei risultati che sembrano difficili da concretizzare. In Toscana stiamo lavorando su pi\u00f9 fronti per migliorare ulteriormente il trasporto su ferro e questa \u00e8 una vittoria importante, che ci spinge a proseguire su questa strada. Gi\u00e0 oggi siamo riusciti a portare la regolarit\u00e0 delle corse al 92%, un risultato importante, che potr\u00e0 migliorare ulteriormente grazie a questi investimenti per il potenziamento delle infrastrutture&#8221;.<\/p>\n","protected":false},"excerpt":{"rendered":"<p>&#8220;Il raddoppio della tratta ferroviaria Empoli-Granaiolo si far\u00e0. Il lungo lavoro politico e di mediazione fatto anche dalla Regione, che negli anni ha trattato con Governo e Ferrovie dello Stato e che ha sempre creduto e insistito per il potenziamento dell&#8217;infrastruttura ferroviaria, sta dando i suoi frutti&#8221;. A dare la notizia del risultato raggiunto e sottolineare la soddisfazione per un esito auspicato, ma affatto scontato, \u00e8 l&#8217;assessore regionale ai trasporti\u2026<\/p>\n<p class=\"continue-reading-button\"> <a class=\"continue-reading-link\" href=\"https:\/\/www.ilmondodeitreni.it\/blog\/?p=3724\">Continua la lettura<i class=\"crycon-right-dir\"><\/i><\/a><\/p>\n","protected":false},"author":1,"featured_media":0,"comment_status":"open","ping_status":"open","sticky":false,"template":"","format":"standard","meta":{"footnotes":""},"categories":[2],"tags":[1839,5,34,88,39,2955],"class_list":["post-3724","post","type-post","status-publish","format-standard","hentry","category-news","tag-empoli","tag-ferrovie","tag-rfi","tag-siena","tag-toscana","tag-vicnenzo-ceccarelli"],"_links":{"self":[{"href":"https:\/\/www.ilmondodeitreni.it\/blog\/index.php?rest_route=\/wp\/v2\/posts\/3724","targetHints":{"allow":["GET"]}}],"collection":[{"href":"https:\/\/www.ilmondodeitreni.it\/blog\/index.php?rest_route=\/wp\/v2\/posts"}],"about":[{"href":"https:\/\/www.ilmondodeitreni.it\/blog\/index.php?rest_route=\/wp\/v2\/types\/post"}],"author":[{"embeddable":true,"href":"https:\/\/www.ilmondodeitreni.it\/blog\/index.php?rest_route=\/wp\/v2\/users\/1"}],"replies":[{"embeddable":true,"href":"https:\/\/www.ilmondodeitreni.it\/blog\/index.php?rest_route=%2Fwp%2Fv2%2Fcomments&post=3724"}],"version-history":[{"count":1,"href":"https:\/\/www.ilmondodeitreni.it\/blog\/index.php?rest_route=\/wp\/v2\/posts\/3724\/revisions"}],"predecessor-version":[{"id":3725,"href":"https:\/\/www.ilmondodeitreni.it\/blog\/index.php?rest_route=\/wp\/v2\/posts\/3724\/revisions\/3725"}],"wp:attachment":[{"href":"https:\/\/www.ilmondodeitreni.it\/blog\/index.php?rest_route=%2Fwp%2Fv2%2Fmedia&parent=3724"}],"wp:term":[{"taxonomy":"category","embeddable":true,"href":"https:\/\/www.ilmondodeitreni.it\/blog\/index.php?rest_route=%2Fwp%2Fv2%2Fcategories&post=3724"},{"taxonomy":"post_tag","embeddable":true,"href":"https:\/\/www.ilmondodeitreni.it\/blog\/index.php?rest_route=%2Fwp%2Fv2%2Ftags&post=3724"}],"curies":[{"name":"wp","href":"https:\/\/api.w.org\/{rel}","templated":true}]}}