{"id":3717,"date":"2016-02-12T15:45:15","date_gmt":"2016-02-12T14:45:15","guid":{"rendered":"http:\/\/www.ilmondodeitreni.it\/blog\/?p=3717"},"modified":"2016-02-12T13:53:26","modified_gmt":"2016-02-12T12:53:26","slug":"frascati-dal-15-febbraio-nuova-linea-di-bus-per-gli-studenti","status":"publish","type":"post","link":"https:\/\/www.ilmondodeitreni.it\/blog\/?p=3717","title":{"rendered":"Frascati dal 15 febbraio nuova linea di bus per gli studenti"},"content":{"rendered":"<p style=\"text-align: justify;\"><a href=\"http:\/\/www.ilmondodeitreni.it\/blog\/2016\/01\/28\/torino-fino-al-29-febbraio-limitata-la-linea-tram-4\/foto2634\/\" rel=\"attachment wp-att-3573\"><img loading=\"lazy\" decoding=\"async\" class=\"alignleft size-thumbnail wp-image-3573\" src=\"http:\/\/www.ilmondodeitreni.it\/blog\/wp-content\/uploads\/2016\/01\/Foto2634-160x120.jpg\" alt=\"Foto2634\" width=\"160\" height=\"120\" srcset=\"https:\/\/www.ilmondodeitreni.it\/blog\/wp-content\/uploads\/2016\/01\/Foto2634-160x120.jpg 160w, https:\/\/www.ilmondodeitreni.it\/blog\/wp-content\/uploads\/2016\/01\/Foto2634-640x480.jpg 640w, https:\/\/www.ilmondodeitreni.it\/blog\/wp-content\/uploads\/2016\/01\/Foto2634-1024x768.jpg 1024w, https:\/\/www.ilmondodeitreni.it\/blog\/wp-content\/uploads\/2016\/01\/Foto2634-200x150.jpg 200w, https:\/\/www.ilmondodeitreni.it\/blog\/wp-content\/uploads\/2016\/01\/Foto2634-300x225.jpg 300w, https:\/\/www.ilmondodeitreni.it\/blog\/wp-content\/uploads\/2016\/01\/Foto2634-150x113.jpg 150w, https:\/\/www.ilmondodeitreni.it\/blog\/wp-content\/uploads\/2016\/01\/Foto2634.jpg 1600w\" sizes=\"auto, (max-width: 160px) 100vw, 160px\" \/><\/a>Sar\u00e0 attiva dal 15 febbraio la nuova linea sperimentale circolare messa a disposizione dalla societ\u00e0 Schiaffini per gli studenti degli Istituti scolastici Bruno Touschek e San Giuseppe di Frascati.\u00a0 Il capolinea dei bus sar\u00e0 a Piazza Roma. Il percorso si snoder\u00e0 lungo via Vittorio Veneto, viale J.F.Kennedy, arrivando presso gli Istituti Touschek e San Giuseppe, proseguir\u00e0 quindi verso il bivio per Grottaferrata riprendendo le fermate di viale J.F.Kennedy e via Veneto arrivando infine al capolinea di Piazza Roma.<br \/>\nLe corse si svolgeranno solo nei giorni di attivit\u00e0 scolastica e seguiranno i seguenti orari: 7.45; 13.10; 14.00. Il biglietto di corsa semplice coster\u00e0 0,82 centesimi di euro, se invece il titolo di viaggio sar\u00e0 acquistato a bordo si pagher\u00e0 un euro e 30 centesimi. Prevista la possibilita&#8217; di sottoscrivere un abbonamento mensile al costo di 17,04 euro<\/p>\n","protected":false},"excerpt":{"rendered":"<p>Sar\u00e0 attiva dal 15 febbraio la nuova linea sperimentale circolare messa a disposizione dalla societ\u00e0 Schiaffini per gli studenti degli Istituti scolastici Bruno Touschek e San Giuseppe di Frascati.\u00a0 Il capolinea dei bus sar\u00e0 a Piazza Roma. Il percorso si snoder\u00e0 lungo via Vittorio Veneto, viale J.F.Kennedy, arrivando presso gli Istituti Touschek e San Giuseppe, proseguir\u00e0 quindi verso il bivio per Grottaferrata riprendendo le fermate di viale J.F.Kennedy e via\u2026<\/p>\n<p class=\"continue-reading-button\"> <a class=\"continue-reading-link\" href=\"https:\/\/www.ilmondodeitreni.it\/blog\/?p=3717\">Continua la lettura<i class=\"crycon-right-dir\"><\/i><\/a><\/p>\n","protected":false},"author":3,"featured_media":0,"comment_status":"open","ping_status":"open","sticky":false,"template":"","format":"standard","meta":{"footnotes":""},"categories":[2],"tags":[8,2948,2949,29],"class_list":["post-3717","post","type-post","status-publish","format-standard","hentry","category-news","tag-autobus","tag-frascati","tag-schiaffini","tag-trasporti"],"_links":{"self":[{"href":"https:\/\/www.ilmondodeitreni.it\/blog\/index.php?rest_route=\/wp\/v2\/posts\/3717","targetHints":{"allow":["GET"]}}],"collection":[{"href":"https:\/\/www.ilmondodeitreni.it\/blog\/index.php?rest_route=\/wp\/v2\/posts"}],"about":[{"href":"https:\/\/www.ilmondodeitreni.it\/blog\/index.php?rest_route=\/wp\/v2\/types\/post"}],"author":[{"embeddable":true,"href":"https:\/\/www.ilmondodeitreni.it\/blog\/index.php?rest_route=\/wp\/v2\/users\/3"}],"replies":[{"embeddable":true,"href":"https:\/\/www.ilmondodeitreni.it\/blog\/index.php?rest_route=%2Fwp%2Fv2%2Fcomments&post=3717"}],"version-history":[{"count":1,"href":"https:\/\/www.ilmondodeitreni.it\/blog\/index.php?rest_route=\/wp\/v2\/posts\/3717\/revisions"}],"predecessor-version":[{"id":3718,"href":"https:\/\/www.ilmondodeitreni.it\/blog\/index.php?rest_route=\/wp\/v2\/posts\/3717\/revisions\/3718"}],"wp:attachment":[{"href":"https:\/\/www.ilmondodeitreni.it\/blog\/index.php?rest_route=%2Fwp%2Fv2%2Fmedia&parent=3717"}],"wp:term":[{"taxonomy":"category","embeddable":true,"href":"https:\/\/www.ilmondodeitreni.it\/blog\/index.php?rest_route=%2Fwp%2Fv2%2Fcategories&post=3717"},{"taxonomy":"post_tag","embeddable":true,"href":"https:\/\/www.ilmondodeitreni.it\/blog\/index.php?rest_route=%2Fwp%2Fv2%2Ftags&post=3717"}],"curies":[{"name":"wp","href":"https:\/\/api.w.org\/{rel}","templated":true}]}}