{"id":3646,"date":"2016-02-04T17:01:56","date_gmt":"2016-02-04T16:01:56","guid":{"rendered":"http:\/\/www.ilmondodeitreni.it\/blog\/?p=3646"},"modified":"2021-03-27T23:18:24","modified_gmt":"2021-03-27T22:18:24","slug":"atac-nominato-il-nuovo-direttore-generale","status":"publish","type":"post","link":"https:\/\/www.ilmondodeitreni.it\/blog\/?p=3646","title":{"rendered":"Atac, nominato il nuovo Direttore Generale"},"content":{"rendered":"<p style=\"text-align: justify;\"><a href=\"http:\/\/www.ilmondodeitreni.it\/blog\/wp-content\/uploads\/2016\/02\/111_105termini.jpg\"><img loading=\"lazy\" decoding=\"async\" class=\"alignleft size-thumbnail wp-image-12883\" src=\"http:\/\/www.ilmondodeitreni.it\/blog\/wp-content\/uploads\/2016\/02\/111_105termini-160x120.jpg\" alt=\"\" width=\"160\" height=\"120\" srcset=\"https:\/\/www.ilmondodeitreni.it\/blog\/wp-content\/uploads\/2016\/02\/111_105termini-160x120.jpg 160w, https:\/\/www.ilmondodeitreni.it\/blog\/wp-content\/uploads\/2016\/02\/111_105termini-150x113.jpg 150w, https:\/\/www.ilmondodeitreni.it\/blog\/wp-content\/uploads\/2016\/02\/111_105termini.jpg 640w\" sizes=\"auto, (max-width: 160px) 100vw, 160px\" \/><\/a>\u00c8 Marco Rettighieri il nuovo DG di Atac. Classe 1958, romano, due lauree, \u00e8 il manager che affiancher\u00e0 nel prossimo futuro l&#8217;Amministratore Unico Armando Brandolese alla guida della partecipata capitolina Atac. L&#8217;Ing.Rettighieri \u00e8 stato scelto, al termine di un percorso selettivo durato alcune settimane, tra le molte decine di candidati di assoluto rilievo dalla commissione con componenti nominati da Atac e dall&#8217;Amministrazione Capitolina come previsto dal relativo bando pubblicato alla fine dello scorso dicembre. Rettighieri spicca per la sua esperienza maturata sia in Italia che all&#8217;Estero nella gestione di processi complessi, sia di natura trasportistica che industriale, di progettazione&nbsp; e di societ\u00e0 di servizi. Gi\u00e0 Direttore Generale di societ\u00e0 legate al mondo delle infrastrutture, \u00e8 stato Direttore Generale Operativo della Italferr ed ha ricoperto anche la carica di DG Construction nell&#8217;ambito del progetto Expo2015 a Milano, gestendo in brevissimo tempo la realizzazione delle costruzioni, confrontandosi con tutti i Paesi espositori.<br \/>\nInsegna presso la Business School dell&#8217;Universit\u00e0 LUISS di Roma ed ha spiccate competenze comunicative e gestionali. \u00c8 autore di numerose pubblicazioni scientifiche su riviste italiane e straniere, nonch\u00e9 coordinatore di studi di traffico complessi sia per progetti localistici che internazionali.<\/p>\n","protected":false},"excerpt":{"rendered":"<p>\u00c8 Marco Rettighieri il nuovo DG di Atac. Classe 1958, romano, due lauree, \u00e8 il manager che affiancher\u00e0 nel prossimo futuro l&#8217;Amministratore Unico Armando Brandolese alla guida della partecipata capitolina Atac. L&#8217;Ing.Rettighieri \u00e8 stato scelto, al termine di un percorso selettivo durato alcune settimane, tra le molte decine di candidati di assoluto rilievo dalla commissione con componenti nominati da Atac e dall&#8217;Amministrazione Capitolina come previsto dal relativo bando pubblicato alla\u2026<\/p>\n<p class=\"continue-reading-button\"> <a class=\"continue-reading-link\" href=\"https:\/\/www.ilmondodeitreni.it\/blog\/?p=3646\">Continua la lettura<i class=\"crycon-right-dir\"><\/i><\/a><\/p>\n","protected":false},"author":3,"featured_media":0,"comment_status":"open","ping_status":"open","sticky":false,"template":"","format":"standard","meta":{"footnotes":""},"categories":[6],"tags":[7,253,2911,9],"class_list":["post-3646","post","type-post","status-publish","format-standard","hentry","category-autobus-di-roma","tag-atac","tag-expo2015","tag-marco-rettighieri","tag-roma"],"_links":{"self":[{"href":"https:\/\/www.ilmondodeitreni.it\/blog\/index.php?rest_route=\/wp\/v2\/posts\/3646","targetHints":{"allow":["GET"]}}],"collection":[{"href":"https:\/\/www.ilmondodeitreni.it\/blog\/index.php?rest_route=\/wp\/v2\/posts"}],"about":[{"href":"https:\/\/www.ilmondodeitreni.it\/blog\/index.php?rest_route=\/wp\/v2\/types\/post"}],"author":[{"embeddable":true,"href":"https:\/\/www.ilmondodeitreni.it\/blog\/index.php?rest_route=\/wp\/v2\/users\/3"}],"replies":[{"embeddable":true,"href":"https:\/\/www.ilmondodeitreni.it\/blog\/index.php?rest_route=%2Fwp%2Fv2%2Fcomments&post=3646"}],"version-history":[{"count":2,"href":"https:\/\/www.ilmondodeitreni.it\/blog\/index.php?rest_route=\/wp\/v2\/posts\/3646\/revisions"}],"predecessor-version":[{"id":12884,"href":"https:\/\/www.ilmondodeitreni.it\/blog\/index.php?rest_route=\/wp\/v2\/posts\/3646\/revisions\/12884"}],"wp:attachment":[{"href":"https:\/\/www.ilmondodeitreni.it\/blog\/index.php?rest_route=%2Fwp%2Fv2%2Fmedia&parent=3646"}],"wp:term":[{"taxonomy":"category","embeddable":true,"href":"https:\/\/www.ilmondodeitreni.it\/blog\/index.php?rest_route=%2Fwp%2Fv2%2Fcategories&post=3646"},{"taxonomy":"post_tag","embeddable":true,"href":"https:\/\/www.ilmondodeitreni.it\/blog\/index.php?rest_route=%2Fwp%2Fv2%2Ftags&post=3646"}],"curies":[{"name":"wp","href":"https:\/\/api.w.org\/{rel}","templated":true}]}}