{"id":3609,"date":"2016-02-01T17:28:58","date_gmt":"2016-02-01T16:28:58","guid":{"rendered":"http:\/\/www.ilmondodeitreni.it\/blog\/?p=3609"},"modified":"2016-02-01T15:37:55","modified_gmt":"2016-02-01T14:37:55","slug":"un-mese-da-record-per-il-tram-orgoglio-dei-palermitani-e-dellamat","status":"publish","type":"post","link":"https:\/\/www.ilmondodeitreni.it\/blog\/?p=3609","title":{"rendered":"Un mese da record per il tram, orgoglio dei palermitani e dell&#8217;AMAT"},"content":{"rendered":"<p style=\"text-align: justify;\"><a href=\"http:\/\/www.ilmondodeitreni.it\/blog\/wp-content\/uploads\/2015\/11\/tram.jpg\"><img loading=\"lazy\" decoding=\"async\" class=\"alignleft size-thumbnail wp-image-3182\" src=\"http:\/\/www.ilmondodeitreni.it\/blog\/wp-content\/uploads\/2015\/11\/tram-160x160.jpg\" alt=\"tram\" width=\"160\" height=\"160\" srcset=\"https:\/\/www.ilmondodeitreni.it\/blog\/wp-content\/uploads\/2015\/11\/tram-160x160.jpg 160w, https:\/\/www.ilmondodeitreni.it\/blog\/wp-content\/uploads\/2015\/11\/tram-150x150.jpg 150w, https:\/\/www.ilmondodeitreni.it\/blog\/wp-content\/uploads\/2015\/11\/tram.jpg 220w\" sizes=\"auto, (max-width: 160px) 100vw, 160px\" \/><\/a>Numeri da record per il sistema tranviario di Palermo che ha appenta festeggiato il primo mese di attivit\u00e0. Sono stati oltre 75.000 i chilometri percorsi, trasportando oltre 250.000 passeggeri (220.000 obliterazioni a bordo delle vetture del tram, oltre abbonati e utenti che hanno usufruito di biglietti obliterati su altre vetture).<br \/>\nAnche se, come \u00e8 noto, si sono verificati numerosi atti vandalici a danno delle macchinette emettitrici, sono stati 72.000 i titoli di viaggio emessi da queste ultime, che saranno presto reinstallate. I controlli effettuati a borso del tram dal personale AMAT sono stati poco pi\u00f9 di 160.000, rilevando che solo una percentuale irrisoria (inferiore all&#8217;0,05%) dei passeggeri era sprovvisto di titolo di viaggio. Ultimo dato importante \u00e8 quello relativo alle effettuate, pari ad oltre l&#8217;85% di quelle programmate. Un dato eccezionale anche se si considera che le corse non effettuate sono state dovute a fattori esterni al sistema.<br \/>\nI motivi del salto delle corse sono stati infatti la sosta di autovetture sui binari, il mancato rispetto dei semafori da parte degli automobilisti, un caso di incidente con un&#8217;automobile. Nessuna assenza del personale si \u00e8 registrata durante questo mese. Infine, come gi\u00e0 riportato ieri, solo un guasto ha interessato una vettura, che \u00e8 stata rimorchiata al deposito di Roccella dove \u00e8 stata eseguita una riparazione immediata rimettendo la stessa vettura in servizio sulla linea 2. Analoga velocit\u00e0 della riparazione era stata riscontrata in occasione di un incidente che ha coinvolto una vettura della linea 4 che si era scontrata con un automobile. Anche in quel caso, la vettura incidentata \u00e8 tornata in servizio il giorno dopo il sinistro. &#8220;Il Tram \u00e8 un grande motivo di orgoglio per l&#8217;azienda per i lavoratori &#8211; ha detto Antonio Gristina, presidente dell&#8217;AMAT &#8211; e siamo certi diverr\u00e0 sempre pi\u00f9 strumento trainante dello sviluppo aziendale.&#8221;<\/p>\n<p style=\"text-align: justify;\">&#8220;I palermitani hanno scoperto e apprezzano tantissimo questo nuovo mezzo di trasporto pubblico &#8211; afferma il Sindaco Leoluca Orlando &#8211; e mostrano il proprio gradimento con il pi\u00f9 semplice ed ovvio dei gesti: il pagamento del biglietto. Tutta l&#8217;AMAT ha risposto con entusiasmo ed orgoglio all&#8217;avvio del sistema tranviario che \u00e8 gi\u00e0 divenuto l&#8217;elemento trainante di una rinascita dell&#8217;azienda, di cui sono parte integrante anche la riorganizzazione del sistema su gomma e l&#8217;implementazione di servizi integrati ed intermodali sempre pi\u00f9 efficienti. A Palermo &#8211; conclude il Sindaco &#8211; si delinea sempre pi\u00f9 e sempre meglio quel sistema integrato del trasporto pubblico che finalmente si pone come vera alternativa all&#8217;uso, anzi all&#8217;abuso del mezzo privato&#8221;<\/p>\n","protected":false},"excerpt":{"rendered":"<p>Numeri da record per il sistema tranviario di Palermo che ha appenta festeggiato il primo mese di attivit\u00e0. Sono stati oltre 75.000 i chilometri percorsi, trasportando oltre 250.000 passeggeri (220.000 obliterazioni a bordo delle vetture del tram, oltre abbonati e utenti che hanno usufruito di biglietti obliterati su altre vetture). Anche se, come \u00e8 noto, si sono verificati numerosi atti vandalici a danno delle macchinette emettitrici, sono stati 72.000 i\u2026<\/p>\n<p class=\"continue-reading-button\"> <a class=\"continue-reading-link\" href=\"https:\/\/www.ilmondodeitreni.it\/blog\/?p=3609\">Continua la lettura<i class=\"crycon-right-dir\"><\/i><\/a><\/p>\n","protected":false},"author":5,"featured_media":0,"comment_status":"open","ping_status":"open","sticky":false,"template":"","format":"standard","meta":{"footnotes":""},"categories":[2],"tags":[1589,2542,69,216,82],"class_list":["post-3609","post","type-post","status-publish","format-standard","hentry","category-news","tag-amat","tag-leoluca-orlando","tag-mobilita","tag-palermo","tag-tram"],"_links":{"self":[{"href":"https:\/\/www.ilmondodeitreni.it\/blog\/index.php?rest_route=\/wp\/v2\/posts\/3609","targetHints":{"allow":["GET"]}}],"collection":[{"href":"https:\/\/www.ilmondodeitreni.it\/blog\/index.php?rest_route=\/wp\/v2\/posts"}],"about":[{"href":"https:\/\/www.ilmondodeitreni.it\/blog\/index.php?rest_route=\/wp\/v2\/types\/post"}],"author":[{"embeddable":true,"href":"https:\/\/www.ilmondodeitreni.it\/blog\/index.php?rest_route=\/wp\/v2\/users\/5"}],"replies":[{"embeddable":true,"href":"https:\/\/www.ilmondodeitreni.it\/blog\/index.php?rest_route=%2Fwp%2Fv2%2Fcomments&post=3609"}],"version-history":[{"count":3,"href":"https:\/\/www.ilmondodeitreni.it\/blog\/index.php?rest_route=\/wp\/v2\/posts\/3609\/revisions"}],"predecessor-version":[{"id":3612,"href":"https:\/\/www.ilmondodeitreni.it\/blog\/index.php?rest_route=\/wp\/v2\/posts\/3609\/revisions\/3612"}],"wp:attachment":[{"href":"https:\/\/www.ilmondodeitreni.it\/blog\/index.php?rest_route=%2Fwp%2Fv2%2Fmedia&parent=3609"}],"wp:term":[{"taxonomy":"category","embeddable":true,"href":"https:\/\/www.ilmondodeitreni.it\/blog\/index.php?rest_route=%2Fwp%2Fv2%2Fcategories&post=3609"},{"taxonomy":"post_tag","embeddable":true,"href":"https:\/\/www.ilmondodeitreni.it\/blog\/index.php?rest_route=%2Fwp%2Fv2%2Ftags&post=3609"}],"curies":[{"name":"wp","href":"https:\/\/api.w.org\/{rel}","templated":true}]}}