{"id":3575,"date":"2016-01-28T18:58:46","date_gmt":"2016-01-28T17:58:46","guid":{"rendered":"http:\/\/www.ilmondodeitreni.it\/blog\/?p=3575"},"modified":"2016-01-28T01:01:36","modified_gmt":"2016-01-28T00:01:36","slug":"milano-nel-2016-i-bus-notturni-saranno-attivi-7-giorni-su-7","status":"publish","type":"post","link":"https:\/\/www.ilmondodeitreni.it\/blog\/?p=3575","title":{"rendered":"Milano: nel 2016 i bus notturni saranno attivi 7 giorni su 7"},"content":{"rendered":"<p dir=\"ltr\" style=\"text-align: justify;\"><span style=\"font-family: Arial;\"><a href=\"http:\/\/www.ilmondodeitreni.it\/blog\/wp-content\/uploads\/2016\/01\/403_91nazariosauro.jpg\"><img loading=\"lazy\" decoding=\"async\" class=\"alignleft size-thumbnail wp-image-3576\" src=\"http:\/\/www.ilmondodeitreni.it\/blog\/wp-content\/uploads\/2016\/01\/403_91nazariosauro-160x120.jpg\" alt=\"403_91nazariosauro\" width=\"160\" height=\"120\" srcset=\"https:\/\/www.ilmondodeitreni.it\/blog\/wp-content\/uploads\/2016\/01\/403_91nazariosauro-160x120.jpg 160w, https:\/\/www.ilmondodeitreni.it\/blog\/wp-content\/uploads\/2016\/01\/403_91nazariosauro-200x150.jpg 200w, https:\/\/www.ilmondodeitreni.it\/blog\/wp-content\/uploads\/2016\/01\/403_91nazariosauro-300x225.jpg 300w, https:\/\/www.ilmondodeitreni.it\/blog\/wp-content\/uploads\/2016\/01\/403_91nazariosauro-150x113.jpg 150w, https:\/\/www.ilmondodeitreni.it\/blog\/wp-content\/uploads\/2016\/01\/403_91nazariosauro.jpg 640w\" sizes=\"auto, (max-width: 160px) 100vw, 160px\" \/><\/a>Nel 2016 i bus notturni continueranno ad essere in servizio 7 giorni su 7, come nel semestre Expo e come gi\u00e0 avvenuto\u00a0negli ultimi due mesi del 2015. <\/span><span style=\"font-family: Arial;\">&#8220;<strong>I mezzi pubblici attivi tutti i giorni e 24 ore su 24 \u2013 commenta l&#8217;assessore alla Mobilit\u00e0 e Ambiente Pierfrancesco Maran &#8211; sono una delle eredit\u00e0 di Expo per tutti i cittadini, cos\u00ec come il prolungamento dell&#8217;orario di un&#8217;ora del servizio di BikeMi -. Milano \u00e8 sempre pi\u00f9 una citt\u00e0 da vivere e da scoprire e vogliamo che tutti possano farlo in maniera sostenibile anche di notte<\/strong>&#8220;.<\/span><\/p>\n<p dir=\"ltr\" style=\"text-align: justify;\"><span style=\"font-family: Arial;\">Il servizio inaugurato nel settembre 2011, ha trasportato da allora oltre 3,5 milioni di passeggeri. E&#8217; il sabato il giorno in cui si registra il maggior numero di utenti a bordo delle 15 linee disponibili, con il picco massimo di 18.700 passeggeri registrato il 25 ottobre scorso, in concomitanza di un grande evento musicale in piazza Duomo.<\/span><\/p>\n<p dir=\"ltr\" style=\"text-align: justify;\"><span style=\"font-family: Arial;\">Gli ultimi rilievi di Amat parlano di una media di 55 passeggeri per corsa, oltre il 100% rispetto al 2013 quando la media era di 24,5. Le linee pi\u00f9 utilizzate, dal luned\u00ec alla domenica, sono la 90, la 91, la NM1, NM2 e la NM3<\/span><\/p>\n","protected":false},"excerpt":{"rendered":"<p>Nel 2016 i bus notturni continueranno ad essere in servizio 7 giorni su 7, come nel semestre Expo e come gi\u00e0 avvenuto\u00a0negli ultimi due mesi del 2015. &#8220;I mezzi pubblici attivi tutti i giorni e 24 ore su 24 \u2013 commenta l&#8217;assessore alla Mobilit\u00e0 e Ambiente Pierfrancesco Maran &#8211; sono una delle eredit\u00e0 di Expo per tutti i cittadini, cos\u00ec come il prolungamento dell&#8217;orario di un&#8217;ora del servizio di BikeMi\u2026<\/p>\n<p class=\"continue-reading-button\"> <a class=\"continue-reading-link\" href=\"https:\/\/www.ilmondodeitreni.it\/blog\/?p=3575\">Continua la lettura<i class=\"crycon-right-dir\"><\/i><\/a><\/p>\n","protected":false},"author":1,"featured_media":0,"comment_status":"open","ping_status":"open","sticky":false,"template":"","format":"standard","meta":{"footnotes":""},"categories":[2],"tags":[121,59,316,29],"class_list":["post-3575","post","type-post","status-publish","format-standard","hentry","category-news","tag-atm","tag-milano","tag-pierfrancesco-maran","tag-trasporti"],"_links":{"self":[{"href":"https:\/\/www.ilmondodeitreni.it\/blog\/index.php?rest_route=\/wp\/v2\/posts\/3575","targetHints":{"allow":["GET"]}}],"collection":[{"href":"https:\/\/www.ilmondodeitreni.it\/blog\/index.php?rest_route=\/wp\/v2\/posts"}],"about":[{"href":"https:\/\/www.ilmondodeitreni.it\/blog\/index.php?rest_route=\/wp\/v2\/types\/post"}],"author":[{"embeddable":true,"href":"https:\/\/www.ilmondodeitreni.it\/blog\/index.php?rest_route=\/wp\/v2\/users\/1"}],"replies":[{"embeddable":true,"href":"https:\/\/www.ilmondodeitreni.it\/blog\/index.php?rest_route=%2Fwp%2Fv2%2Fcomments&post=3575"}],"version-history":[{"count":1,"href":"https:\/\/www.ilmondodeitreni.it\/blog\/index.php?rest_route=\/wp\/v2\/posts\/3575\/revisions"}],"predecessor-version":[{"id":3577,"href":"https:\/\/www.ilmondodeitreni.it\/blog\/index.php?rest_route=\/wp\/v2\/posts\/3575\/revisions\/3577"}],"wp:attachment":[{"href":"https:\/\/www.ilmondodeitreni.it\/blog\/index.php?rest_route=%2Fwp%2Fv2%2Fmedia&parent=3575"}],"wp:term":[{"taxonomy":"category","embeddable":true,"href":"https:\/\/www.ilmondodeitreni.it\/blog\/index.php?rest_route=%2Fwp%2Fv2%2Fcategories&post=3575"},{"taxonomy":"post_tag","embeddable":true,"href":"https:\/\/www.ilmondodeitreni.it\/blog\/index.php?rest_route=%2Fwp%2Fv2%2Ftags&post=3575"}],"curies":[{"name":"wp","href":"https:\/\/api.w.org\/{rel}","templated":true}]}}