{"id":3572,"date":"2016-01-28T04:54:28","date_gmt":"2016-01-28T03:54:28","guid":{"rendered":"http:\/\/www.ilmondodeitreni.it\/blog\/?p=3572"},"modified":"2016-01-28T00:57:12","modified_gmt":"2016-01-27T23:57:12","slug":"torino-fino-al-29-febbraio-limitata-la-linea-tram-4","status":"publish","type":"post","link":"https:\/\/www.ilmondodeitreni.it\/blog\/?p=3572","title":{"rendered":"Torino: fino al 29 febbraio limitata la linea tram 4"},"content":{"rendered":"<p style=\"text-align: justify;\"><a href=\"http:\/\/www.ilmondodeitreni.it\/blog\/wp-content\/uploads\/2016\/01\/Foto2634.jpg\"><img loading=\"lazy\" decoding=\"async\" class=\"alignleft size-thumbnail wp-image-3573\" src=\"http:\/\/www.ilmondodeitreni.it\/blog\/wp-content\/uploads\/2016\/01\/Foto2634-160x120.jpg\" alt=\"Foto2634\" width=\"160\" height=\"120\" srcset=\"https:\/\/www.ilmondodeitreni.it\/blog\/wp-content\/uploads\/2016\/01\/Foto2634-160x120.jpg 160w, https:\/\/www.ilmondodeitreni.it\/blog\/wp-content\/uploads\/2016\/01\/Foto2634-640x480.jpg 640w, https:\/\/www.ilmondodeitreni.it\/blog\/wp-content\/uploads\/2016\/01\/Foto2634-1024x768.jpg 1024w, https:\/\/www.ilmondodeitreni.it\/blog\/wp-content\/uploads\/2016\/01\/Foto2634-200x150.jpg 200w, https:\/\/www.ilmondodeitreni.it\/blog\/wp-content\/uploads\/2016\/01\/Foto2634-300x225.jpg 300w, https:\/\/www.ilmondodeitreni.it\/blog\/wp-content\/uploads\/2016\/01\/Foto2634-150x113.jpg 150w, https:\/\/www.ilmondodeitreni.it\/blog\/wp-content\/uploads\/2016\/01\/Foto2634.jpg 1600w\" sizes=\"auto, (max-width: 160px) 100vw, 160px\" \/><\/a>Continuano i lavori di potatura degli alberi in corso Unione Sovietica. Terminata la prima fase, con una settimana di anticipo rispetto al previsto, <strong>da luned\u00ec 25 gennaio\u00a0\u00e8 iniziata\u00a0la seconda fase.\u00a0 <\/strong>La linea 4 tram fino al 29 febbraio \u00e8 <strong>limitata<\/strong>, <strong>dal luned\u00ec al venerd\u00ec<\/strong>, in corso Unione Sovietica all&#8217;altezza di via Filadelfia (piazza San Gabriele da Gorizia) da dove svolta in corso Galileo Ferraris, via Contratti e ritorna in corso Unione Sovietica sul normale percorso in direzione Falchera. E&#8217; terminata quindi venerd\u00ec 22 gennaio la deviazione su corso Re Umberto attuata durante la prima fase dei lavori. Nel tratto di corso Unione Sovietica non servito dal tram, da strada del Drosso a corso Sebastopoli, sar\u00e0 attiva una <strong>navetta bus\u00a0sostitutiva<\/strong>. L&#8217;<strong>interscambio fra tram e bus<\/strong> sar\u00e0 in corso Unione Sovietica angolo via Filadelfia in direzione strada del Drosso e in corso Sebastopoli angolo corso Unione Sovietica in direzione Falchera. Nello stesso periodo, il sabato e la domenica il servizio della linea 4 sar\u00e0 normalmente gestito con vetture tranviarie sull&#8217;intero percorso strada del Drosso &#8211; Falchera.<\/p>\n","protected":false},"excerpt":{"rendered":"<p>Continuano i lavori di potatura degli alberi in corso Unione Sovietica. Terminata la prima fase, con una settimana di anticipo rispetto al previsto, da luned\u00ec 25 gennaio\u00a0\u00e8 iniziata\u00a0la seconda fase.\u00a0 La linea 4 tram fino al 29 febbraio \u00e8 limitata, dal luned\u00ec al venerd\u00ec, in corso Unione Sovietica all&#8217;altezza di via Filadelfia (piazza San Gabriele da Gorizia) da dove svolta in corso Galileo Ferraris, via Contratti e ritorna in corso\u2026<\/p>\n<p class=\"continue-reading-button\"> <a class=\"continue-reading-link\" href=\"https:\/\/www.ilmondodeitreni.it\/blog\/?p=3572\">Continua la lettura<i class=\"crycon-right-dir\"><\/i><\/a><\/p>\n","protected":false},"author":3,"featured_media":0,"comment_status":"open","ping_status":"open","sticky":false,"template":"","format":"standard","meta":{"footnotes":""},"categories":[2],"tags":[288,69,213,82],"class_list":["post-3572","post","type-post","status-publish","format-standard","hentry","category-news","tag-gtt","tag-mobilita","tag-torino","tag-tram"],"_links":{"self":[{"href":"https:\/\/www.ilmondodeitreni.it\/blog\/index.php?rest_route=\/wp\/v2\/posts\/3572","targetHints":{"allow":["GET"]}}],"collection":[{"href":"https:\/\/www.ilmondodeitreni.it\/blog\/index.php?rest_route=\/wp\/v2\/posts"}],"about":[{"href":"https:\/\/www.ilmondodeitreni.it\/blog\/index.php?rest_route=\/wp\/v2\/types\/post"}],"author":[{"embeddable":true,"href":"https:\/\/www.ilmondodeitreni.it\/blog\/index.php?rest_route=\/wp\/v2\/users\/3"}],"replies":[{"embeddable":true,"href":"https:\/\/www.ilmondodeitreni.it\/blog\/index.php?rest_route=%2Fwp%2Fv2%2Fcomments&post=3572"}],"version-history":[{"count":1,"href":"https:\/\/www.ilmondodeitreni.it\/blog\/index.php?rest_route=\/wp\/v2\/posts\/3572\/revisions"}],"predecessor-version":[{"id":3574,"href":"https:\/\/www.ilmondodeitreni.it\/blog\/index.php?rest_route=\/wp\/v2\/posts\/3572\/revisions\/3574"}],"wp:attachment":[{"href":"https:\/\/www.ilmondodeitreni.it\/blog\/index.php?rest_route=%2Fwp%2Fv2%2Fmedia&parent=3572"}],"wp:term":[{"taxonomy":"category","embeddable":true,"href":"https:\/\/www.ilmondodeitreni.it\/blog\/index.php?rest_route=%2Fwp%2Fv2%2Fcategories&post=3572"},{"taxonomy":"post_tag","embeddable":true,"href":"https:\/\/www.ilmondodeitreni.it\/blog\/index.php?rest_route=%2Fwp%2Fv2%2Ftags&post=3572"}],"curies":[{"name":"wp","href":"https:\/\/api.w.org\/{rel}","templated":true}]}}