{"id":3512,"date":"2016-01-20T17:51:26","date_gmt":"2016-01-20T16:51:26","guid":{"rendered":"http:\/\/www.ilmondodeitreni.it\/blog\/?p=3512"},"modified":"2016-01-20T17:51:26","modified_gmt":"2016-01-20T16:51:26","slug":"ferrovie-santoro-riattivazione-linea-sacile-gemona-dipende-dal-territorio","status":"publish","type":"post","link":"https:\/\/www.ilmondodeitreni.it\/blog\/?p=3512","title":{"rendered":"Ferrovie: Santoro, riattivazione linea Sacile &#8211; Gemona dipende dal territorio"},"content":{"rendered":"<p style=\"text-align: justify;\"><a href=\"http:\/\/www.ilmondodeitreni.it\/blog\/wp-content\/uploads\/2015\/07\/Aln6681458.jpg\"><img loading=\"lazy\" decoding=\"async\" class=\"alignleft size-thumbnail wp-image-2530\" src=\"http:\/\/www.ilmondodeitreni.it\/blog\/wp-content\/uploads\/2015\/07\/Aln6681458-160x102.jpg\" alt=\"Aln6681458\" width=\"160\" height=\"102\" srcset=\"https:\/\/www.ilmondodeitreni.it\/blog\/wp-content\/uploads\/2015\/07\/Aln6681458-160x102.jpg 160w, https:\/\/www.ilmondodeitreni.it\/blog\/wp-content\/uploads\/2015\/07\/Aln6681458.jpg 640w, https:\/\/www.ilmondodeitreni.it\/blog\/wp-content\/uploads\/2015\/07\/Aln6681458-236x150.jpg 236w, https:\/\/www.ilmondodeitreni.it\/blog\/wp-content\/uploads\/2015\/07\/Aln6681458-150x95.jpg 150w, https:\/\/www.ilmondodeitreni.it\/blog\/wp-content\/uploads\/2015\/07\/Aln6681458-318x201.jpg 318w\" sizes=\"auto, (max-width: 160px) 100vw, 160px\" \/><\/a>Sulla realizzabilit\u00e0 della riattivazione dei servizi di trasporto passeggeri sulla linea ferroviaria 233 Sacile-Gemona &#8220;sta alla responsabilit\u00e0 degli amministratori decidere la priorit\u00e0 delle risorse in modo consapevole rispetto al ruolo della Regione Friuli Venezia Giulia, la quale non pu\u00f2 semplicemente spendere ma \u00e8 chiamata a fare investimenti che diventino volano per le attivit\u00e0 pubbliche e private che di questi investimenti si giovano&#8221;. Con queste parole l&#8217;assessore regionale alle Infrastrutture e alla Mobilit\u00e0 Mariagrazia Santoro ha concluso a Maniago l&#8217;incontro pubblico di presentazione dello studio di fattibilit\u00e0 predisposto dalla Societ\u00e0 Ferrovie Udine Cividale (FUC) sulla linea ferroviaria. Linea che non \u00e8 pi\u00f9 attiva dal 2012, da quando fu interrotta da una frana all&#8217;altezza di Meduno (PN). &#8220;Prima di disarmare una ferrovia ci penserei due volte&#8221;, ha rilevato Santoro, che ha evidenziato come la Regione abbia ottenuto l&#8217;inserimento dell&#8217;offerta tra Sacile e Gemona nell&#8217;Accordo Quadro con Rete Ferroviaria Italiana (RFI) sulle infrastrutture ferroviarie regionali. L&#8217;assessore ha chiarito che il costo dell&#8217;operazione oscilla tra 4,4 milioni e 7,5 milioni di euro all&#8217;anno, rispetto a 1,5 milioni di spesa regionale richiesto dal progetto MI.CO.TRA. &#8211; Miglioramento dei Collegamenti Transfrontalieri di trasporto pubblico Udine-Villaco, &#8220;che d\u00e0 grandi soddisfazioni&#8221;. Ai sindaci presenti nell&#8217;Auditorium del Museo dell&#8217;Arte Fabbrile e delle Coltellerie l&#8217;assessore ha pertanto chiesto di &#8220;giungere insieme a una decisione unica&#8221;, perch\u00e9 &#8220;il punto non \u00e8 quanto la Regione ci mette ma quanto ognuno di noi ci mette per far s\u00ec che ci sia un grande progetto di territorio innervato da questa linea&#8221;. Per questo, ha concluso Santoro, &#8220;voglio capire quale mandato mi d\u00e0 il territorio&#8221;. Lo studio di fattibilit\u00e0 sulla Sacile-Gemona \u00e8 stato illustrato dall&#8217;amministratore unico della Societ\u00e0 FUC Maurizio Ionico. In generale l&#8217;obiettivo della riattivazione della linea \u00e8 di attrarre e muovere 1,1 milioni di passeggeri\/anno, cifra che rappresenta il potenziale di riferimento e che tiene conto, oltre al bacino abituale e pendolare, di quote di riconversione della mobilit\u00e0 automobilistica, di flussi turistici e del consolidamento della mobilit\u00e0 treno-bici. Nelle ipotesi di studio, l&#8217;esercizio della linea riattivata pu\u00f2 contare in partenza su un numero di passeggeri che va all&#8217;incirca da 200.000 a 480.000 passeggeri, a seconda che si realizzi solo la tratta tra Sacile-Maniago o la tratta completa Sacile-Gemona. I tempi di percorrenza, dopo il periodo iniziale, possono essere abbassati di oltre 5 minuti (tra i 7 e i 10) rispetto all&#8217;esercizio attivo fino al 2012. Per i meri costi di ripristino si dovrebbero spendere rispettivamente 3,5 milioni sulla linea completa e 1,1 milioni di euro per la sola subordinata Sacile-Maniago. Ionico ha chiarito che le aziende interpellate non hanno manifestato uno specifico interesse ad attivare un trasporto merci sulla linea.<\/p>\n","protected":false},"excerpt":{"rendered":"<p>Sulla realizzabilit\u00e0 della riattivazione dei servizi di trasporto passeggeri sulla linea ferroviaria 233 Sacile-Gemona &#8220;sta alla responsabilit\u00e0 degli amministratori decidere la priorit\u00e0 delle risorse in modo consapevole rispetto al ruolo della Regione Friuli Venezia Giulia, la quale non pu\u00f2 semplicemente spendere ma \u00e8 chiamata a fare investimenti che diventino volano per le attivit\u00e0 pubbliche e private che di questi investimenti si giovano&#8221;. Con queste parole l&#8217;assessore regionale alle Infrastrutture e\u2026<\/p>\n<p class=\"continue-reading-button\"> <a class=\"continue-reading-link\" href=\"https:\/\/www.ilmondodeitreni.it\/blog\/?p=3512\">Continua la lettura<i class=\"crycon-right-dir\"><\/i><\/a><\/p>\n","protected":false},"author":1,"featured_media":0,"comment_status":"open","ping_status":"open","sticky":false,"template":"","format":"standard","meta":{"footnotes":""},"categories":[2],"tags":[5,2820,2818,571,868,2575,643,2819,2817],"class_list":["post-3512","post","type-post","status-publish","format-standard","hentry","category-news","tag-ferrovie","tag-gemona","tag-maniago","tag-mariagrazia-santoro","tag-mi-co-tra","tag-regione-friuli-venezia-giulia","tag-rete-ferroviaria-italiana","tag-sacile","tag-societa-ferrovie-udine-cividale"],"_links":{"self":[{"href":"https:\/\/www.ilmondodeitreni.it\/blog\/index.php?rest_route=\/wp\/v2\/posts\/3512","targetHints":{"allow":["GET"]}}],"collection":[{"href":"https:\/\/www.ilmondodeitreni.it\/blog\/index.php?rest_route=\/wp\/v2\/posts"}],"about":[{"href":"https:\/\/www.ilmondodeitreni.it\/blog\/index.php?rest_route=\/wp\/v2\/types\/post"}],"author":[{"embeddable":true,"href":"https:\/\/www.ilmondodeitreni.it\/blog\/index.php?rest_route=\/wp\/v2\/users\/1"}],"replies":[{"embeddable":true,"href":"https:\/\/www.ilmondodeitreni.it\/blog\/index.php?rest_route=%2Fwp%2Fv2%2Fcomments&post=3512"}],"version-history":[{"count":1,"href":"https:\/\/www.ilmondodeitreni.it\/blog\/index.php?rest_route=\/wp\/v2\/posts\/3512\/revisions"}],"predecessor-version":[{"id":3513,"href":"https:\/\/www.ilmondodeitreni.it\/blog\/index.php?rest_route=\/wp\/v2\/posts\/3512\/revisions\/3513"}],"wp:attachment":[{"href":"https:\/\/www.ilmondodeitreni.it\/blog\/index.php?rest_route=%2Fwp%2Fv2%2Fmedia&parent=3512"}],"wp:term":[{"taxonomy":"category","embeddable":true,"href":"https:\/\/www.ilmondodeitreni.it\/blog\/index.php?rest_route=%2Fwp%2Fv2%2Fcategories&post=3512"},{"taxonomy":"post_tag","embeddable":true,"href":"https:\/\/www.ilmondodeitreni.it\/blog\/index.php?rest_route=%2Fwp%2Fv2%2Ftags&post=3512"}],"curies":[{"name":"wp","href":"https:\/\/api.w.org\/{rel}","templated":true}]}}