{"id":3436,"date":"2016-01-07T20:44:49","date_gmt":"2016-01-07T19:44:49","guid":{"rendered":"http:\/\/www.ilmondodeitreni.it\/blog\/?p=3436"},"modified":"2016-01-07T20:44:49","modified_gmt":"2016-01-07T19:44:49","slug":"atac-roma-lido-sabato-9-gennaio-servizio-sospeso-tra-acilia-lido-centro","status":"publish","type":"post","link":"https:\/\/www.ilmondodeitreni.it\/blog\/?p=3436","title":{"rendered":"Atac, Roma-Lido: sabato 9 gennaio servizio sospeso tra Acilia-Lido Centro"},"content":{"rendered":"<p style=\"text-align: justify;\"><a href=\"http:\/\/www.ilmondodeitreni.it\/blog\/wp-content\/uploads\/2015\/01\/m100stellapolare.jpg\"><img loading=\"lazy\" decoding=\"async\" class=\"alignleft size-thumbnail wp-image-1214\" src=\"http:\/\/www.ilmondodeitreni.it\/blog\/wp-content\/uploads\/2015\/01\/m100stellapolare-160x120.jpg\" alt=\"m100stellapolare\" width=\"160\" height=\"120\" srcset=\"https:\/\/www.ilmondodeitreni.it\/blog\/wp-content\/uploads\/2015\/01\/m100stellapolare-160x120.jpg 160w, https:\/\/www.ilmondodeitreni.it\/blog\/wp-content\/uploads\/2015\/01\/m100stellapolare.jpg 640w, https:\/\/www.ilmondodeitreni.it\/blog\/wp-content\/uploads\/2015\/01\/m100stellapolare-200x150.jpg 200w, https:\/\/www.ilmondodeitreni.it\/blog\/wp-content\/uploads\/2015\/01\/m100stellapolare-150x113.jpg 150w\" sizes=\"auto, (max-width: 160px) 100vw, 160px\" \/><\/a>Sabato 9 gennaio, per lasciare spazio ai lavori per la realizzazione del sottopasso pedonale della nuova stazione di Acilia Sud, la ferrovia regionale Roma-Lido di Ostia sar\u00e0 parzialmente interrotta. In particolare, per l\u00b4intera giornata, la ferrovia sar\u00e0 sospesa nella tratta Acilia-Lido Centro e sostituita da bus navetta. Attive le tratte Piramide-Acilia e Lido Centro-Colombo sulle quali sar\u00e0 in vigore un orario diverso dal consueto orario del sabato. . La linea di bus navetta Acilia-Lido Centro effettuer\u00e0 fermata nei pressi delle stazioni chiuse. In dettaglio, ad Acilia la navetta fermer\u00e0 davanti alla stazione ferroviaria in concomitanza capolinea bus 063; ad Ostia Antica in direzione Acilia via Ostiense difronte alla stazione ferroviaria (fermata 71156 Ostiense\/stazione di Ostia Antica); in direzione Lido Centro a viale dei Romagnoli, all&#8217;altezza di via degli Scavi di Ostia Antica (fermata 76783 Romagnoli\/Scavi di Ostia Antica). A Lido Nord, in direzione Acilia: via Ostiense i bus fermeranno all&#8217;altezza scale di accesso stazione (palina di fermata provvisoria); mentre in direzione Lido Centro in via delle Azzorre all&#8217;altezza viale dei Romagnoli (palina di fermata provvisoria). A Lido Centro la navetta fermer\u00e0 all&#8217;entrata della stazione, in concomitanza del capolinea della linea bus 01.\u00a0 Tra Acilia e Lido Centro potr\u00e0 essere utilizzata anche la linea di bus ordinaria 04. La parziale interruzione\u00a0della ferrovia Roma-Lido attuata nel corso di una giornata a bassa frequentazione pendolare si \u00e8 resa necessaria per la realizzazione del sottopasso pedonale che sar\u00e0 parte integrante della nuova stazione di Acilia Sud i cui lavori di costruzione sono in pieno svolgimento. La stazione di Acilia Sud sar\u00e0 collocata tra le storiche stazioni di Acilia e di Ostia Antica e sar\u00e0 a servizio dell\u00b4ampio insediamento abitativo della zona.<\/p>\n","protected":false},"excerpt":{"rendered":"<p>Sabato 9 gennaio, per lasciare spazio ai lavori per la realizzazione del sottopasso pedonale della nuova stazione di Acilia Sud, la ferrovia regionale Roma-Lido di Ostia sar\u00e0 parzialmente interrotta. In particolare, per l\u00b4intera giornata, la ferrovia sar\u00e0 sospesa nella tratta Acilia-Lido Centro e sostituita da bus navetta. Attive le tratte Piramide-Acilia e Lido Centro-Colombo sulle quali sar\u00e0 in vigore un orario diverso dal consueto orario del sabato. . La linea\u2026<\/p>\n<p class=\"continue-reading-button\"> <a class=\"continue-reading-link\" href=\"https:\/\/www.ilmondodeitreni.it\/blog\/?p=3436\">Continua la lettura<i class=\"crycon-right-dir\"><\/i><\/a><\/p>\n","protected":false},"author":1,"featured_media":0,"comment_status":"open","ping_status":"open","sticky":false,"template":"","format":"standard","meta":{"footnotes":""},"categories":[2],"tags":[927,7,1221,9,29],"class_list":["post-3436","post","type-post","status-publish","format-standard","hentry","category-news","tag-acilia","tag-atac","tag-ferrovia-roma-lido","tag-roma","tag-trasporti"],"_links":{"self":[{"href":"https:\/\/www.ilmondodeitreni.it\/blog\/index.php?rest_route=\/wp\/v2\/posts\/3436","targetHints":{"allow":["GET"]}}],"collection":[{"href":"https:\/\/www.ilmondodeitreni.it\/blog\/index.php?rest_route=\/wp\/v2\/posts"}],"about":[{"href":"https:\/\/www.ilmondodeitreni.it\/blog\/index.php?rest_route=\/wp\/v2\/types\/post"}],"author":[{"embeddable":true,"href":"https:\/\/www.ilmondodeitreni.it\/blog\/index.php?rest_route=\/wp\/v2\/users\/1"}],"replies":[{"embeddable":true,"href":"https:\/\/www.ilmondodeitreni.it\/blog\/index.php?rest_route=%2Fwp%2Fv2%2Fcomments&post=3436"}],"version-history":[{"count":1,"href":"https:\/\/www.ilmondodeitreni.it\/blog\/index.php?rest_route=\/wp\/v2\/posts\/3436\/revisions"}],"predecessor-version":[{"id":3437,"href":"https:\/\/www.ilmondodeitreni.it\/blog\/index.php?rest_route=\/wp\/v2\/posts\/3436\/revisions\/3437"}],"wp:attachment":[{"href":"https:\/\/www.ilmondodeitreni.it\/blog\/index.php?rest_route=%2Fwp%2Fv2%2Fmedia&parent=3436"}],"wp:term":[{"taxonomy":"category","embeddable":true,"href":"https:\/\/www.ilmondodeitreni.it\/blog\/index.php?rest_route=%2Fwp%2Fv2%2Fcategories&post=3436"},{"taxonomy":"post_tag","embeddable":true,"href":"https:\/\/www.ilmondodeitreni.it\/blog\/index.php?rest_route=%2Fwp%2Fv2%2Ftags&post=3436"}],"curies":[{"name":"wp","href":"https:\/\/api.w.org\/{rel}","templated":true}]}}