{"id":3373,"date":"2015-12-25T22:35:35","date_gmt":"2015-12-25T21:35:35","guid":{"rendered":"http:\/\/www.ilmondodeitreni.it\/blog\/?p=3373"},"modified":"2015-12-25T22:35:35","modified_gmt":"2015-12-25T21:35:35","slug":"ferrovia-circumetnea-inaugurati-i-nuovi-treni-vulcano","status":"publish","type":"post","link":"https:\/\/www.ilmondodeitreni.it\/blog\/?p=3373","title":{"rendered":"Ferrovia Circumetnea: inaugurati i nuovi treni Vulcano"},"content":{"rendered":"<p style=\"text-align: justify;\"><a href=\"http:\/\/www.ilmondodeitreni.it\/blog\/wp-content\/uploads\/2015\/12\/treno-vulcano.jpg\"><img loading=\"lazy\" decoding=\"async\" class=\"alignleft size-thumbnail wp-image-3374\" src=\"http:\/\/www.ilmondodeitreni.it\/blog\/wp-content\/uploads\/2015\/12\/treno-vulcano-107x160.jpg\" alt=\"treno-vulcano\" width=\"107\" height=\"160\" srcset=\"https:\/\/www.ilmondodeitreni.it\/blog\/wp-content\/uploads\/2015\/12\/treno-vulcano-107x160.jpg 107w, https:\/\/www.ilmondodeitreni.it\/blog\/wp-content\/uploads\/2015\/12\/treno-vulcano-320x480.jpg 320w, https:\/\/www.ilmondodeitreni.it\/blog\/wp-content\/uploads\/2015\/12\/treno-vulcano-512x768.jpg 512w, https:\/\/www.ilmondodeitreni.it\/blog\/wp-content\/uploads\/2015\/12\/treno-vulcano-100x150.jpg 100w, https:\/\/www.ilmondodeitreni.it\/blog\/wp-content\/uploads\/2015\/12\/treno-vulcano-300x450.jpg 300w, https:\/\/www.ilmondodeitreni.it\/blog\/wp-content\/uploads\/2015\/12\/treno-vulcano.jpg 800w\" sizes=\"auto, (max-width: 107px) 100vw, 107px\" \/><\/a>Saranno sulle rotaie nei primi mesi del 2016 i nuovi treni Vulcano, impegnati su tutto il circuito della Ferrovia Circumetnea, inaugurati lo scorso sabato\u00a0alla stazione Catania-Borgo. Nell\u2019ambito dei lavori di potenziamento ed ammodernamento della propria rete, FCE, che festeggia quest\u2019anno i 120 anni di attivit\u00e0, \u00e8 impegnata in un intenso programma di riqualificazione. Lo rende noto la societ\u00e0, sottolineando che lo scorso luglio<strong>\u00a0<\/strong>\u201c\u00e8 stato inaugurato il completamento della tratta Adrano-Biancavilla-Patern\u00f2. Oggi, la Circum ha festeggiato l\u2019arrivo di quattro unit\u00e0 di trazione, per un valore di 14.760.000,00 di euro, iva esclusa, che la Societ\u00e0 Newag ha realizzato in esecuzione di un primo contratto applicativo all\u2019interno di un pi\u00f9 ampio Accordo Quadro relativo a 10 Unit\u00e0 di Trazione. L\u2019arcivescovo metropolita di Catania, Monsignor Salvatore Gristina, ha benedetto i nuovi treni durante una cerimonia alla quale hanno preso parte anche dipendenti ed ex dipendenti dell\u2019azienda. Nel corso della conferenza stampa,\u00a0 l\u2019Assessore Regionale al Turismo Anthony Barbagallo ha evidenziato l\u2019importanza dello sviluppo del sistema ferroviario e la volont\u00e0 da parte della Regione Siciliana di sostenere le iniziative in fieri della Ferrovia Circumetnea. Il sindaco di Catania Enzo Bianco che ha sottolineato come: \u201cOggi festeggiamo un caso di successo, la Circum era una vecchia azienda che si \u00e8 trasformata in un\u2019azienda moderna di trasporto locale e metropolitano, che ha saputo affrontare le difficolt\u00e0 e guardare con ottimismo al futuro.\u201d\u00a0Ed il presidente di Newag, Zbigniew Konieczek, ha portato i saluti dell\u2019azienda che ha costruito il treno. Virginio Di Giambattista, Gestore Direttore Generale TPL, del Ministero delle Infrastrutture e dei Trasporti ha evidenziato che \u201cSono treni nuovi e confortevoli che ci consentono di migliorare e valorizzare le nostre tratte offrendo agli utenti mezzi validi e all\u2019avanguardia, una maggiore frequenza e pi\u00f9 puntualit\u00e0 del servizio. In quanto treni progettati appositamente per la Circumetnea avranno necessit\u00e0 di un adeguato periodo di prova per la messa in esercizio. Le vetture attualmente operative hanno una et\u00e0 media di 45 anni. Per questo motivo stiamo mettendo in esercizio 4 nuovi treni, ed altri 3, grazie all\u2019azione delle Regione Siciliana nell\u2019ambito della programmazione comunitaria, verranno pianificati l\u2019anno prossimo, cos\u00ec da sostituire ed integrare i mezzi gi\u00e0 attivi\u201d.\u00a0 \u201cIl piano aziendale \u2013 ha aggiunto Alessandro Di Graziano, Direttore Generale FCE \u2013 prevede di attrare su ferro i flussi di pendolari che gravitano nell\u2019asse Randazzo-Catania mediante una riqualificazione ferroviaria-metropolitana di tale tratta ed il nevralgico utilizzo dell\u2019autoservizio come modo di adduzione. Nell\u2019altro versante, ad oggi, la linea ferroviaria non \u00e8 competitiva con l\u2019autoservizio per le esigenze degli utenti pendolari, tuttavia, ritieniamo che la stessa abbia potenzialit\u00e0 enormi per divenire l\u2019asse portante di un circuito turistico-economico basato sulle eccellenze del territorio, trasformando i nostri mezzi in vettori di un innovativo modello di turismo direttamente attratto dalle magie dell\u2019Etna o dal fascino di Taormina\u201d.<br \/>\nI treni Vulcano sono unit\u00e0 di trazione diesel-elettrica a scartamento ridotto (950 mm) e<br \/>\nbidirezionale, composti da due motrici (nominate M1 e M2), con una superfice interna priva di barriere, grazie al collegamento dell\u2019area di passaggio tra le carrozze.<br \/>\nIl design esterno dei veicoli \u00e8 caratterizzato da forme lineari e semplici. L\u2019allestimento prevede: 2 saloni aperti, accessibili direttamente dal vestibolo di salita. Il passaggio tra vestibolo e comparto \u00e8 libero, agevolando in tal modo il flusso dei passeggeri sia in salita che in discesa. Inoltre tutti i finestrini sono equipaggiati con tendine parasole, i rivestimenti sono realizzati con pannelli in lega leggera e materiali compositi, dalle forme leggermente arrotondate e dai colori chiari. Ci sono canali luminosi per l\u2019illuminazione diretta e indiretta, canali di ventilazione presso il soffitto, destinati a garantire il comfort termico e la circolazione dell\u2019aria.<br \/>\nIl locale WC (nel veicolo M1) \u00e8 destinato all\u2019utilizzo da parte di viaggiatori a ridotta mobilit\u00e0, e le porte del veicolo M1 sono equipaggiate con i necessari dispositivi di sollevamento. Chi volesse salire in treno con la propria bici potr\u00e0 farlo grazie alle postazioni per la collocazione ed il trasporto di biciclette.<br \/>\nI treni dispongono anche di display informativi con annunci sonori e visivi ed informazioni sul tragitto. Tra gli accorgimenti innovativi ci sono i sistemi contapasseggeri alle porte di ingresso per la rilevazione in tempo reale degli utenti a bordo e la geolocalizzazione del treno per il controllo della regolarit\u00e0 della corsa da un\u2019apposita centrale operativa.<\/p>\n","protected":false},"excerpt":{"rendered":"<p>Saranno sulle rotaie nei primi mesi del 2016 i nuovi treni Vulcano, impegnati su tutto il circuito della Ferrovia Circumetnea, inaugurati lo scorso sabato\u00a0alla stazione Catania-Borgo. Nell\u2019ambito dei lavori di potenziamento ed ammodernamento della propria rete, FCE, che festeggia quest\u2019anno i 120 anni di attivit\u00e0, \u00e8 impegnata in un intenso programma di riqualificazione. Lo rende noto la societ\u00e0, sottolineando che lo scorso luglio\u00a0\u201c\u00e8 stato inaugurato il completamento della tratta Adrano-Biancavilla-Patern\u00f2.\u2026<\/p>\n<p class=\"continue-reading-button\"> <a class=\"continue-reading-link\" href=\"https:\/\/www.ilmondodeitreni.it\/blog\/?p=3373\">Continua la lettura<i class=\"crycon-right-dir\"><\/i><\/a><\/p>\n","protected":false},"author":4,"featured_media":0,"comment_status":"open","ping_status":"open","sticky":false,"template":"","format":"standard","meta":{"footnotes":""},"categories":[2],"tags":[2724,807,2720,2097,5,2721,2722,2725,224,2723],"class_list":["post-3373","post","type-post","status-publish","format-standard","hentry","category-news","tag-anthony-barbagallo","tag-catania","tag-circumetnea","tag-enzo-bianco","tag-ferrovie","tag-monsignor-salvatore-gristina","tag-newag","tag-randazzo","tag-sicilia","tag-zbigniew-konieczek"],"_links":{"self":[{"href":"https:\/\/www.ilmondodeitreni.it\/blog\/index.php?rest_route=\/wp\/v2\/posts\/3373","targetHints":{"allow":["GET"]}}],"collection":[{"href":"https:\/\/www.ilmondodeitreni.it\/blog\/index.php?rest_route=\/wp\/v2\/posts"}],"about":[{"href":"https:\/\/www.ilmondodeitreni.it\/blog\/index.php?rest_route=\/wp\/v2\/types\/post"}],"author":[{"embeddable":true,"href":"https:\/\/www.ilmondodeitreni.it\/blog\/index.php?rest_route=\/wp\/v2\/users\/4"}],"replies":[{"embeddable":true,"href":"https:\/\/www.ilmondodeitreni.it\/blog\/index.php?rest_route=%2Fwp%2Fv2%2Fcomments&post=3373"}],"version-history":[{"count":1,"href":"https:\/\/www.ilmondodeitreni.it\/blog\/index.php?rest_route=\/wp\/v2\/posts\/3373\/revisions"}],"predecessor-version":[{"id":3375,"href":"https:\/\/www.ilmondodeitreni.it\/blog\/index.php?rest_route=\/wp\/v2\/posts\/3373\/revisions\/3375"}],"wp:attachment":[{"href":"https:\/\/www.ilmondodeitreni.it\/blog\/index.php?rest_route=%2Fwp%2Fv2%2Fmedia&parent=3373"}],"wp:term":[{"taxonomy":"category","embeddable":true,"href":"https:\/\/www.ilmondodeitreni.it\/blog\/index.php?rest_route=%2Fwp%2Fv2%2Fcategories&post=3373"},{"taxonomy":"post_tag","embeddable":true,"href":"https:\/\/www.ilmondodeitreni.it\/blog\/index.php?rest_route=%2Fwp%2Fv2%2Ftags&post=3373"}],"curies":[{"name":"wp","href":"https:\/\/api.w.org\/{rel}","templated":true}]}}