{"id":3370,"date":"2015-12-24T12:50:52","date_gmt":"2015-12-24T11:50:52","guid":{"rendered":"http:\/\/www.ilmondodeitreni.it\/blog\/?p=3370"},"modified":"2015-12-25T10:59:32","modified_gmt":"2015-12-25T09:59:32","slug":"attivato-il-nuovo-binario-fra-livorno-calambrone-e-darsenaporto-nuovo","status":"publish","type":"post","link":"https:\/\/www.ilmondodeitreni.it\/blog\/?p=3370","title":{"rendered":"Attivato il nuovo binario fra Livorno Calambrone e Darsena\/Porto Nuovo"},"content":{"rendered":"<p style=\"text-align: justify;\"><a href=\"http:\/\/www.ilmondodeitreni.it\/blog\/wp-content\/uploads\/2015\/12\/G200021_reggioemilia.jpg\"><img loading=\"lazy\" decoding=\"async\" class=\"alignleft size-thumbnail wp-image-3254\" src=\"http:\/\/www.ilmondodeitreni.it\/blog\/wp-content\/uploads\/2015\/12\/G200021_reggioemilia-160x120.jpg\" alt=\"G200021_reggioemilia\" width=\"160\" height=\"120\" srcset=\"https:\/\/www.ilmondodeitreni.it\/blog\/wp-content\/uploads\/2015\/12\/G200021_reggioemilia-160x120.jpg 160w, https:\/\/www.ilmondodeitreni.it\/blog\/wp-content\/uploads\/2015\/12\/G200021_reggioemilia-200x150.jpg 200w, https:\/\/www.ilmondodeitreni.it\/blog\/wp-content\/uploads\/2015\/12\/G200021_reggioemilia-150x113.jpg 150w, https:\/\/www.ilmondodeitreni.it\/blog\/wp-content\/uploads\/2015\/12\/G200021_reggioemilia.jpg 640w\" sizes=\"auto, (max-width: 160px) 100vw, 160px\" \/><\/a>Attivato il nuovo binario di collegamento fra la stazione Livorno Calambrone e le aree portuali di Livorno Darsena e Livorno Porto Nuovo. <b>La nuova opera consente ora la separazione dei flussi merci in uscita\/arrivo da Livorno Calambrone con la Darsena ed il Porto Nuovo<\/b>, incrementando cos\u00ec la potenzialit\u00e0 di manovra della logistica portuale con una migliore accessibilit\u00e0 alla rete ferroviaria da parte dei diversi operatori portuali. Una seconda fase di interventi di potenziamento dell\u2019area portuale di Livorno prevede la realizzazione, entro la prossima estate, della nuova stazione di Livorno Darsena e del nuovo binario tra Livorno Darsena e la linea Tirrenica che consentir\u00e0 l\u2019arrivo e la partenza di treni merci con lunghezza commerciale di 750 metri. Una volta realizzato l\u2019intero progetto &#8211; investimento di circa 40 milioni di euro -finanziato da Regione Toscana, Comunit\u00e0 Europea e Rete Ferroviaria Italiana il sistema portuale di Livorno sar\u00e0 attrezzato con una infrastruttura ferroviaria in grado di supportare i programmi di sviluppo del porto presidiati da Autorit\u00e0 Portuale di Livorno e Regione Toscana.<\/p>\n","protected":false},"excerpt":{"rendered":"<p>Attivato il nuovo binario di collegamento fra la stazione Livorno Calambrone e le aree portuali di Livorno Darsena e Livorno Porto Nuovo. La nuova opera consente ora la separazione dei flussi merci in uscita\/arrivo da Livorno Calambrone con la Darsena ed il Porto Nuovo, incrementando cos\u00ec la potenzialit\u00e0 di manovra della logistica portuale con una migliore accessibilit\u00e0 alla rete ferroviaria da parte dei diversi operatori portuali. Una seconda fase di\u2026<\/p>\n<p class=\"continue-reading-button\"> <a class=\"continue-reading-link\" href=\"https:\/\/www.ilmondodeitreni.it\/blog\/?p=3370\">Continua la lettura<i class=\"crycon-right-dir\"><\/i><\/a><\/p>\n","protected":false},"author":2,"featured_media":0,"comment_status":"open","ping_status":"open","sticky":false,"template":"","format":"standard","meta":{"footnotes":""},"categories":[2],"tags":[2719,2718,5,1845,192,34],"class_list":["post-3370","post","type-post","status-publish","format-standard","hentry","category-news","tag-autorita-portuale-di-livorno","tag-comunita-europea","tag-ferrovie","tag-livorno","tag-regione-toscana","tag-rfi"],"_links":{"self":[{"href":"https:\/\/www.ilmondodeitreni.it\/blog\/index.php?rest_route=\/wp\/v2\/posts\/3370","targetHints":{"allow":["GET"]}}],"collection":[{"href":"https:\/\/www.ilmondodeitreni.it\/blog\/index.php?rest_route=\/wp\/v2\/posts"}],"about":[{"href":"https:\/\/www.ilmondodeitreni.it\/blog\/index.php?rest_route=\/wp\/v2\/types\/post"}],"author":[{"embeddable":true,"href":"https:\/\/www.ilmondodeitreni.it\/blog\/index.php?rest_route=\/wp\/v2\/users\/2"}],"replies":[{"embeddable":true,"href":"https:\/\/www.ilmondodeitreni.it\/blog\/index.php?rest_route=%2Fwp%2Fv2%2Fcomments&post=3370"}],"version-history":[{"count":1,"href":"https:\/\/www.ilmondodeitreni.it\/blog\/index.php?rest_route=\/wp\/v2\/posts\/3370\/revisions"}],"predecessor-version":[{"id":3371,"href":"https:\/\/www.ilmondodeitreni.it\/blog\/index.php?rest_route=\/wp\/v2\/posts\/3370\/revisions\/3371"}],"wp:attachment":[{"href":"https:\/\/www.ilmondodeitreni.it\/blog\/index.php?rest_route=%2Fwp%2Fv2%2Fmedia&parent=3370"}],"wp:term":[{"taxonomy":"category","embeddable":true,"href":"https:\/\/www.ilmondodeitreni.it\/blog\/index.php?rest_route=%2Fwp%2Fv2%2Fcategories&post=3370"},{"taxonomy":"post_tag","embeddable":true,"href":"https:\/\/www.ilmondodeitreni.it\/blog\/index.php?rest_route=%2Fwp%2Fv2%2Ftags&post=3370"}],"curies":[{"name":"wp","href":"https:\/\/api.w.org\/{rel}","templated":true}]}}