{"id":3301,"date":"2015-12-15T23:14:03","date_gmt":"2015-12-15T22:14:03","guid":{"rendered":"http:\/\/www.ilmondodeitreni.it\/blog\/?p=3301"},"modified":"2015-12-15T23:14:03","modified_gmt":"2015-12-15T22:14:03","slug":"emilia-romagna-7-nuovi-stadler-etr350-per-i-pendolari","status":"publish","type":"post","link":"https:\/\/www.ilmondodeitreni.it\/blog\/?p=3301","title":{"rendered":"Emilia Romagna:  7 nuovi Stadler ETR350 per i pendolari"},"content":{"rendered":"<p style=\"text-align: justify;\"><a href=\"http:\/\/www.ilmondodeitreni.it\/blog\/wp-content\/uploads\/2014\/11\/Stadler_2bo.jpg\"><img loading=\"lazy\" decoding=\"async\" class=\"alignleft size-thumbnail wp-image-17\" src=\"http:\/\/www.ilmondodeitreni.it\/blog\/wp-content\/uploads\/2014\/11\/Stadler_2bo-150x150.jpg\" alt=\" \" width=\"150\" height=\"150\" \/><\/a>Entrer\u00e0 in servizio sulla <strong>Bologna-Portomaggiore<\/strong> il primo dei <strong>7 nuovi treni Tper modello Stadler ETR 350<\/strong> (investimento complessivo, oltre 45 milioni di euro), che si aggiungeranno ai 12 \u201cgemelli\u201d gi\u00e0 in circolazione sui servizi ferroviari regionali dell\u2019Emilia-Romagna. Il treno presentato oggi, con viaggio inaugurale sulla linea, entrer\u00e0 in funzione gi\u00e0 a partire dai prossimi giorni;\u00a0 i successivi 6 arriveranno nei prossimi mesi con consegne cadenzate, al ritmo di uno al mese. Degli altri sei, un altro andr\u00e0 sempre sulla Bologna-Portomaggiore entro il 2016. Insieme all\u2019<strong>assessore regionale Raffaele Donini<\/strong>, oggi erano presenti la presidente di Tper <strong>Giuseppina Gualtieri<\/strong>, la consigliera delegata alle Infrastrutture, Mobilit\u00e0 e Viabilit\u00e0 della Citt\u00e0 Metropolitana di Bologna <strong>Irene Priolo<\/strong>, e l\u2019assessore alla Mobilit\u00e0 del Comune di Bologna, <strong>Andrea Colombo. <\/strong>A settembre \u201cabbiamo fatto un\u2019ispezione su questa linea, assicurando ai pendolari che il primo dei nuovi Stadler l\u2019avremmo destinato a loro. Abbiamo mantenuto la promessa\u201d. Cos\u00ec l\u2019assessore alle Infrastrutture e Trasporti della Regione <b>Raffaele Donini. <\/b>Oggi rafforziamo il Sistema ferroviario metropolitano bolognese\u201d ha aggiunto Donini. \u201cContinuiamo a lavorare, per far s\u00ec che in ogni momento si possa rafforzare il servizio\u201d.\u00a0 Oltre che sulla Bologna-Portomaggiore, i rotabili ETR 350 andranno in servizio sulla <strong>Bologna-Vignola<\/strong> e la <strong>Bologna-Porretta<\/strong>. Sono convogli a 5 carrozze di moderna concezione, con 265 posti a sedere e 350 in piedi, 8 porte ampie, 2 postazioni per l\u2019alloggiamento di carrozzine per passeggeri con disabilit\u00e0 motoria, ganci portabici, climatizzazione integrale e pianale ribassato sul 90% di tutta la superficie calpestabile.<\/p>\n<p style=\"text-align: justify;\">Sono treni, spiega Tper, che hanno gi\u00e0 riscosso il favore e l\u2019apprezzamento dei pendolari che utilizzano le ferrovie locali tedesche e svizzere, poi, pi\u00f9 recentemente, anche di quelli italiani ed emiliano-romagnoli. I 12 ETR 350 che Tper gi\u00e0 utilizza dall\u2019inizio del 2013 sono, infatti, in servizio oggi sulla rete regionale e principalmente sulle linee Bologna-Vignola, Bologna-Portomaggiore, Bologna-Porretta, Bologna-Rimini, Ferrara-Bologna-Imola e Bologna-Poggio Rusco, \u201cdove questi treni hanno registrato un altissimo grado di soddisfazione tra gli utenti per la loro affidabilit\u00e0 e per il comfort di viaggio che garantiscono\u201d.<\/p>\n<p>&nbsp;<\/p>\n","protected":false},"excerpt":{"rendered":"<p>Entrer\u00e0 in servizio sulla Bologna-Portomaggiore il primo dei 7 nuovi treni Tper modello Stadler ETR 350 (investimento complessivo, oltre 45 milioni di euro), che si aggiungeranno ai 12 \u201cgemelli\u201d gi\u00e0 in circolazione sui servizi ferroviari regionali dell\u2019Emilia-Romagna. Il treno presentato oggi, con viaggio inaugurale sulla linea, entrer\u00e0 in funzione gi\u00e0 a partire dai prossimi giorni;\u00a0 i successivi 6 arriveranno nei prossimi mesi con consegne cadenzate, al ritmo di uno al\u2026<\/p>\n<p class=\"continue-reading-button\"> <a class=\"continue-reading-link\" href=\"https:\/\/www.ilmondodeitreni.it\/blog\/?p=3301\">Continua la lettura<i class=\"crycon-right-dir\"><\/i><\/a><\/p>\n","protected":false},"author":1,"featured_media":0,"comment_status":"open","ping_status":"open","sticky":false,"template":"","format":"standard","meta":{"footnotes":""},"categories":[2],"tags":[2678,2676,303,5,1815,2677,301,765,183,164],"class_list":["post-3301","post","type-post","status-publish","format-standard","hentry","category-news","tag-andrea-colombo","tag-bologna-portomaggiore","tag-emilia-romagna","tag-ferrovie","tag-giuseppina-gualtieri","tag-irene-priolo","tag-porrettana","tag-raffaele-donini","tag-stadler","tag-tper"],"_links":{"self":[{"href":"https:\/\/www.ilmondodeitreni.it\/blog\/index.php?rest_route=\/wp\/v2\/posts\/3301","targetHints":{"allow":["GET"]}}],"collection":[{"href":"https:\/\/www.ilmondodeitreni.it\/blog\/index.php?rest_route=\/wp\/v2\/posts"}],"about":[{"href":"https:\/\/www.ilmondodeitreni.it\/blog\/index.php?rest_route=\/wp\/v2\/types\/post"}],"author":[{"embeddable":true,"href":"https:\/\/www.ilmondodeitreni.it\/blog\/index.php?rest_route=\/wp\/v2\/users\/1"}],"replies":[{"embeddable":true,"href":"https:\/\/www.ilmondodeitreni.it\/blog\/index.php?rest_route=%2Fwp%2Fv2%2Fcomments&post=3301"}],"version-history":[{"count":1,"href":"https:\/\/www.ilmondodeitreni.it\/blog\/index.php?rest_route=\/wp\/v2\/posts\/3301\/revisions"}],"predecessor-version":[{"id":3302,"href":"https:\/\/www.ilmondodeitreni.it\/blog\/index.php?rest_route=\/wp\/v2\/posts\/3301\/revisions\/3302"}],"wp:attachment":[{"href":"https:\/\/www.ilmondodeitreni.it\/blog\/index.php?rest_route=%2Fwp%2Fv2%2Fmedia&parent=3301"}],"wp:term":[{"taxonomy":"category","embeddable":true,"href":"https:\/\/www.ilmondodeitreni.it\/blog\/index.php?rest_route=%2Fwp%2Fv2%2Fcategories&post=3301"},{"taxonomy":"post_tag","embeddable":true,"href":"https:\/\/www.ilmondodeitreni.it\/blog\/index.php?rest_route=%2Fwp%2Fv2%2Ftags&post=3301"}],"curies":[{"name":"wp","href":"https:\/\/api.w.org\/{rel}","templated":true}]}}