{"id":3264,"date":"2015-12-10T20:11:04","date_gmt":"2015-12-10T19:11:04","guid":{"rendered":"http:\/\/www.ilmondodeitreni.it\/blog\/?p=3264"},"modified":"2015-12-10T23:23:49","modified_gmt":"2015-12-10T22:23:49","slug":"pesentato-servizio-notturno-di-trasporto-pubblico-a-chiamata-di-treviso","status":"publish","type":"post","link":"https:\/\/www.ilmondodeitreni.it\/blog\/?p=3264","title":{"rendered":"Presentato servizio notturno di trasporto pubblico a chiamata di Treviso"},"content":{"rendered":"<p style=\"text-align: justify;\"><a href=\"http:\/\/www.ilmondodeitreni.it\/blog\/wp-content\/uploads\/2015\/12\/treviso.jpg\"><img loading=\"lazy\" decoding=\"async\" class=\"alignleft size-thumbnail wp-image-3265\" src=\"http:\/\/www.ilmondodeitreni.it\/blog\/wp-content\/uploads\/2015\/12\/treviso-160x106.jpg\" alt=\"treviso\" width=\"160\" height=\"106\" srcset=\"https:\/\/www.ilmondodeitreni.it\/blog\/wp-content\/uploads\/2015\/12\/treviso-160x106.jpg 160w, https:\/\/www.ilmondodeitreni.it\/blog\/wp-content\/uploads\/2015\/12\/treviso-640x425.jpg 640w, https:\/\/www.ilmondodeitreni.it\/blog\/wp-content\/uploads\/2015\/12\/treviso-226x150.jpg 226w, https:\/\/www.ilmondodeitreni.it\/blog\/wp-content\/uploads\/2015\/12\/treviso-150x100.jpg 150w, https:\/\/www.ilmondodeitreni.it\/blog\/wp-content\/uploads\/2015\/12\/treviso.jpg 770w\" sizes=\"auto, (max-width: 160px) 100vw, 160px\" \/><\/a>E\u2019 stato presentato a Palazzo dei Trecento a Treviso il progetto #staseraChiamaMOM realizzato da un gruppo di studenti di Campus Treviso-Universit\u00e0 Ca\u2019 Foscari in collaborazione con Treviso Community- Citt\u00e0 di Treviso e il sostegno tecnologico di una azienda americana specializzata in startup innovative, The Lop. MOM-Mobilit\u00e0 di Marca \u00e8 stata per otto settimane al fianco del gruppo di lavoro formato da studenti universitari, giungendo all\u2019elaborazione di un progetto che mira a rispondere alle esigenze della giovane utenza: \u201cUn progetto dei giovani per i giovani \u2013 ha affermato il presidente MOM-Mobilit\u00e0 di Marca, Giulio Sartor \u2013 in cui abbiamo creduto e che abbiamo supportato affinch\u00e9 diventi operativo. Anzitutto per l\u2019approccio che parte da un bisogno della citt\u00e0 costruendo un servizio sulla base della reale esigenza dell\u2019utenza, e inoltre per l\u2019alto grado di innovazione che pu\u00f2 introdurre nell\u2019ambito del servizio di trasporto, che pu\u00f2 diventare on demand\u201d\u201d.<br \/>\nEcco allora qualche dettaglio del progetto illustrato stamane. Il team di studenti, tramite la somministrazione di 250 questionari ha sondato le esigenze di mobilit\u00e0 dei giovani trevigiani, facendo emergere la richiesta (per il 90% degli intervistati) di un trasporto sicuro da e per i luoghi di incontro del sabato sera. Sono stati quindi stimati in 8mila persone il target di potenziale utenza di un servizio attivo dalle 21 alle 2 del sabato notte. E\u2019 stata quindi sviluppata una App con relativo software capace di gestire le domande di trasporto, dai quartieri al centro o alle zone di divertimento (come l\u2019ex Fonderia, cfr. mappa allegata). Scaricando l\u2019applicazione l\u2019utente pu\u00f2 prenotare il suo viaggio del sabato, rimanendo all\u2019interno dei percorsi e delle fermate stabilite, fissando l\u2019orario e il luogo esatto di salita e discesa. La prenotazione si chiude con il pagamento del servizio fissato in 2\u20ac a corsa. Il sistema gestendo le richieste elabora in tempo reale il percorso che il mezzo dovr\u00e0 compiere ora per ora per raccogliere gli tenti prenotati. \u201cMOM si \u00e8 resa disponibile \u2013 ha aggiunto il presidente &#8211; a fare la sua parte mettendo a disposizione uno o pi\u00f9 mezzi dedicati, autista e personale di supporto al fine di assicurare vigilanza e aumentare la percezione di un servizio sicuro, trattandosi di corse notturne\u201d. Il costo del servizio per un trimestre sperimentale (da marzo a maggio 2016) \u00e8 stato stimato in 30mila euro. \u201cAbbiamo avuto un primo incontro con il sindaco di Treviso e proseguiremo con i contatti con l\u2019amministrazione comunale \u2013 affermano i ragazzi \u2013 ma abbiamo pensato anche al coinvolgimento dei locali pubblici interessati all\u2019avvio del servizio, con la possibilit\u00e0 per loro di acquistare spazi pubblicitari nel bus o di brandizzare esternamente il mezzo dedicato. Una parte delle risorse dovranno essere utilizzate per far conoscere il servizio stesso, mettendo in luce quanto sia bello, utile e sicuro salire su un bus il sabato sera\u201d. Il progetto \u00e8 stato sviluppato da: Marco Mazzariol, Alberto Brochetta, Elisa Fadel, Stefania Castrignano, Giulia Lessio, Davide Longato, Cristina Cappelletto, Enrico Menin.<\/p>\n","protected":false},"excerpt":{"rendered":"<p>E\u2019 stato presentato a Palazzo dei Trecento a Treviso il progetto #staseraChiamaMOM realizzato da un gruppo di studenti di Campus Treviso-Universit\u00e0 Ca\u2019 Foscari in collaborazione con Treviso Community- Citt\u00e0 di Treviso e il sostegno tecnologico di una azienda americana specializzata in startup innovative, The Lop. MOM-Mobilit\u00e0 di Marca \u00e8 stata per otto settimane al fianco del gruppo di lavoro formato da studenti universitari, giungendo all\u2019elaborazione di un progetto che mira\u2026<\/p>\n<p class=\"continue-reading-button\"> <a class=\"continue-reading-link\" href=\"https:\/\/www.ilmondodeitreni.it\/blog\/?p=3264\">Continua la lettura<i class=\"crycon-right-dir\"><\/i><\/a><\/p>\n","protected":false},"author":3,"featured_media":0,"comment_status":"open","ping_status":"open","sticky":false,"template":"","format":"standard","meta":{"footnotes":""},"categories":[2],"tags":[2645,2648,2643,2653,2652,2649,2654,2651,2646,2647,2642,2650,29,117,2644],"class_list":["post-3264","post","type-post","status-publish","format-standard","hentry","category-news","tag-staserachiamamom","tag-alberto-brochetta","tag-campus-treviso","tag-cristina-cappelletto","tag-davide-longato","tag-elisa-fadel","tag-enrico-menin","tag-giulia-lessio","tag-giulio-sartor","tag-marco-mazzariol","tag-mom-mobilita-di-marca","tag-stefania-castrignano","tag-trasporti","tag-treviso","tag-universita-ca-foscari"],"_links":{"self":[{"href":"https:\/\/www.ilmondodeitreni.it\/blog\/index.php?rest_route=\/wp\/v2\/posts\/3264","targetHints":{"allow":["GET"]}}],"collection":[{"href":"https:\/\/www.ilmondodeitreni.it\/blog\/index.php?rest_route=\/wp\/v2\/posts"}],"about":[{"href":"https:\/\/www.ilmondodeitreni.it\/blog\/index.php?rest_route=\/wp\/v2\/types\/post"}],"author":[{"embeddable":true,"href":"https:\/\/www.ilmondodeitreni.it\/blog\/index.php?rest_route=\/wp\/v2\/users\/3"}],"replies":[{"embeddable":true,"href":"https:\/\/www.ilmondodeitreni.it\/blog\/index.php?rest_route=%2Fwp%2Fv2%2Fcomments&post=3264"}],"version-history":[{"count":2,"href":"https:\/\/www.ilmondodeitreni.it\/blog\/index.php?rest_route=\/wp\/v2\/posts\/3264\/revisions"}],"predecessor-version":[{"id":3267,"href":"https:\/\/www.ilmondodeitreni.it\/blog\/index.php?rest_route=\/wp\/v2\/posts\/3264\/revisions\/3267"}],"wp:attachment":[{"href":"https:\/\/www.ilmondodeitreni.it\/blog\/index.php?rest_route=%2Fwp%2Fv2%2Fmedia&parent=3264"}],"wp:term":[{"taxonomy":"category","embeddable":true,"href":"https:\/\/www.ilmondodeitreni.it\/blog\/index.php?rest_route=%2Fwp%2Fv2%2Fcategories&post=3264"},{"taxonomy":"post_tag","embeddable":true,"href":"https:\/\/www.ilmondodeitreni.it\/blog\/index.php?rest_route=%2Fwp%2Fv2%2Ftags&post=3264"}],"curies":[{"name":"wp","href":"https:\/\/api.w.org\/{rel}","templated":true}]}}