{"id":3261,"date":"2015-12-10T23:02:17","date_gmt":"2015-12-10T22:02:17","guid":{"rendered":"http:\/\/www.ilmondodeitreni.it\/blog\/?p=3261"},"modified":"2015-12-10T23:02:17","modified_gmt":"2015-12-10T22:02:17","slug":"fs-italiane-e-terna-firmato-il-contratto-per-la-cessione-della-rete-elettrica-ad-alta-tensione-di-rfi","status":"publish","type":"post","link":"https:\/\/www.ilmondodeitreni.it\/blog\/?p=3261","title":{"rendered":"FS Italiane e Terna: firmato il contratto per la cessione della rete elettrica ad alta tensione di RFI"},"content":{"rendered":"<p style=\"text-align: justify;\"><a href=\"http:\/\/www.ilmondodeitreni.it\/blog\/wp-content\/uploads\/2015\/12\/23609433816_82723283b4_b.jpg\"><img loading=\"lazy\" decoding=\"async\" class=\"alignleft size-thumbnail wp-image-3262\" src=\"http:\/\/www.ilmondodeitreni.it\/blog\/wp-content\/uploads\/2015\/12\/23609433816_82723283b4_b-160x107.jpg\" alt=\"23609433816_82723283b4_b\" width=\"160\" height=\"107\" srcset=\"https:\/\/www.ilmondodeitreni.it\/blog\/wp-content\/uploads\/2015\/12\/23609433816_82723283b4_b-160x107.jpg 160w, https:\/\/www.ilmondodeitreni.it\/blog\/wp-content\/uploads\/2015\/12\/23609433816_82723283b4_b-640x428.jpg 640w, https:\/\/www.ilmondodeitreni.it\/blog\/wp-content\/uploads\/2015\/12\/23609433816_82723283b4_b.jpg 1024w, https:\/\/www.ilmondodeitreni.it\/blog\/wp-content\/uploads\/2015\/12\/23609433816_82723283b4_b-225x150.jpg 225w, https:\/\/www.ilmondodeitreni.it\/blog\/wp-content\/uploads\/2015\/12\/23609433816_82723283b4_b-150x100.jpg 150w\" sizes=\"auto, (max-width: 160px) 100vw, 160px\" \/><\/a>Ferrovie dello Stato Italiane e Terna hanno firmato oggi il contratto per la <b>cessione della rete elettrica ad alta tensione di propriet\u00e0 di RFI<\/b>. L\u2019operazione si inserisce nel quadro pi\u00f9 complessivo di un riordino strategico dei principali asset del Paese.\u00a0 L\u2019acquisizione della rete di RFI d\u00e0 <b>a Terna la piena disponibilit\u00e0 delle reti ad alta tensione<\/b> cos\u00ec da poterne ottimizzare l\u2019uso anche in vista di una maggiore diffusione delle fonti di energia rinnovabili che richiedono una forte capillarit\u00e0 sul territorio della rete alta tensione.\u00a0 I beni oggetto dell\u2019operazione sono circa <b>8.400 km di elettrodotti<\/b> (compresi quasi 900 km che fanno gi\u00e0 parte della Rete di trasmissione nazionale) e tutti i diritti e i rapporti accessori. L\u2019operazione vale nel complesso <b>757 milioni di euro<\/b>. Il valore della rete \u00e8 stato stabilito dall\u2019Autorit\u00e0 per l\u2019Energia Elettrica, il Gas e il Sistema idrico. Parte del ricavato sar\u00e0 <b>reinvestito in opere di infrastruttura ferroviaria<\/b>, come prevede la Legge di stabilit\u00e0 2015. FS \u00e8 stata assistita, nel perfezionamento del deal, da Gianni, Origoni, Grippo &amp; partners e BNP Paribas.<\/p>\n<p>\u201cRingrazio \u2013 ha dichiarato il presidente di FS <b>Gioia Ghezzi<\/b> \u2013 il precedente consiglio di amministrazione per il prezioso lavoro svolto in vista della definizione di questa importante operazione. Il nuovo Cda \u00e8 lieto di iniziare il proprio mandato con questo accordo con Terna che permette al Gruppo Ferrovie dello Stato Italiane di focalizzarsi sul proprio core business\u201d.<\/p>\n<p>\u201cSiamo orgogliosi \u2013 ha dichiarato l\u2019amministratore delegato di Ferrovie dello Stato Italiane <b>Renato Mazzoncini<\/b> \u2013 di aver realizzato un\u2019operazione industriale che possiamo considerare di sistema, come previsto dalla Legge di stabilit\u00e0 del 2015. FS ottiene infatti risorse da destinare agli investimenti in infrastrutture ferroviarie e per potenziare i trasporti pubblici mentre a Terna vanno asset che estendono e rafforzano la rete elettrica nazionale\u201d.<\/p>\n","protected":false},"excerpt":{"rendered":"<p>Ferrovie dello Stato Italiane e Terna hanno firmato oggi il contratto per la cessione della rete elettrica ad alta tensione di propriet\u00e0 di RFI. L\u2019operazione si inserisce nel quadro pi\u00f9 complessivo di un riordino strategico dei principali asset del Paese.\u00a0 L\u2019acquisizione della rete di RFI d\u00e0 a Terna la piena disponibilit\u00e0 delle reti ad alta tensione cos\u00ec da poterne ottimizzare l\u2019uso anche in vista di una maggiore diffusione delle fonti\u2026<\/p>\n<p class=\"continue-reading-button\"> <a class=\"continue-reading-link\" href=\"https:\/\/www.ilmondodeitreni.it\/blog\/?p=3261\">Continua la lettura<i class=\"crycon-right-dir\"><\/i><\/a><\/p>\n","protected":false},"author":1,"featured_media":0,"comment_status":"open","ping_status":"open","sticky":false,"template":"","format":"standard","meta":{"footnotes":""},"categories":[2],"tags":[2639,2641,5,631,2640,770,2638,34,669],"class_list":["post-3261","post","type-post","status-publish","format-standard","hentry","category-news","tag-bnp-paribas","tag-elettrodotto","tag-ferrovie","tag-ferrovie-dello-stato-italiane","tag-gioia-ghezzi","tag-renato-mazzoncini","tag-rete-elettrica-ad-alta-tensione","tag-rfi","tag-terna"],"_links":{"self":[{"href":"https:\/\/www.ilmondodeitreni.it\/blog\/index.php?rest_route=\/wp\/v2\/posts\/3261","targetHints":{"allow":["GET"]}}],"collection":[{"href":"https:\/\/www.ilmondodeitreni.it\/blog\/index.php?rest_route=\/wp\/v2\/posts"}],"about":[{"href":"https:\/\/www.ilmondodeitreni.it\/blog\/index.php?rest_route=\/wp\/v2\/types\/post"}],"author":[{"embeddable":true,"href":"https:\/\/www.ilmondodeitreni.it\/blog\/index.php?rest_route=\/wp\/v2\/users\/1"}],"replies":[{"embeddable":true,"href":"https:\/\/www.ilmondodeitreni.it\/blog\/index.php?rest_route=%2Fwp%2Fv2%2Fcomments&post=3261"}],"version-history":[{"count":1,"href":"https:\/\/www.ilmondodeitreni.it\/blog\/index.php?rest_route=\/wp\/v2\/posts\/3261\/revisions"}],"predecessor-version":[{"id":3263,"href":"https:\/\/www.ilmondodeitreni.it\/blog\/index.php?rest_route=\/wp\/v2\/posts\/3261\/revisions\/3263"}],"wp:attachment":[{"href":"https:\/\/www.ilmondodeitreni.it\/blog\/index.php?rest_route=%2Fwp%2Fv2%2Fmedia&parent=3261"}],"wp:term":[{"taxonomy":"category","embeddable":true,"href":"https:\/\/www.ilmondodeitreni.it\/blog\/index.php?rest_route=%2Fwp%2Fv2%2Fcategories&post=3261"},{"taxonomy":"post_tag","embeddable":true,"href":"https:\/\/www.ilmondodeitreni.it\/blog\/index.php?rest_route=%2Fwp%2Fv2%2Ftags&post=3261"}],"curies":[{"name":"wp","href":"https:\/\/api.w.org\/{rel}","templated":true}]}}