{"id":3168,"date":"2015-11-23T12:38:21","date_gmt":"2015-11-23T11:38:21","guid":{"rendered":"http:\/\/www.ilmondodeitreni.it\/blog\/?p=3168"},"modified":"2015-11-23T12:38:21","modified_gmt":"2015-11-23T11:38:21","slug":"arriva-infogiubileo-il-giornale-radio-di-servizio-dedicato-a-romani-pellegrini-e-turisti","status":"publish","type":"post","link":"https:\/\/www.ilmondodeitreni.it\/blog\/?p=3168","title":{"rendered":"Arriva InfoGiubileo il giornale radio di servizio dedicato a romani, pellegrini e turisti"},"content":{"rendered":"<p style=\"text-align: justify;\"><a href=\"http:\/\/www.ilmondodeitreni.it\/blog\/wp-content\/uploads\/2015\/09\/625017_scv.jpg\"><img loading=\"lazy\" decoding=\"async\" class=\"alignleft size-thumbnail wp-image-2799\" src=\"http:\/\/www.ilmondodeitreni.it\/blog\/wp-content\/uploads\/2015\/09\/625017_scv-160x120.jpg\" alt=\"625017_scv\" width=\"160\" height=\"120\" srcset=\"https:\/\/www.ilmondodeitreni.it\/blog\/wp-content\/uploads\/2015\/09\/625017_scv-160x120.jpg 160w, https:\/\/www.ilmondodeitreni.it\/blog\/wp-content\/uploads\/2015\/09\/625017_scv-200x150.jpg 200w, https:\/\/www.ilmondodeitreni.it\/blog\/wp-content\/uploads\/2015\/09\/625017_scv-150x113.jpg 150w, https:\/\/www.ilmondodeitreni.it\/blog\/wp-content\/uploads\/2015\/09\/625017_scv.jpg 640w\" sizes=\"auto, (max-width: 160px) 100vw, 160px\" \/><\/a>Sei notiziari radio al giorno da trasmettere sulle frequenze di Radio Vaticana, su Roma Radio e circuito Telesia all\u2019interno delle stazioni del metr\u00f2, sul circuito Luceverde Aci e su <a href=\"http:\/\/www.fsnews.it\/fsn\/FSNews-Radio\"><span style=\"color: #0066cc;\">FsNews Radio<\/span><\/a>. Una sola voce che raccoglie tutte le informazioni dai vari soggetti operativi durante il Giubileo straordinario della misericordia e le mette a disposizione di cittadini, pellegrini e turisti presenti a Roma, selezionando di volta in volta quelle di maggiore importanza, per aiutarli a orientarsi nei loro spostamenti all\u2019interno della citt\u00e0. \u00c8 InfoGiubileo, il servizio di informazione di pubblica utilit\u00e0 che verr\u00e0 attivato il 1\u00b0 dicembre 2015 e verr\u00e0 tramesso ogni giorno, dal luned\u00ec al sabato, per tutta la durata dell\u2019Anno Santo straordinario. In occasione dei grandi eventi previsti dal calendario giubilare, inoltre, Info Giubileo caratterizzer\u00e0 il palinsesto delle Piattaforme di Radio Vaticana, Roma servizi per la Mobilit\u00e0, Luceverde e Ferrovie dello Stato Italiane, con contributi in tempo reale che offriranno ogni informazione di servizio, da quelle sulla mobilit\u00e0 cittadina e ferroviaria ai riferimenti per altri servizi dedicati ai pellegrini: call center istituzionali e delle aziende che erogano servizi pubblici, applicazioni tematiche legate agli aventi, numeri per le emergenze. <!-- \n\tFINE parag 1 \n--><!-- \n\tINIZIO parag 2 \n-->Il servizio, promosso da Roma per il Giubileo, sposa in pieno la volont\u00e0 delle Istituzioni di coordinare le varie fonti di informazione ed offrire ai destinatari delle stesse un unico riferimento ufficiale e certificato, mettendo insieme le varie esperienze e integrando fra loro i diversi strumenti di comunicazione presenti sul territorio. Il tutto solo grazie alla volont\u00e0 di collaborare mettendo a sistema senza alcun costo per le istituzioni e i cittadini. InfoGiubileo, inoltre, deriva da un\u2019esperienza gi\u00e0 testata con successo in occasione di altri Grandi eventi, come la canonizzazione di Giovanni XXIII e Giovanni Paolo II, la beatificazione di Padre Pio e i funerali di Giovanni Paolo II.\u00a0\u00a0 Il primo notiziario della giornata verr\u00e0 trasmesso alle 9,05 su Radio Vaticana, Roma Radio, circuito Telesia (anche in video), FSNews Radio e sul network di emittenti del circuito Luceverde Aci. Le altre cinque edizioni sono programmate intorno alle 10,30, 12,30, 14,30, 16,30 e 18,30. Gli orari potrebbero variare di qualche minuto per esigenze legate ai singoli palinsesti delle emittenti partner. La struttura del giornale radio prevede quattro notizie di base: due sulla mobilit\u00e0 pubblica (bus, tram, metr\u00f2 e ferrovie); una sulla viabilit\u00e0; l\u2019ultima su informazioni di pubblica utilit\u00e0 legate ad altri servizi. I primi cinque notiziari comprenderanno notizie in tempo reale, mentre nell\u2019ultima edizione si dar\u00e0 spazio anche informazioni riguardanti gliappuntamenti e gli eventi programmati per il giorno successivo. Info Giubileo sar\u00e0 comunque un contributo aggiuntivo che selezioner\u00e0 le notizie pi\u00f9importanti \u00e8 integrer\u00e0 l\u2019attivit\u00e0 ordinaria del palinsesto e delle piattaforme di Radio Vaticana, Roma servizi per la Mobilit\u00e0, Luceverde e Ferrovie dello Stato Italiane, che continueranno a fornire tutti gli altri servizi d\u2019informazione sulla mobilit\u00e0 urbana attualmente trasmessi con gli strumenti e le programmazioni di sempre, in totale coordinamento con le Istituzioni. Fin dal 2005, infatti, Radio Vaticana ha dato il via a una serie di collaborazioni, prima con l\u2019Agenzia capitolina per la mobilit\u00e0 e successivamente con Luceverde e Ferrovie dello Stato Italiane, offrendo servizi di informazione dedicati, puntuali e in tempo reale apprezzati da ascoltatori e cittadini. Informazioni che hanno contribuito alla buona gestione degli eventi stessi. Contemporaneamente, tutta la comunicazione sull\u2019evento che diversi attori impegnati in InfoGiubileo diffonderanno attraverso le rispettive piattaforme verr\u00e0 coordinata dalla Prefettura di Roma nell\u2019ottica di creare una rete integrata e coerente di informazione al servizio di pellegrini, turisti e cittadini romani<\/p>\n","protected":false},"excerpt":{"rendered":"<p>Sei notiziari radio al giorno da trasmettere sulle frequenze di Radio Vaticana, su Roma Radio e circuito Telesia all\u2019interno delle stazioni del metr\u00f2, sul circuito Luceverde Aci e su FsNews Radio. Una sola voce che raccoglie tutte le informazioni dai vari soggetti operativi durante il Giubileo straordinario della misericordia e le mette a disposizione di cittadini, pellegrini e turisti presenti a Roma, selezionando di volta in volta quelle di maggiore\u2026<\/p>\n<p class=\"continue-reading-button\"> <a class=\"continue-reading-link\" href=\"https:\/\/www.ilmondodeitreni.it\/blog\/?p=3168\">Continua la lettura<i class=\"crycon-right-dir\"><\/i><\/a><\/p>\n","protected":false},"author":1,"featured_media":0,"comment_status":"open","ping_status":"open","sticky":false,"template":"","format":"standard","meta":{"footnotes":""},"categories":[2499,2],"tags":[398,2483,2536,2535,2532,2533,1085,2534],"class_list":["post-3168","post","type-post","status-publish","format-standard","hentry","category-giubileo-della-misericordia","category-news","tag-ferrovie-dello-stato","tag-giubileo-della-misericordia","tag-informazione","tag-luceverde","tag-radio-vaticana","tag-roma-per-il-giubileo","tag-roma-servizi-per-la-mobilita","tag-telesia"],"_links":{"self":[{"href":"https:\/\/www.ilmondodeitreni.it\/blog\/index.php?rest_route=\/wp\/v2\/posts\/3168","targetHints":{"allow":["GET"]}}],"collection":[{"href":"https:\/\/www.ilmondodeitreni.it\/blog\/index.php?rest_route=\/wp\/v2\/posts"}],"about":[{"href":"https:\/\/www.ilmondodeitreni.it\/blog\/index.php?rest_route=\/wp\/v2\/types\/post"}],"author":[{"embeddable":true,"href":"https:\/\/www.ilmondodeitreni.it\/blog\/index.php?rest_route=\/wp\/v2\/users\/1"}],"replies":[{"embeddable":true,"href":"https:\/\/www.ilmondodeitreni.it\/blog\/index.php?rest_route=%2Fwp%2Fv2%2Fcomments&post=3168"}],"version-history":[{"count":1,"href":"https:\/\/www.ilmondodeitreni.it\/blog\/index.php?rest_route=\/wp\/v2\/posts\/3168\/revisions"}],"predecessor-version":[{"id":3169,"href":"https:\/\/www.ilmondodeitreni.it\/blog\/index.php?rest_route=\/wp\/v2\/posts\/3168\/revisions\/3169"}],"wp:attachment":[{"href":"https:\/\/www.ilmondodeitreni.it\/blog\/index.php?rest_route=%2Fwp%2Fv2%2Fmedia&parent=3168"}],"wp:term":[{"taxonomy":"category","embeddable":true,"href":"https:\/\/www.ilmondodeitreni.it\/blog\/index.php?rest_route=%2Fwp%2Fv2%2Fcategories&post=3168"},{"taxonomy":"post_tag","embeddable":true,"href":"https:\/\/www.ilmondodeitreni.it\/blog\/index.php?rest_route=%2Fwp%2Fv2%2Ftags&post=3168"}],"curies":[{"name":"wp","href":"https:\/\/api.w.org\/{rel}","templated":true}]}}