{"id":3048,"date":"2015-10-30T21:38:54","date_gmt":"2015-10-30T20:38:54","guid":{"rendered":"http:\/\/www.ilmondodeitreni.it\/blog\/?p=3048"},"modified":"2015-10-30T21:38:54","modified_gmt":"2015-10-30T20:38:54","slug":"tranvia-di-firenze-sopralluogo-al-cantiere-progettando-lestensione-verso-sesto-e-campi","status":"publish","type":"post","link":"https:\/\/www.ilmondodeitreni.it\/blog\/?p=3048","title":{"rendered":"Tranvia di Firenze, sopralluogo al cantiere progettando l&#8217;estensione verso Sesto e Campi"},"content":{"rendered":"<p style=\"text-align: justify;\"><a href=\"http:\/\/www.ilmondodeitreni.it\/blog\/wp-content\/uploads\/2015\/10\/1001_alamanni.jpg\"><img loading=\"lazy\" decoding=\"async\" class=\"alignleft size-thumbnail wp-image-3049\" src=\"http:\/\/www.ilmondodeitreni.it\/blog\/wp-content\/uploads\/2015\/10\/1001_alamanni-160x107.jpg\" alt=\"1001_alamanni\" width=\"160\" height=\"107\" srcset=\"https:\/\/www.ilmondodeitreni.it\/blog\/wp-content\/uploads\/2015\/10\/1001_alamanni-160x107.jpg 160w, https:\/\/www.ilmondodeitreni.it\/blog\/wp-content\/uploads\/2015\/10\/1001_alamanni.jpg 640w, https:\/\/www.ilmondodeitreni.it\/blog\/wp-content\/uploads\/2015\/10\/1001_alamanni-225x150.jpg 225w, https:\/\/www.ilmondodeitreni.it\/blog\/wp-content\/uploads\/2015\/10\/1001_alamanni-150x100.jpg 150w\" sizes=\"auto, (max-width: 160px) 100vw, 160px\" \/><\/a> <a href=\"http:\/\/www.ilmondodeitreni.it\/blog\/wp-content\/uploads\/2015\/10\/1004_cascine.jpg\"><img loading=\"lazy\" decoding=\"async\" class=\"alignleft size-thumbnail wp-image-3050\" src=\"http:\/\/www.ilmondodeitreni.it\/blog\/wp-content\/uploads\/2015\/10\/1004_cascine-160x120.jpg\" alt=\"1004_cascine\" width=\"160\" height=\"120\" srcset=\"https:\/\/www.ilmondodeitreni.it\/blog\/wp-content\/uploads\/2015\/10\/1004_cascine-160x120.jpg 160w, https:\/\/www.ilmondodeitreni.it\/blog\/wp-content\/uploads\/2015\/10\/1004_cascine-200x150.jpg 200w, https:\/\/www.ilmondodeitreni.it\/blog\/wp-content\/uploads\/2015\/10\/1004_cascine-150x113.jpg 150w, https:\/\/www.ilmondodeitreni.it\/blog\/wp-content\/uploads\/2015\/10\/1004_cascine.jpg 640w\" sizes=\"auto, (max-width: 160px) 100vw, 160px\" \/><\/a> <a href=\"http:\/\/www.ilmondodeitreni.it\/blog\/wp-content\/uploads\/2015\/10\/1009_resistenza.jpg\"><img loading=\"lazy\" decoding=\"async\" class=\"alignleft size-thumbnail wp-image-3051\" src=\"http:\/\/www.ilmondodeitreni.it\/blog\/wp-content\/uploads\/2015\/10\/1009_resistenza-160x120.jpg\" alt=\"1009_resistenza\" width=\"160\" height=\"120\" srcset=\"https:\/\/www.ilmondodeitreni.it\/blog\/wp-content\/uploads\/2015\/10\/1009_resistenza-160x120.jpg 160w, https:\/\/www.ilmondodeitreni.it\/blog\/wp-content\/uploads\/2015\/10\/1009_resistenza-200x150.jpg 200w, https:\/\/www.ilmondodeitreni.it\/blog\/wp-content\/uploads\/2015\/10\/1009_resistenza-150x113.jpg 150w, https:\/\/www.ilmondodeitreni.it\/blog\/wp-content\/uploads\/2015\/10\/1009_resistenza.jpg 640w\" sizes=\"auto, (max-width: 160px) 100vw, 160px\" \/><\/a>Sopralluogo al cantiere della linea 2 della Tranvia situato in via degli Astronauti lo scorso 28 ottobre per il presidente della Regione Toscana Enrico Rossi, il sindaco di Firenze Dario Nardella e due membri della Direzione generale della politica regionale e urbana della Commissione Europea, la direttrice Charlina Vitcheva e il capo unit\u00e0 Willebrordus Sluijters. Obiettivo della visita, far conoscere meglio ai due rappresentanti Ue il sistema tranviario fiorentino, la situazione presente, lo stato dei lavori per la realizzazione delle linee 2 e 3.1 e le prospettive future di sviluppo, con particolare riferimento all&#8217;ipotesi di estensione della tramvia verso Sesto Fiorentino (6 km) e Campi Bisenzio (6.1 km). La visita a Firenze di Charlina Vitcheva e Willebrordus Slujters si colloca all&#8217;interno di un percorso gi\u00e0 avviato (alcuni incontri a riguardo si sono svolti in estate a Bruxelles) che ha come obiettivo l&#8217;inserimento dell&#8217;estensione del sistema tranviario fiorentino tra le opere da finanziare all&#8217;interno del ciclo di programmazione europea 2014-2020. Con la presentazione e il sopralluogo\u00a0 \u00a0si \u00e8 voluta evidenziare la necessit\u00e0 di un intervento che potr\u00e0 ridurre il traffico privato di almeno 5 milioni di auto all&#8217;anno, con un abbattimento della produzione di Co2 di oltre 13mila tonnellate. Si \u00e8 inoltre sottolineato che la realizzazione della rete tranviaria di Firenze, comprese le sue estensioni, risulta funzionale e strategica per realizzare in Toscana un sistema integrato di trasporti che comprenda trasporto ferroviario ad alta velocit\u00e0, trasporto regionale e mobilit\u00e0 urbana sostenibile.\u00a0 \u00a0&#8220;Questo sopralluogo &#8211; ha spiegato Rossi &#8211; serve a convincere le autorita&#8217; europee che ci avevano dato la proroga alla realizzazione della tranvia, che effettivamente i lavori stanno andando avanti bene, anche grazie all&#8217;impulso che ha dato Nardella. Insieme al sindaco abbiamo provato, mi sembra con qualche successo, a convincere le autorita&#8217; europee a proseguire con altri investimenti verso Sesto Fiorentino e verso Campi Bisenzio&#8221;. &#8220;Noi non parliamo di aggiungere alcunch\u00e9 ai fondi strutturali gi\u00e0 assegnati &#8211; ha precisato Rossi &#8211; ma di indirizzare fondi gi\u00e0 assegnati alla Regione Toscana alla realizzazione dei prolungamenti verso Sesto e Campi. Su questo punto l&#8217;apertura \u00e8 stata massima e l&#8217;intesa \u00e8 perfetta&#8221;. Infine il presidente ha ricordato che &#8220;la tranvia sta in un piano strategico che prevede il parco della Piana, interventi di piantumazione, piste ciclabili, agricoltura. Sono previsti anche interventi per il superamento delle strettoie stradali, per un migliore collegamento del Ponte all&#8217;indiano, per la realizzazione delle terze corsie autostradali, per aumentare i treni tra Prato e Firenze. Un interessante spiraglio, tutto da indagare, si \u00e8 aperto anche sul sostegno eventuale al polo scientifico e tecnologico&#8221;. &#8220;Insomma &#8211; ha concluso Rossi &#8211; la tranvia \u00e8 ok, perch\u00e9 sar\u00e0 finita nel 2017. Anche il prolungamento si far\u00e0 perch\u00e8 non sono necessari investimenti aggiuntivi ma fondi strutturali gi\u00e0 assegnati alla Regione, purch\u00e9 in un progetto strategico complessivo, come ho sempre sostenuto&#8221;.<br \/>\nIl progetto del sistema tranviario fiorentino, inserito nella programmazione comunitaria 2007-2013, ha come obiettivo il miglioramento della mobilit\u00e0 collettiva e la riduzione dell&#8217;inquinamento atmosferico. Il progetto prevede la realizzazione di tre linee tranviarie:<\/p>\n<ul style=\"text-align: justify;\">\n<li>la <strong>linea 1<\/strong> <strong>Firenze Santa Maria Novella-Scandicci<\/strong>\u00a0&#8211; gi\u00e0 conclusa ed in esercizio dal 14 febbraio 2010 con un numero di trasportati all&#8217;anno pari a circa 12.800.000<\/li>\n<li>la <strong>linea 2<\/strong> <strong>Aeroporto-Piazza della Libert\u00e0 &#8211;\u00a0<\/strong>in fase di costruzione (la conclusione dei lavori \u00e8 prevista per il 2017)<\/li>\n<li>la <strong>linea 3.1<\/strong> <strong>Firenze Santa Maria Novella-Careggi<\/strong>\u00a0&#8211; in fase di costruzione (la conclusione dei lavori \u00e8 prevista per il 2017)<\/li>\n<\/ul>\n<p style=\"text-align: justify;\">Il costo complessivo dell&#8217;opera \u00e8 stimato in circa 630 milioni di euro:\u00a0 245 milioni di euro per la linea 1 Firenze SMN-Scandicci, 385 milioni per la linea 2 e per la linea 3.1. Una volta che tutte e tre le linee saranno in funzione, si stimano 39,4 milioni di passeggeri annui e si ritiene che in un anno 14,5 milioni di utenti rinunceranno all&#8217;uso dell&#8217;auto. Un risultato importante sar\u00e0 raggiunto anche in termini di riduzione della congestione del traffico e di inquinamento atmosferico, acustico e emissione di gas climalteranti (con una riduzione di CO2 in ambito urbano stimata, su base annua, in circa 12 milioni di kg), con importanti ricadute anche in termini di economia e occupazione.<\/p>\n<p style=\"text-align: justify;\">Il progetto delle 3 linee \u00e8 stato approvato nel novembre 2010. Nell&#8217;estate del 2013 il Presidente della Regione Rossi ha concordato con la Commissione Europea i nuovi tempi di realizzazione dell&#8217;opera. E&#8217; stato inoltre stralciato il tratto di attraversamento del centro storico (piazza Unit\u00e0, Duomo, piazza San Marco, piazza Libert\u00e0) oggetto di apposita variante (cosiddetta variante al centro storico: viale Lavagnini, piazza Libert\u00e0, piazza San Marco), che sar\u00e0 realizzata nei tempi e nei modi determinati dai finanziamenti nazionali, senza vincoli comunitari. Nel 2014 la Regione Toscana ed i Comuni di Sesto Fiorentino, Campi Bisenzio e Bagno a Ripoli hanno sottoscritto un accordo di programma per l&#8217;estensione della tranvia verso i rispettivi centri cittadini. La Regione Toscana ha previsto lo stanziamento di 1 milione di euro per uno studio di fattibilit\u00e0 del prolungamento. L&#8217;estensione verso Sesto Fiorentino si stima possa avere circa 10 milioni di passeggeri e ridurre l&#8217;emissione di Co2 di circa 8.871 tonnellate all&#8217;anno.<\/p>\n","protected":false},"excerpt":{"rendered":"<p>Sopralluogo al cantiere della linea 2 della Tranvia situato in via degli Astronauti lo scorso 28 ottobre per il presidente della Regione Toscana Enrico Rossi, il sindaco di Firenze Dario Nardella e due membri della Direzione generale della politica regionale e urbana della Commissione Europea, la direttrice Charlina Vitcheva e il capo unit\u00e0 Willebrordus Sluijters. Obiettivo della visita, far conoscere meglio ai due rappresentanti Ue il sistema tranviario fiorentino, la\u2026<\/p>\n<p class=\"continue-reading-button\"> <a class=\"continue-reading-link\" href=\"https:\/\/www.ilmondodeitreni.it\/blog\/?p=3048\">Continua la lettura<i class=\"crycon-right-dir\"><\/i><\/a><\/p>\n","protected":false},"author":1,"featured_media":0,"comment_status":"open","ping_status":"open","sticky":false,"template":"","format":"standard","meta":{"footnotes":""},"categories":[2],"tags":[2446,107,330,61,69,2448,39,82,29,2445,2447],"class_list":["post-3048","post","type-post","status-publish","format-standard","hentry","category-news","tag-charlina-vitcheva","tag-dario-nardella","tag-enrico-rossi","tag-firenze","tag-mobilita","tag-sesto-fiorentino","tag-toscana","tag-tram","tag-trasporti","tag-unione-europea","tag-willebrordus-sluijters"],"_links":{"self":[{"href":"https:\/\/www.ilmondodeitreni.it\/blog\/index.php?rest_route=\/wp\/v2\/posts\/3048","targetHints":{"allow":["GET"]}}],"collection":[{"href":"https:\/\/www.ilmondodeitreni.it\/blog\/index.php?rest_route=\/wp\/v2\/posts"}],"about":[{"href":"https:\/\/www.ilmondodeitreni.it\/blog\/index.php?rest_route=\/wp\/v2\/types\/post"}],"author":[{"embeddable":true,"href":"https:\/\/www.ilmondodeitreni.it\/blog\/index.php?rest_route=\/wp\/v2\/users\/1"}],"replies":[{"embeddable":true,"href":"https:\/\/www.ilmondodeitreni.it\/blog\/index.php?rest_route=%2Fwp%2Fv2%2Fcomments&post=3048"}],"version-history":[{"count":1,"href":"https:\/\/www.ilmondodeitreni.it\/blog\/index.php?rest_route=\/wp\/v2\/posts\/3048\/revisions"}],"predecessor-version":[{"id":3052,"href":"https:\/\/www.ilmondodeitreni.it\/blog\/index.php?rest_route=\/wp\/v2\/posts\/3048\/revisions\/3052"}],"wp:attachment":[{"href":"https:\/\/www.ilmondodeitreni.it\/blog\/index.php?rest_route=%2Fwp%2Fv2%2Fmedia&parent=3048"}],"wp:term":[{"taxonomy":"category","embeddable":true,"href":"https:\/\/www.ilmondodeitreni.it\/blog\/index.php?rest_route=%2Fwp%2Fv2%2Fcategories&post=3048"},{"taxonomy":"post_tag","embeddable":true,"href":"https:\/\/www.ilmondodeitreni.it\/blog\/index.php?rest_route=%2Fwp%2Fv2%2Ftags&post=3048"}],"curies":[{"name":"wp","href":"https:\/\/api.w.org\/{rel}","templated":true}]}}