{"id":3019,"date":"2015-10-24T23:49:53","date_gmt":"2015-10-24T21:49:53","guid":{"rendered":"http:\/\/www.ilmondodeitreni.it\/blog\/?p=3019"},"modified":"2015-10-24T23:49:53","modified_gmt":"2015-10-24T21:49:53","slug":"svizzera-interruzione-linea-altstatten-stadt-gais","status":"publish","type":"post","link":"https:\/\/www.ilmondodeitreni.it\/blog\/?p=3019","title":{"rendered":"Svizzera: Interruzione linea Altst\u00e4tten Stadt &#8211; Gais"},"content":{"rendered":"<p style=\"text-align: justify;\">Il percorso ferroviario tra Altst\u00e4tten Stadt e Gais \u00e8 chiuso al traffico ferroviario a tempo indeterminato a causa di guasti tecnici. Tutti\u00a0i treni della S-Bahn S 24 Altst\u00e4tten Stadt &#8211; Gais sono soppressi. Circolano bus sostitutivi del trasporto ferroviario Altst\u00e4tten Stadt &#8211; Gais sui quali non \u00e8 possibile di trasportare biciclette.<\/p>\n","protected":false},"excerpt":{"rendered":"<p>Il percorso ferroviario tra Altst\u00e4tten Stadt e Gais \u00e8 chiuso al traffico ferroviario a tempo indeterminato a causa di guasti tecnici. Tutti\u00a0i treni della S-Bahn S 24 Altst\u00e4tten Stadt &#8211; Gais sono soppressi. Circolano bus sostitutivi del trasporto ferroviario Altst\u00e4tten Stadt &#8211; Gais sui quali non \u00e8 possibile di trasportare biciclette.<\/p>\n<p class=\"continue-reading-button\"> <a class=\"continue-reading-link\" href=\"https:\/\/www.ilmondodeitreni.it\/blog\/?p=3019\">Continua la lettura<i class=\"crycon-right-dir\"><\/i><\/a><\/p>\n","protected":false},"author":2,"featured_media":0,"comment_status":"open","ping_status":"open","sticky":false,"template":"","format":"standard","meta":{"footnotes":""},"categories":[11],"tags":[2431,5,35,37],"class_list":["post-3019","post","type-post","status-publish","format-standard","hentry","category-news-estero","tag-altstatten-stadt","tag-ferrovie","tag-ffs","tag-svizzera"],"_links":{"self":[{"href":"https:\/\/www.ilmondodeitreni.it\/blog\/index.php?rest_route=\/wp\/v2\/posts\/3019","targetHints":{"allow":["GET"]}}],"collection":[{"href":"https:\/\/www.ilmondodeitreni.it\/blog\/index.php?rest_route=\/wp\/v2\/posts"}],"about":[{"href":"https:\/\/www.ilmondodeitreni.it\/blog\/index.php?rest_route=\/wp\/v2\/types\/post"}],"author":[{"embeddable":true,"href":"https:\/\/www.ilmondodeitreni.it\/blog\/index.php?rest_route=\/wp\/v2\/users\/2"}],"replies":[{"embeddable":true,"href":"https:\/\/www.ilmondodeitreni.it\/blog\/index.php?rest_route=%2Fwp%2Fv2%2Fcomments&post=3019"}],"version-history":[{"count":1,"href":"https:\/\/www.ilmondodeitreni.it\/blog\/index.php?rest_route=\/wp\/v2\/posts\/3019\/revisions"}],"predecessor-version":[{"id":3020,"href":"https:\/\/www.ilmondodeitreni.it\/blog\/index.php?rest_route=\/wp\/v2\/posts\/3019\/revisions\/3020"}],"wp:attachment":[{"href":"https:\/\/www.ilmondodeitreni.it\/blog\/index.php?rest_route=%2Fwp%2Fv2%2Fmedia&parent=3019"}],"wp:term":[{"taxonomy":"category","embeddable":true,"href":"https:\/\/www.ilmondodeitreni.it\/blog\/index.php?rest_route=%2Fwp%2Fv2%2Fcategories&post=3019"},{"taxonomy":"post_tag","embeddable":true,"href":"https:\/\/www.ilmondodeitreni.it\/blog\/index.php?rest_route=%2Fwp%2Fv2%2Ftags&post=3019"}],"curies":[{"name":"wp","href":"https:\/\/api.w.org\/{rel}","templated":true}]}}