{"id":2979,"date":"2015-10-14T00:45:27","date_gmt":"2015-10-13T22:45:27","guid":{"rendered":"http:\/\/www.ilmondodeitreni.it\/blog\/?p=2979"},"modified":"2015-10-13T22:56:30","modified_gmt":"2015-10-13T20:56:30","slug":"milano-tornano-i-tram-sulla-cerchia-dei-bastioni-arriva-la-linea-10","status":"publish","type":"post","link":"https:\/\/www.ilmondodeitreni.it\/blog\/?p=2979","title":{"rendered":"Milano, tornano i tram sulla Cerchia dei Bastioni: arriva la linea 10"},"content":{"rendered":"<p dir=\"ltr\" style=\"text-align: justify;\"><span style=\"font-family: Arial;\"><a href=\"http:\/\/www.ilmondodeitreni.it\/blog\/wp-content\/uploads\/2015\/10\/1626_29portaromana.jpg\"><img loading=\"lazy\" decoding=\"async\" class=\"alignleft size-thumbnail wp-image-2980\" src=\"http:\/\/www.ilmondodeitreni.it\/blog\/wp-content\/uploads\/2015\/10\/1626_29portaromana-160x120.jpg\" alt=\"1626_29portaromana\" width=\"160\" height=\"120\" srcset=\"https:\/\/www.ilmondodeitreni.it\/blog\/wp-content\/uploads\/2015\/10\/1626_29portaromana-160x120.jpg 160w, https:\/\/www.ilmondodeitreni.it\/blog\/wp-content\/uploads\/2015\/10\/1626_29portaromana-200x150.jpg 200w, https:\/\/www.ilmondodeitreni.it\/blog\/wp-content\/uploads\/2015\/10\/1626_29portaromana-150x113.jpg 150w, https:\/\/www.ilmondodeitreni.it\/blog\/wp-content\/uploads\/2015\/10\/1626_29portaromana.jpg 640w\" sizes=\"auto, (max-width: 160px) 100vw, 160px\" \/><\/a>Dalla stazione Centrale alla Darsena, passando per viale Monte Grappa, la stazione Garibaldi, il Cimitero Monumentale, corso Sempione e l&#8217;Arco della Pace, piazzale Baracca, viale Coni Zugna e la stazione di Porta Genova. E&#8217; l&#8217;itinerario, speculare a quello della linea 9 rispetto al centro citt\u00e0, del nuovo tram 10, che dal 1\u00b0 novembre entrer\u00e0 in funzione nella rete Atm. <\/span><span style=\"font-family: Arial;\">Con l&#8217;apertura delle fermate della M5 di Gerusalemme e Monumentale, e la relativa chiusura dei cantieri, infatti, si \u00e8 ritenuto opportuno adeguare e rendere pi\u00f9 funzionale anche il trasporto pubblico di superficie. <\/span><span style=\"font-family: Arial;\">Il tram 10, che avr\u00e0 come capolinea Viale Lunigiana a nord e Piazza 24 Maggio a sud, sostituir\u00e0 il bus 37, andando a migliorare la velocit\u00e0 del collegamento grazie alla possibilit\u00e0 di sfruttare la corsia riservata al tram lungo via Ferrari, il piazzale Cimitero Monumentale e corso Sempione.<\/span><\/p>\n<p dir=\"ltr\" style=\"text-align: justify;\"><span style=\"font-family: Arial;\">&#8220;Una soluzione che ci consente di ripristinare il percorso circolare tranviario della Cerchia dei Bastioni, grazie agli interscambi tra il 10 e il 9 in Centrale e a Porta Genova \u2013 sottolinea l&#8217;assessore alla Mobilit\u00e0 Pierfrancesco Maran -. Proprio sul 9, storicamente una delle tratte di superficie pi\u00f9 utilizzate, porteremo inoltre a compimento un lavoro di efficientamento che render\u00e0 la linea pi\u00f9 veloce&#8221;.<\/span><\/p>\n<p dir=\"ltr\" style=\"text-align: justify;\"><span style=\"font-family: Arial;\">Parallelamente, infatti, la linea 9, come altre linee tranviarie (le cosiddette linee T), sar\u00e0 interessata da un processo di implementazione: a partire dal 20 ottobre, su tutta la tratta percorsa dal tram, partiranno le procedure per realizzare l&#8217;asservimento semaforico (il meccanismo per cui il mezzo trova sempre il semaforo verde al suo passaggio) che garantir\u00e0 una maggiore regolarit\u00e0 del servizio e una riduzione dei tempi di percorrenza. <\/span><span style=\"font-family: Arial;\">Il 10, oltre a interscambiare con il 9, si sovrapporr\u00e0 parzialmente con la linea 33, tra viale Monte Santo e Cimitero Monumentale.<\/span><\/p>\n<p dir=\"ltr\" style=\"text-align: justify;\"><strong><span style=\"font-family: Arial;\">Ecco come cambia dunque l&#8217;assetto della mobilit\u00e0: <\/span><\/strong><\/p>\n<p dir=\"ltr\" style=\"text-align: justify;\"><span style=\"font-family: Arial;\">Interscambi con le nuove stazioni della M5<\/span><\/p>\n<p dir=\"ltr\" style=\"text-align: justify;\"><span style=\"font-family: Arial;\"><strong>Alla fermata Monumentale \u00e8 possibile interscambiare con:<\/strong><br \/>\n&#8211; <strong>La nuova linea tram 10<\/strong>, lungo il piazzale Cimitero Monumentale<br \/>\n&#8211; <strong>Le linee tram 2 e 4<\/strong>, all&#8217;incrocio con le vie Farini e Ferrari<\/span><\/p>\n<p dir=\"ltr\" style=\"text-align: justify;\"><span style=\"font-family: Arial;\">Inoltre dalla fermata Monumentale sar\u00e0 possibile raggiungere:<br \/>\n&#8211; L&#8217;ASL di via Farini<br \/>\n&#8211; Il Cimitero Monumentale<\/span><\/p>\n<p dir=\"ltr\" style=\"text-align: justify;\"><span style=\"font-family: Arial;\">Dalla fermata Gerusalemme \u00e8 possibile raggiungere:<br \/>\n&#8211; L&#8217;Ospedale Buzzi<\/span><\/p>\n<p dir=\"ltr\" style=\"text-align: justify;\"><span style=\"font-family: Arial;\"><strong>Attivazione della nuova linea 10<\/strong><br \/>\nPartendo da viale Lunigiana, il tram 10 collegher\u00e0 la Stazione Centrale FS M2 M3 e piazza 24 Maggio, passando per viale Monte Grappa, la stazione Garibaldi FS M2 M5, il Cimitero Monumentale M5, corso Sempione e l&#8217;Arco della Pace, Conciliazione M1, viale Coni Zugna e la stazione di Porta Genova FS M2. Il 10 sostituisce:<\/span><\/p>\n<p dir=\"ltr\" style=\"text-align: justify;\"><span style=\"font-family: Arial;\">&#8211; la linea 37, nel tratto compreso tra viale Monte Santo e corso Sempione;<br \/>\n&#8211; la linea 19, nel tratto compreso tra largo V Alpini e piazza 24 Maggio.<\/span><\/p>\n<p dir=\"ltr\" style=\"text-align: justify;\"><span style=\"font-family: Arial;\"><strong>Modifiche della linea 19<\/strong><br \/>\n&#8211; Il tram mantiene il percorso esistente fra l&#8217;Ospedale Sacco e largo Quinto Alpini, per poi proseguire verso il centro citt\u00e0 attraverso via Vincenzo Monti, via Boccaccio, piazzale Cadorna, Foro Buonaparte e \u00a0 \u00a0largo Cairoli, con capolinea in piazza Castello.<br \/>\n&#8211; La linea contribuisce a rinforzare la linea tram 1, con cui condivide buona parte del tracciato nel tratto compreso fra piazza Firenze, corso Sempione e Cadorna\/Cairoli.<\/span><\/p>\n<p dir=\"ltr\" style=\"text-align: justify;\"><strong><span style=\"font-family: Arial;\">Soppressione della linea bus 37<\/span><\/strong><\/p>\n<p dir=\"ltr\" style=\"text-align: justify;\"><span style=\"font-family: Arial;\"><strong>La 37 viene sostituita in gran parte dal tram 10 e in alcuni tratti dal 19, la M5 e il 33<\/strong>:<br \/>\n&#8211; Fra piazza 6 Febbraio e corso Sempione sar\u00e0 possibile utilizzare la linea del tram 19.<br \/>\n&#8211; Fra Domodossola\/Sempione e Garibaldi sar\u00e0 possibile utilizzare, oltre al 10, anche la linea M5, la cui fermata Gerusalemme si trova a pochi passi da via Procaccini\/Lomazzo.<br \/>\n&#8211; Fra via Farini, Garibaldi e Repubblica sar\u00e0 possibile utilizzare la linea tram 33.\u00a0<\/span><\/p>\n","protected":false},"excerpt":{"rendered":"<p>Dalla stazione Centrale alla Darsena, passando per viale Monte Grappa, la stazione Garibaldi, il Cimitero Monumentale, corso Sempione e l&#8217;Arco della Pace, piazzale Baracca, viale Coni Zugna e la stazione di Porta Genova. E&#8217; l&#8217;itinerario, speculare a quello della linea 9 rispetto al centro citt\u00e0, del nuovo tram 10, che dal 1\u00b0 novembre entrer\u00e0 in funzione nella rete Atm. Con l&#8217;apertura delle fermate della M5 di Gerusalemme e Monumentale, e\u2026<\/p>\n<p class=\"continue-reading-button\"> <a class=\"continue-reading-link\" href=\"https:\/\/www.ilmondodeitreni.it\/blog\/?p=2979\">Continua la lettura<i class=\"crycon-right-dir\"><\/i><\/a><\/p>\n","protected":false},"author":1,"featured_media":0,"comment_status":"open","ping_status":"open","sticky":false,"template":"","format":"standard","meta":{"footnotes":""},"categories":[2],"tags":[121,1930,59,316,2396,82,29],"class_list":["post-2979","post","type-post","status-publish","format-standard","hentry","category-news","tag-atm","tag-darsena","tag-milano","tag-pierfrancesco-maran","tag-stazione-di-porta-genova","tag-tram","tag-trasporti"],"_links":{"self":[{"href":"https:\/\/www.ilmondodeitreni.it\/blog\/index.php?rest_route=\/wp\/v2\/posts\/2979","targetHints":{"allow":["GET"]}}],"collection":[{"href":"https:\/\/www.ilmondodeitreni.it\/blog\/index.php?rest_route=\/wp\/v2\/posts"}],"about":[{"href":"https:\/\/www.ilmondodeitreni.it\/blog\/index.php?rest_route=\/wp\/v2\/types\/post"}],"author":[{"embeddable":true,"href":"https:\/\/www.ilmondodeitreni.it\/blog\/index.php?rest_route=\/wp\/v2\/users\/1"}],"replies":[{"embeddable":true,"href":"https:\/\/www.ilmondodeitreni.it\/blog\/index.php?rest_route=%2Fwp%2Fv2%2Fcomments&post=2979"}],"version-history":[{"count":1,"href":"https:\/\/www.ilmondodeitreni.it\/blog\/index.php?rest_route=\/wp\/v2\/posts\/2979\/revisions"}],"predecessor-version":[{"id":2981,"href":"https:\/\/www.ilmondodeitreni.it\/blog\/index.php?rest_route=\/wp\/v2\/posts\/2979\/revisions\/2981"}],"wp:attachment":[{"href":"https:\/\/www.ilmondodeitreni.it\/blog\/index.php?rest_route=%2Fwp%2Fv2%2Fmedia&parent=2979"}],"wp:term":[{"taxonomy":"category","embeddable":true,"href":"https:\/\/www.ilmondodeitreni.it\/blog\/index.php?rest_route=%2Fwp%2Fv2%2Fcategories&post=2979"},{"taxonomy":"post_tag","embeddable":true,"href":"https:\/\/www.ilmondodeitreni.it\/blog\/index.php?rest_route=%2Fwp%2Fv2%2Ftags&post=2979"}],"curies":[{"name":"wp","href":"https:\/\/api.w.org\/{rel}","templated":true}]}}