{"id":2944,"date":"2015-10-05T22:39:32","date_gmt":"2015-10-05T20:39:32","guid":{"rendered":"http:\/\/www.ilmondodeitreni.it\/blog\/?p=2944"},"modified":"2015-10-05T22:40:31","modified_gmt":"2015-10-05T20:40:31","slug":"roma-termini-avviati-i-lavori-per-la-nuova-pensilina-dei-binari-1-e-2-es","status":"publish","type":"post","link":"https:\/\/www.ilmondodeitreni.it\/blog\/?p=2944","title":{"rendered":"Roma Termini: avviati i lavori per la nuova pensilina dei binari 1 e 2 Est"},"content":{"rendered":"<p style=\"text-align: justify;\">A Roma Termini sono stati avviati, a cura di RFI, \u00a0i lavori per la nuova pensilina dei binari 1 e 2 Est la cui ultimazione \u00e8 prevista entro tre mesi. La pensilina, lunga circa 240 metri, avr\u00e0 lo stesso stile di quelle gi\u00e0 presenti in stazione: pilastri centrali che sorreggeranno le coperture dei due binari. Saranno installati anche nuovi dispositivi di diffusione sonora e di illuminazione. Nei giorni feriali, durante il periodo dei lavori, nei binari 1 e 2 Est sar\u00e0 garantita l\u2019accessibilit\u00e0 ai treni. Nei fine settimana, invece, i collegamenti Roma \u2013 Ancona\/Perugia\/Foligno\/Firenze arriveranno e partiranno dai binari 1, 2 e 3. L\u2019investimento complessivo di Rete Ferroviaria Italiana \u00e8 di circa 1 milione di euro<\/p>\n","protected":false},"excerpt":{"rendered":"<p>A Roma Termini sono stati avviati, a cura di RFI, \u00a0i lavori per la nuova pensilina dei binari 1 e 2 Est la cui ultimazione \u00e8 prevista entro tre mesi. La pensilina, lunga circa 240 metri, avr\u00e0 lo stesso stile di quelle gi\u00e0 presenti in stazione: pilastri centrali che sorreggeranno le coperture dei due binari. Saranno installati anche nuovi dispositivi di diffusione sonora e di illuminazione. Nei giorni feriali, durante\u2026<\/p>\n<p class=\"continue-reading-button\"> <a class=\"continue-reading-link\" href=\"https:\/\/www.ilmondodeitreni.it\/blog\/?p=2944\">Continua la lettura<i class=\"crycon-right-dir\"><\/i><\/a><\/p>\n","protected":false},"author":10,"featured_media":0,"comment_status":"open","ping_status":"open","sticky":false,"template":"","format":"standard","meta":{"footnotes":""},"categories":[2],"tags":[1217,5,17,34,9,547,2361],"class_list":["post-2944","post","type-post","status-publish","format-standard","hentry","category-news","tag-ancona","tag-ferrovie","tag-lazio","tag-rfi","tag-roma","tag-roma-termini","tag-stazione"],"_links":{"self":[{"href":"https:\/\/www.ilmondodeitreni.it\/blog\/index.php?rest_route=\/wp\/v2\/posts\/2944","targetHints":{"allow":["GET"]}}],"collection":[{"href":"https:\/\/www.ilmondodeitreni.it\/blog\/index.php?rest_route=\/wp\/v2\/posts"}],"about":[{"href":"https:\/\/www.ilmondodeitreni.it\/blog\/index.php?rest_route=\/wp\/v2\/types\/post"}],"author":[{"embeddable":true,"href":"https:\/\/www.ilmondodeitreni.it\/blog\/index.php?rest_route=\/wp\/v2\/users\/10"}],"replies":[{"embeddable":true,"href":"https:\/\/www.ilmondodeitreni.it\/blog\/index.php?rest_route=%2Fwp%2Fv2%2Fcomments&post=2944"}],"version-history":[{"count":2,"href":"https:\/\/www.ilmondodeitreni.it\/blog\/index.php?rest_route=\/wp\/v2\/posts\/2944\/revisions"}],"predecessor-version":[{"id":2946,"href":"https:\/\/www.ilmondodeitreni.it\/blog\/index.php?rest_route=\/wp\/v2\/posts\/2944\/revisions\/2946"}],"wp:attachment":[{"href":"https:\/\/www.ilmondodeitreni.it\/blog\/index.php?rest_route=%2Fwp%2Fv2%2Fmedia&parent=2944"}],"wp:term":[{"taxonomy":"category","embeddable":true,"href":"https:\/\/www.ilmondodeitreni.it\/blog\/index.php?rest_route=%2Fwp%2Fv2%2Fcategories&post=2944"},{"taxonomy":"post_tag","embeddable":true,"href":"https:\/\/www.ilmondodeitreni.it\/blog\/index.php?rest_route=%2Fwp%2Fv2%2Ftags&post=2944"}],"curies":[{"name":"wp","href":"https:\/\/api.w.org\/{rel}","templated":true}]}}