{"id":2859,"date":"2015-09-19T23:56:30","date_gmt":"2015-09-19T21:56:30","guid":{"rendered":"http:\/\/www.ilmondodeitreni.it\/blog\/?p=2859"},"modified":"2015-09-19T23:56:30","modified_gmt":"2015-09-19T21:56:30","slug":"atac-arriva-il-tottibit-una-nuova-serie-da-4-titoli-atac-per-i-tifosi","status":"publish","type":"post","link":"https:\/\/www.ilmondodeitreni.it\/blog\/?p=2859","title":{"rendered":"Atac, arriva il TottiBIT: una nuova serie da 4 titoli Atac per i tifosi"},"content":{"rendered":"<p style=\"text-align: justify;\"><a href=\"http:\/\/www.ilmondodeitreni.it\/blog\/wp-content\/uploads\/2015\/09\/tottibit.jpg\"><img loading=\"lazy\" decoding=\"async\" class=\"alignleft size-thumbnail wp-image-2860\" src=\"http:\/\/www.ilmondodeitreni.it\/blog\/wp-content\/uploads\/2015\/09\/tottibit-106x160.jpg\" alt=\"tottibit\" width=\"106\" height=\"160\" srcset=\"https:\/\/www.ilmondodeitreni.it\/blog\/wp-content\/uploads\/2015\/09\/tottibit-106x160.jpg 106w, https:\/\/www.ilmondodeitreni.it\/blog\/wp-content\/uploads\/2015\/09\/tottibit-319x480.jpg 319w, https:\/\/www.ilmondodeitreni.it\/blog\/wp-content\/uploads\/2015\/09\/tottibit-511x768.jpg 511w, https:\/\/www.ilmondodeitreni.it\/blog\/wp-content\/uploads\/2015\/09\/tottibit-100x150.jpg 100w, https:\/\/www.ilmondodeitreni.it\/blog\/wp-content\/uploads\/2015\/09\/tottibit.jpg 820w\" sizes=\"auto, (max-width: 106px) 100vw, 106px\" \/><\/a>Continuano a Roma le emissioni\u00a0di biglietti per il trasporto pubblico in edizione speciale e limitata ed arriva il &#8220;TottiBIT&#8221; . Atac metter\u00e0 in commercio una serie di 4 BIT (Biglietto Integrato a Tempo), per festeggiare il compleanno di Francesco Totti, lo storico capitano della AS Roma. La vendita ufficiale partir\u00e0 il 27 settembre, giorno del compleanno del capitano romanista. Prevista anche una vendita in anteprima nei giorni 24, 25 e 26 settembre, ma solo nelle biglietterie Atac e nella biglietteria mobile che verr\u00e0 parcheggiata a Piazza dei Cinquecento dalle 8 alle 20. Commentando l&#8217;iniziativa, il capitano della Roma, Francesco Totti ha dichiarato: &#8220;Intendo ringraziare l\u00b4Atac che, in occasione del mio prossimo compleanno, ha deciso di produrre un\u00b4edizione limitata di biglietti che mi ritrarranno.\u00a0 E\u00b4 un onore ma pi\u00f9 ancora un\u00b4iniziativa che ho apprezzato tanto per le sue finalit\u00e0 benefiche, visto che grazie ad essa riusciremo anche ad aiutare l\u00b4Ospedale Pediatrico Bambino Ges\u00f9. Grazie all\u00b4azienda per la mobilit\u00e0 della capitale e a coloro che hanno preso questa decisione. E\u00b4 bello ricevere degli auguri cos\u00ec speciali, sapendo che allo stesso tempo verr\u00e0 fatto qualcosa per chi ha pi\u00f9 bisogno&#8221;<\/p>\n<p style=\"text-align: justify;\">Dal 27 settembre la serie speciale Totti \u201cBuon compleanno capitano\u201d, in tiratura limitata di 125 mila pezzi per ognuno dei quattro TottiBIT, sar\u00e0 in vendita oltre che in tutte le biglietterie ufficiali Atac, anche nei punti vendita indiretti autorizzati Atac, quindi edicole e tabaccai. I Totti BIT sono un\u00b4iniziativa BIT Regeneration Atac, il brand che collega il BIT del tpl romano ad iniziative di cultura, solidariet\u00e0, sport e spettacolo della citt\u00e0. Gi\u00e0 in diverse occasioni Atac ha emesso BIT speciali che ormai fanno parte del patrimonio di molti collezionisti.<\/p>\n","protected":false},"excerpt":{"rendered":"<p>Continuano a Roma le emissioni\u00a0di biglietti per il trasporto pubblico in edizione speciale e limitata ed arriva il &#8220;TottiBIT&#8221; . Atac metter\u00e0 in commercio una serie di 4 BIT (Biglietto Integrato a Tempo), per festeggiare il compleanno di Francesco Totti, lo storico capitano della AS Roma. La vendita ufficiale partir\u00e0 il 27 settembre, giorno del compleanno del capitano romanista. Prevista anche una vendita in anteprima nei giorni 24, 25 e\u2026<\/p>\n<p class=\"continue-reading-button\"> <a class=\"continue-reading-link\" href=\"https:\/\/www.ilmondodeitreni.it\/blog\/?p=2859\">Continua la lettura<i class=\"crycon-right-dir\"><\/i><\/a><\/p>\n","protected":false},"author":1,"featured_media":0,"comment_status":"open","ping_status":"open","sticky":false,"template":"","format":"standard","meta":{"footnotes":""},"categories":[2],"tags":[2283,7,1360,2282,9,29],"class_list":["post-2859","post","type-post","status-publish","format-standard","hentry","category-news","tag-as-roma","tag-atac","tag-bit-regeneration","tag-francesco-totti","tag-roma","tag-trasporti"],"_links":{"self":[{"href":"https:\/\/www.ilmondodeitreni.it\/blog\/index.php?rest_route=\/wp\/v2\/posts\/2859","targetHints":{"allow":["GET"]}}],"collection":[{"href":"https:\/\/www.ilmondodeitreni.it\/blog\/index.php?rest_route=\/wp\/v2\/posts"}],"about":[{"href":"https:\/\/www.ilmondodeitreni.it\/blog\/index.php?rest_route=\/wp\/v2\/types\/post"}],"author":[{"embeddable":true,"href":"https:\/\/www.ilmondodeitreni.it\/blog\/index.php?rest_route=\/wp\/v2\/users\/1"}],"replies":[{"embeddable":true,"href":"https:\/\/www.ilmondodeitreni.it\/blog\/index.php?rest_route=%2Fwp%2Fv2%2Fcomments&post=2859"}],"version-history":[{"count":1,"href":"https:\/\/www.ilmondodeitreni.it\/blog\/index.php?rest_route=\/wp\/v2\/posts\/2859\/revisions"}],"predecessor-version":[{"id":2861,"href":"https:\/\/www.ilmondodeitreni.it\/blog\/index.php?rest_route=\/wp\/v2\/posts\/2859\/revisions\/2861"}],"wp:attachment":[{"href":"https:\/\/www.ilmondodeitreni.it\/blog\/index.php?rest_route=%2Fwp%2Fv2%2Fmedia&parent=2859"}],"wp:term":[{"taxonomy":"category","embeddable":true,"href":"https:\/\/www.ilmondodeitreni.it\/blog\/index.php?rest_route=%2Fwp%2Fv2%2Fcategories&post=2859"},{"taxonomy":"post_tag","embeddable":true,"href":"https:\/\/www.ilmondodeitreni.it\/blog\/index.php?rest_route=%2Fwp%2Fv2%2Ftags&post=2859"}],"curies":[{"name":"wp","href":"https:\/\/api.w.org\/{rel}","templated":true}]}}