{"id":2841,"date":"2015-09-16T00:15:24","date_gmt":"2015-09-15T22:15:24","guid":{"rendered":"http:\/\/www.ilmondodeitreni.it\/blog\/?p=2841"},"modified":"2015-10-04T22:36:23","modified_gmt":"2015-10-04T20:36:23","slug":"umbria-mobilita-modifiche-al-servizio-ferroviario","status":"publish","type":"post","link":"https:\/\/www.ilmondodeitreni.it\/blog\/?p=2841","title":{"rendered":"Umbria Mobilit\u00e0: modifiche al servizio ferroviario"},"content":{"rendered":"<p style=\"text-align: justify;\"><a href=\"http:\/\/www.ilmondodeitreni.it\/blog\/wp-content\/uploads\/2015\/09\/ALn776015FC_pontesangiovanni.jpg\"><img loading=\"lazy\" decoding=\"async\" class=\"alignleft size-thumbnail wp-image-2842\" src=\"http:\/\/www.ilmondodeitreni.it\/blog\/wp-content\/uploads\/2015\/09\/ALn776015FC_pontesangiovanni-160x113.jpg\" alt=\"ALn776015FC_pontesangiovanni\" width=\"160\" height=\"113\" srcset=\"https:\/\/www.ilmondodeitreni.it\/blog\/wp-content\/uploads\/2015\/09\/ALn776015FC_pontesangiovanni-160x113.jpg 160w, https:\/\/www.ilmondodeitreni.it\/blog\/wp-content\/uploads\/2015\/09\/ALn776015FC_pontesangiovanni.jpg 640w, https:\/\/www.ilmondodeitreni.it\/blog\/wp-content\/uploads\/2015\/09\/ALn776015FC_pontesangiovanni-213x150.jpg 213w, https:\/\/www.ilmondodeitreni.it\/blog\/wp-content\/uploads\/2015\/09\/ALn776015FC_pontesangiovanni-150x105.jpg 150w\" sizes=\"auto, (max-width: 160px) 100vw, 160px\" \/><\/a>La Societ\u00e0 Umbria TPL e Mobilit\u00e0 S.p.A., in qualit\u00e0 di gestore dell\u2019infrastruttura ferroviaria, ha disposto la sospensione temporanea della circolazione ferroviaria sulla tratta Umbertide \u2013 Citt\u00e0 di Castello dal 10 settembre 2015 per la necessit\u00e0 di urgenti interventi manutentivi all\u2019infrastruttura ferroviaria, urgenza rilevata a seguito di verifiche effettuate in linea con l\u2019Autorit\u00e0 di vigilanza e sicurezza ferroviaria (USTIF).<br \/>\nAl fine di garantire la continuit\u00e0 del servizio, Umbria Mobilit\u00e0 Esercizio S.r.l.\/Busitalia ha attivato, per la tratta in oggetto, un servizio sostitutivo. Inoltre, sulla relazione Perugia \u2013 Terni, perdurando l\u2019interruzione della linea Perugia \u2013 Terni in corrispondenza della galleria di Poggio Azzuano tutti i servizi saranno effettuati con treno sulla tratta Perugia \u2013 Massa Martana e con autobus sostitutivo sulla tratta Massa Martana \u2013 Terni. La circolazione ferroviaria resta assicurata sulle due sezioni Perugia \u2013 Umbertide e Citt\u00e0 di Castello &#8211; Sansepolcro.<\/p>\n","protected":false},"excerpt":{"rendered":"<p>La Societ\u00e0 Umbria TPL e Mobilit\u00e0 S.p.A., in qualit\u00e0 di gestore dell\u2019infrastruttura ferroviaria, ha disposto la sospensione temporanea della circolazione ferroviaria sulla tratta Umbertide \u2013 Citt\u00e0 di Castello dal 10 settembre 2015 per la necessit\u00e0 di urgenti interventi manutentivi all\u2019infrastruttura ferroviaria, urgenza rilevata a seguito di verifiche effettuate in linea con l\u2019Autorit\u00e0 di vigilanza e sicurezza ferroviaria (USTIF). Al fine di garantire la continuit\u00e0 del servizio, Umbria Mobilit\u00e0 Esercizio S.r.l.\/Busitalia\u2026<\/p>\n<p class=\"continue-reading-button\"> <a class=\"continue-reading-link\" href=\"https:\/\/www.ilmondodeitreni.it\/blog\/?p=2841\">Continua la lettura<i class=\"crycon-right-dir\"><\/i><\/a><\/p>\n","protected":false},"author":9,"featured_media":0,"comment_status":"open","ping_status":"open","sticky":false,"template":"","format":"standard","meta":{"footnotes":""},"categories":[2],"tags":[1711,2262,5,439,1006,2261,438,2260],"class_list":["post-2841","post","type-post","status-publish","format-standard","hentry","category-news","tag-busitalia","tag-citta-di-castello","tag-ferrovie","tag-perugia","tag-terni","tag-umbertide","tag-umbria","tag-umbria-tpl-e-mobilita-s-p-a"],"_links":{"self":[{"href":"https:\/\/www.ilmondodeitreni.it\/blog\/index.php?rest_route=\/wp\/v2\/posts\/2841","targetHints":{"allow":["GET"]}}],"collection":[{"href":"https:\/\/www.ilmondodeitreni.it\/blog\/index.php?rest_route=\/wp\/v2\/posts"}],"about":[{"href":"https:\/\/www.ilmondodeitreni.it\/blog\/index.php?rest_route=\/wp\/v2\/types\/post"}],"author":[{"embeddable":true,"href":"https:\/\/www.ilmondodeitreni.it\/blog\/index.php?rest_route=\/wp\/v2\/users\/9"}],"replies":[{"embeddable":true,"href":"https:\/\/www.ilmondodeitreni.it\/blog\/index.php?rest_route=%2Fwp%2Fv2%2Fcomments&post=2841"}],"version-history":[{"count":1,"href":"https:\/\/www.ilmondodeitreni.it\/blog\/index.php?rest_route=\/wp\/v2\/posts\/2841\/revisions"}],"predecessor-version":[{"id":2843,"href":"https:\/\/www.ilmondodeitreni.it\/blog\/index.php?rest_route=\/wp\/v2\/posts\/2841\/revisions\/2843"}],"wp:attachment":[{"href":"https:\/\/www.ilmondodeitreni.it\/blog\/index.php?rest_route=%2Fwp%2Fv2%2Fmedia&parent=2841"}],"wp:term":[{"taxonomy":"category","embeddable":true,"href":"https:\/\/www.ilmondodeitreni.it\/blog\/index.php?rest_route=%2Fwp%2Fv2%2Fcategories&post=2841"},{"taxonomy":"post_tag","embeddable":true,"href":"https:\/\/www.ilmondodeitreni.it\/blog\/index.php?rest_route=%2Fwp%2Fv2%2Ftags&post=2841"}],"curies":[{"name":"wp","href":"https:\/\/api.w.org\/{rel}","templated":true}]}}