{"id":2802,"date":"2015-09-13T02:01:04","date_gmt":"2015-09-13T00:01:04","guid":{"rendered":"http:\/\/www.ilmondodeitreni.it\/blog\/?p=2802"},"modified":"2015-09-13T02:01:04","modified_gmt":"2015-09-13T00:01:04","slug":"fal-azienda-virtuosa-5-nuovi-bus-ecologici-comprati-con-utili-di-bilancio","status":"publish","type":"post","link":"https:\/\/www.ilmondodeitreni.it\/blog\/?p=2802","title":{"rendered":"Fal azienda virtuosa: 5 nuovi bus ecologici comprati con utili di bilancio"},"content":{"rendered":"<p style=\"text-align: justify;\"><a href=\"http:\/\/www.ilmondodeitreni.it\/blog\/2015\/09\/13\/fal-azienda-virtuosa-5-nuovi-bus-ecologici-comprati-con-utili-di-bilancio\/solaris_bus_fal\/\" rel=\"attachment wp-att-2803\"><img loading=\"lazy\" decoding=\"async\" class=\"alignleft size-thumbnail wp-image-2803\" src=\"http:\/\/www.ilmondodeitreni.it\/blog\/wp-content\/uploads\/2015\/09\/solaris_bus_fal-160x120.jpg\" alt=\"solaris_bus_fal\" width=\"160\" height=\"120\" srcset=\"https:\/\/www.ilmondodeitreni.it\/blog\/wp-content\/uploads\/2015\/09\/solaris_bus_fal-160x120.jpg 160w, https:\/\/www.ilmondodeitreni.it\/blog\/wp-content\/uploads\/2015\/09\/solaris_bus_fal-640x480.jpg 640w, https:\/\/www.ilmondodeitreni.it\/blog\/wp-content\/uploads\/2015\/09\/solaris_bus_fal-1024x768.jpg 1024w, https:\/\/www.ilmondodeitreni.it\/blog\/wp-content\/uploads\/2015\/09\/solaris_bus_fal-200x150.jpg 200w, https:\/\/www.ilmondodeitreni.it\/blog\/wp-content\/uploads\/2015\/09\/solaris_bus_fal-150x113.jpg 150w, https:\/\/www.ilmondodeitreni.it\/blog\/wp-content\/uploads\/2015\/09\/solaris_bus_fal.jpg 1280w\" sizes=\"auto, (max-width: 160px) 100vw, 160px\" \/><\/a>La Regione Puglia lancia la sfida sul futuro del Trasporto Pubblico Locale, sollecitando maggiori investimenti diretti delle aziende per il rinnovo del parco mezzi, e le Fal dimostrano di essere gi\u00e0 pronte a raccoglierla presentando i primi 5 autobus (Euro 6) acquistati interamente con fondi aziendali rivenienti da utili di bilancio reinvestiti, per una spesa totale di circa 890mila euro.\u00a0\u00a0\u201cE\u2019 con grande orgoglio che oggi presentiamo un altro importante risultato raggiunto dalla nostra societ\u00e0, grazie ad una amministrazione virtuosa: abbiamo acquistato 5 nuovi autobus con fondi interamente aziendali, reinvestendo i nostri utili di bilancio, senza alcun contributo pubblico aggiuntivo. Questo conferma che anche un\u2019azienda pubblica, se ben amministrata, pu\u00f2 produrre utili e al tempo stesso migliorare i servizi ai cittadini. Il secondo motivo di orgoglio \u00e8 che siamo la prima azienda di trasporto pubblico pugliese ad immettere in servizio autobus con motorizzazione Euro 6, i pi\u00f9 moderni oggi sul mercato, sia dal punto di vista della sicurezza che del rispetto dell\u2019ambiente. \u00a0Con l\u2019immissione in servizio di questi nuovi mezzi, il rinnovo del nostro parco autobus avviato nel 2007, raggiunge quota 80%, con un\u2019et\u00e0 media dei mezzi in circolazione che oggi \u00e8 di 10,4 anni in Puglia e di 9,9 anni tra Puglia e Basilicata, contro i 23,4 anni di et\u00e0 media del 2007\u201d.\u00a0Lo ha dichiarato il Presidente delle Ferrovie Appulo Lucane, Matteo Colamussi, presentando i 5 nuovi autobus \u201cInterurbino 12 Solaris Euro 6\u201d nel corso di una conferenza stampa tenuta\u00a0 lo scorso 11 settembre nella sede delle Fal di Bari scalo, insieme con l\u2019assessore regionale ai Trasporti, Giovanni Giannini.\u00a0Il Presidente Colamussi ha ricordato che \u201cla proficua collaborazione di questi anni con la Regione Puglia ci ha consentito di effettuare numerosi investimenti per migliorare i servizi agli utenti. Molti dei nostri cantieri, sia per il rinnovo ed il potenziamento della linea, sia per la messa a norma dei luoghi di lavoro, sono finanziati da Fondi comunitari e nazionali, mentre altri sono frutto di economie di spesa, quindi di sacrifici quotidiani fatti dalla nostra azienda (per cui ringrazio tutti i dipendenti), con l\u2019obiettivo di essere un modello di buona gestione e di alta qualit\u00e0 di servizi erogati. Gli utili realizzati negli ultimi due anni sono stati reinvestiti nel miglioramento dei servizi e nell\u2019aumento del 27% del capitale sociale. Oggi siamo un\u2019azienda sana, virtuosa e pronta a vincere le sfide che ci vengono proposte dalla Regione\u201d.\u00a0Ed eccola la sfida lanciata dall\u2019assessore Giannini: \u201cLa collaborazione tra noi e le Fal dimostra che \u00e8 possibile innescare un circolo virtuoso nel Trasporto Pubblico Locale: un imprenditore, in questo caso pubblico come le Fal, investe il proprio capitale per migliorare i servizi pubblici e la Regione mette a disposizione ulteriori risorse per rinnovare il parco mezzi. La sfida che lanciamo per i prossimi anni \u00e8 proprio questa: se le aziende investiranno propri capitali nel cofinanziamento del nostro programma di rinnovo del parco mezzi, entro breve tempo avremo eliminato autobus ormai vetusti e non pi\u00f9 adeguati agli standard di servizi richiesti. La Puglia \u2013 ha aggiunto l\u2019assessore \u2013 anche grazie ad aziende come questa, \u00e8 in grado di garantire il diritto, sacrosanto e costituzionalmente tutelato, alla mobilit\u00e0 dei cittadini e il TPL pugliese \u00e8 tra i migliori d\u2019Italia per servizi resi. Per completare questo processo, abbiamo chiesto al Governo di poter usare una somma di residui passivi della Regione senza i vincoli del Patto di Stabilit\u00e0; soldi che si aggiungerebbero ai circa 20 milioni di euro che in base al riparto ancora provvisorio dovrebbero essere assegnati alla Puglia a valere sulla Finanziaria 2015. Intanto noi abbiamo stanziato 18 milioni di euro l\u2019anno prorogando di 3 anni i contratti di servizio del trasporto su gomma proprio per consentire alle aziende di investire. Il diritto alla mobilit\u00e0 \u00e8 per noi un principio di civilt\u00e0\u201d.<\/p>\n<p style=\"text-align: justify;\">La flotta pugliese degli autobus Fal \u00e8 composta in tutto da 56 mezzi che svolgono servizio extraurbano; si sommano ai 78 in servizio in Basilicata, per un totale di 134 mezzi operanti nelle due regioni. Il graduale, ed ormai quasi totale, rinnovo del parco mezzi ha consentito un aumento della qualit\u00e0 del servizio, una maggiore tutela ambientale e migliori condizioni di sicurezza per lavoratori e viaggiatori. I nuovi autobus saranno utilizzati sulle direttrici Bari \u2013 Matera, Bari \u2013 Atamura e Bari \u2013 Gravina.<\/p>\n","protected":false},"excerpt":{"rendered":"<p>La Regione Puglia lancia la sfida sul futuro del Trasporto Pubblico Locale, sollecitando maggiori investimenti diretti delle aziende per il rinnovo del parco mezzi, e le Fal dimostrano di essere gi\u00e0 pronte a raccoglierla presentando i primi 5 autobus (Euro 6) acquistati interamente con fondi aziendali rivenienti da utili di bilancio reinvestiti, per una spesa totale di circa 890mila euro.\u00a0\u00a0\u201cE\u2019 con grande orgoglio che oggi presentiamo un altro importante risultato\u2026<\/p>\n<p class=\"continue-reading-button\"> <a class=\"continue-reading-link\" href=\"https:\/\/www.ilmondodeitreni.it\/blog\/?p=2802\">Continua la lettura<i class=\"crycon-right-dir\"><\/i><\/a><\/p>\n","protected":false},"author":3,"featured_media":0,"comment_status":"open","ping_status":"open","sticky":false,"template":"","format":"standard","meta":{"footnotes":""},"categories":[2],"tags":[8,12,582,579,1061,870,556,2245,95],"class_list":["post-2802","post","type-post","status-publish","format-standard","hentry","category-news","tag-autobus","tag-bari","tag-ferrovie-appulo-lucane","tag-giovanni-giannini","tag-matera","tag-matteo-colamussi","tag-regione-puglia","tag-solaris","tag-tpl"],"_links":{"self":[{"href":"https:\/\/www.ilmondodeitreni.it\/blog\/index.php?rest_route=\/wp\/v2\/posts\/2802","targetHints":{"allow":["GET"]}}],"collection":[{"href":"https:\/\/www.ilmondodeitreni.it\/blog\/index.php?rest_route=\/wp\/v2\/posts"}],"about":[{"href":"https:\/\/www.ilmondodeitreni.it\/blog\/index.php?rest_route=\/wp\/v2\/types\/post"}],"author":[{"embeddable":true,"href":"https:\/\/www.ilmondodeitreni.it\/blog\/index.php?rest_route=\/wp\/v2\/users\/3"}],"replies":[{"embeddable":true,"href":"https:\/\/www.ilmondodeitreni.it\/blog\/index.php?rest_route=%2Fwp%2Fv2%2Fcomments&post=2802"}],"version-history":[{"count":2,"href":"https:\/\/www.ilmondodeitreni.it\/blog\/index.php?rest_route=\/wp\/v2\/posts\/2802\/revisions"}],"predecessor-version":[{"id":2805,"href":"https:\/\/www.ilmondodeitreni.it\/blog\/index.php?rest_route=\/wp\/v2\/posts\/2802\/revisions\/2805"}],"wp:attachment":[{"href":"https:\/\/www.ilmondodeitreni.it\/blog\/index.php?rest_route=%2Fwp%2Fv2%2Fmedia&parent=2802"}],"wp:term":[{"taxonomy":"category","embeddable":true,"href":"https:\/\/www.ilmondodeitreni.it\/blog\/index.php?rest_route=%2Fwp%2Fv2%2Fcategories&post=2802"},{"taxonomy":"post_tag","embeddable":true,"href":"https:\/\/www.ilmondodeitreni.it\/blog\/index.php?rest_route=%2Fwp%2Fv2%2Ftags&post=2802"}],"curies":[{"name":"wp","href":"https:\/\/api.w.org\/{rel}","templated":true}]}}