{"id":2646,"date":"2015-07-27T15:06:04","date_gmt":"2015-07-27T13:06:04","guid":{"rendered":"http:\/\/www.ilmondodeitreni.it\/blog\/?p=2646"},"modified":"2015-07-27T15:06:04","modified_gmt":"2015-07-27T13:06:04","slug":"catania-bianco-e-delrio-inaugurano-darsena-e-visitano-metropolitana","status":"publish","type":"post","link":"https:\/\/www.ilmondodeitreni.it\/blog\/?p=2646","title":{"rendered":"Catania: Bianco e Delrio inaugurano darsena e visitano metropolitana"},"content":{"rendered":"<p style=\"text-align: justify;\"><a href=\"http:\/\/www.ilmondodeitreni.it\/blog\/wp-content\/uploads\/2015\/07\/cat-statione2.jpg\"><img loading=\"lazy\" decoding=\"async\" class=\"alignleft size-thumbnail wp-image-2647\" src=\"http:\/\/www.ilmondodeitreni.it\/blog\/wp-content\/uploads\/2015\/07\/cat-statione2-160x106.jpg\" alt=\"cat-statione2\" width=\"160\" height=\"106\" srcset=\"https:\/\/www.ilmondodeitreni.it\/blog\/wp-content\/uploads\/2015\/07\/cat-statione2-160x106.jpg 160w, https:\/\/www.ilmondodeitreni.it\/blog\/wp-content\/uploads\/2015\/07\/cat-statione2-640x426.jpg 640w, https:\/\/www.ilmondodeitreni.it\/blog\/wp-content\/uploads\/2015\/07\/cat-statione2-226x150.jpg 226w, https:\/\/www.ilmondodeitreni.it\/blog\/wp-content\/uploads\/2015\/07\/cat-statione2-150x100.jpg 150w, https:\/\/www.ilmondodeitreni.it\/blog\/wp-content\/uploads\/2015\/07\/cat-statione2.jpg 800w\" sizes=\"auto, (max-width: 160px) 100vw, 160px\" \/><\/a>&#8220;Un momento di festa per la Catania che sta cambiando&#8221;.<br \/>\nCos\u00ec il sindaco di Catania Enzo Bianco ha sintetizzato i tre appuntamenti della visita del ministro dei trasporti e delle infrastrutture Graziano Delrio, che ha presenziato all&#8217;inizio dell&#8217;attivit\u00e0 di cantiere per la realizzazione della tratta Nesima-Monte Po della metropolitana, inaugurato la nuova darsena del Porto ed \u00e8 infine intervenuto alla consegna dei lavori per il completamento della tratta Borgo-Nesima della sotterranea.<br \/>\nAd attendere Bianco e Delrio nel cantiere della metro erano il sindaco di Misterbianco Nino Di Guardo e il gestore della Ferrovia Circumetnea Virginio Di Giambattista, che ha illustrato al ministro, con l&#8217;ausilio di alcuni pannelli, come si svilupper\u00e0 la tratta Nesima-Monte Po, lunga un chilometro e 700 metri e che prevede la stazione &#8220;Fontana&#8221; al servizio dell&#8217;Ospedale Garibaldi di Nesima al quale sar\u00e0 collegata da un tunnel.<br \/>\n&#8220;Quando &#8211; ha detto Di Giambattista -, tra due anni, completeremo di questa tratta, la metropolitana di Catania sar\u00e0 lunga oltre dieci chilometri e avr\u00e0 14 stazioni con una frequenza dei treni nell&#8217;ora di punta di uno ogni quattro minuti. Come gi\u00e0 annunciato in aprile, infatti, la Nesima-Monte Po si unir\u00e0 a quella che, dal giugno del 2016 collegher\u00e0 Nesima con piazza Stesicoro&#8221;.<br \/>\nLa seconda tappa della visita \u00e8 stata nel porto per l&#8217;inaugurazione della nuova darsena, con 1.100 metri di banchine operative, 120.000 mq di piazzali, nuovi ormeggi con fondali di tredici metri. La nuova darsena \u00e8 completamente antisismica, l&#8217;impianto antincendio conta su 45 idranti e l&#8217;illuminazione di banchine e piazzali \u00e8 garantita da 12 torri faro.<br \/>\n&#8220;Grazie a opere come questa &#8211; ha detto Delrio dopo l&#8217;inaugurazione della Darsena &#8211; la narrazione del Mezzogiorno pu\u00f2 diventare diversa. E se riparte quest&#8217;area del nostro Paese, soprattutto con gli investimenti sul sistema della portualit\u00e0, riparte tutta l&#8217;Italia&#8221;.<br \/>\n&#8220;Catania &#8211; ha aggiunto il Ministro &#8211; pu\u00f2 contare su un primo cittadino che \u00e8 stato per me, quando ero giovane sindaco, un grande esempio di riscatto delle zone difficili. E questo esempio Enzo Bianco continua a essere. Questa citt\u00e0 ha le idee chiare: sa che il porto non dovr\u00e0 essere riempito di container ma dovr\u00e0 anche accogliere crocieristi e coccolare i turisti che scenderanno dalle navi portandoli in giro per il centro storico o sull&#8217;Etna. E sa che pu\u00f2 dimostrare di essere all&#8217;altezza delle grandi citt\u00e0 del Nord, anche sfruttando parte dei fondi, oltre 10 miliardi di euro, destinati alle infrastrutture delle citt\u00e0 metropolitane&#8221;.<br \/>\nNella terza tappa della visita, il ministro Delrio e il sindaco Bianco si sono recati con Di Giambattista e con il direttore generale della Circumetnea Alessandro Di Graziano nella stazione Milo della metropolitana, compresa nella tratta Nesima-Stesicoro che sar\u00e0 consegnata entro il 30 giugno del 2016. Durante la visita alla stazione e alla galleria \u00e8 stato ricordato come nel 2022 ci saranno 20 chilometri di sotterranea dall&#8217;aeroporto di Catania a Misterbianco, con una rete estesa poi fino ad Adrano. Proprio mercoled\u00ec prossimo, per esempio, sar\u00e0 inaugurata la nuova tratta metropolitana di Biancavilla, lunga quattro chilometri e mezzo, tre dei quali in galleria. In sette anni, insomma, secondo le previsioni della Fce, la citt\u00e0 metropolitana di Catania sar\u00e0 dotata di una rete sotterranea degna di una grande citt\u00e0 europea che sar\u00e0 la spina dorsale di un sistema di trasporti integrato con Amt e Ferrovie.<\/p>\n","protected":false},"excerpt":{"rendered":"<p>&#8220;Un momento di festa per la Catania che sta cambiando&#8221;. Cos\u00ec il sindaco di Catania Enzo Bianco ha sintetizzato i tre appuntamenti della visita del ministro dei trasporti e delle infrastrutture Graziano Delrio, che ha presenziato all&#8217;inizio dell&#8217;attivit\u00e0 di cantiere per la realizzazione della tratta Nesima-Monte Po della metropolitana, inaugurato la nuova darsena del Porto ed \u00e8 infine intervenuto alla consegna dei lavori per il completamento della tratta Borgo-Nesima della\u2026<\/p>\n<p class=\"continue-reading-button\"> <a class=\"continue-reading-link\" href=\"https:\/\/www.ilmondodeitreni.it\/blog\/?p=2646\">Continua la lettura<i class=\"crycon-right-dir\"><\/i><\/a><\/p>\n","protected":false},"author":2,"featured_media":0,"comment_status":"open","ping_status":"open","sticky":false,"template":"","format":"standard","meta":{"footnotes":""},"categories":[2],"tags":[124,807,2097,2100,1423,2099,69,224,2098],"class_list":["post-2646","post","type-post","status-publish","format-standard","hentry","category-news","tag-amt","tag-catania","tag-enzo-bianco","tag-fce","tag-graziano-delrio","tag-metropolitana-di-catania","tag-mobilita","tag-sicilia","tag-virginio-di-giambattista"],"_links":{"self":[{"href":"https:\/\/www.ilmondodeitreni.it\/blog\/index.php?rest_route=\/wp\/v2\/posts\/2646","targetHints":{"allow":["GET"]}}],"collection":[{"href":"https:\/\/www.ilmondodeitreni.it\/blog\/index.php?rest_route=\/wp\/v2\/posts"}],"about":[{"href":"https:\/\/www.ilmondodeitreni.it\/blog\/index.php?rest_route=\/wp\/v2\/types\/post"}],"author":[{"embeddable":true,"href":"https:\/\/www.ilmondodeitreni.it\/blog\/index.php?rest_route=\/wp\/v2\/users\/2"}],"replies":[{"embeddable":true,"href":"https:\/\/www.ilmondodeitreni.it\/blog\/index.php?rest_route=%2Fwp%2Fv2%2Fcomments&post=2646"}],"version-history":[{"count":1,"href":"https:\/\/www.ilmondodeitreni.it\/blog\/index.php?rest_route=\/wp\/v2\/posts\/2646\/revisions"}],"predecessor-version":[{"id":2648,"href":"https:\/\/www.ilmondodeitreni.it\/blog\/index.php?rest_route=\/wp\/v2\/posts\/2646\/revisions\/2648"}],"wp:attachment":[{"href":"https:\/\/www.ilmondodeitreni.it\/blog\/index.php?rest_route=%2Fwp%2Fv2%2Fmedia&parent=2646"}],"wp:term":[{"taxonomy":"category","embeddable":true,"href":"https:\/\/www.ilmondodeitreni.it\/blog\/index.php?rest_route=%2Fwp%2Fv2%2Fcategories&post=2646"},{"taxonomy":"post_tag","embeddable":true,"href":"https:\/\/www.ilmondodeitreni.it\/blog\/index.php?rest_route=%2Fwp%2Fv2%2Ftags&post=2646"}],"curies":[{"name":"wp","href":"https:\/\/api.w.org\/{rel}","templated":true}]}}