{"id":2622,"date":"2015-07-21T13:30:40","date_gmt":"2015-07-21T11:30:40","guid":{"rendered":"http:\/\/www.ilmondodeitreni.it\/blog\/?p=2622"},"modified":"2015-07-21T23:33:39","modified_gmt":"2015-07-21T21:33:39","slug":"ferrotramviaria-dal-23-luglio-al-via-gli-eventi-per-i-50-anni-della-bari-barletta","status":"publish","type":"post","link":"https:\/\/www.ilmondodeitreni.it\/blog\/?p=2622","title":{"rendered":"Ferrotramviaria: dal 23 luglio al via gli eventi per i 50 anni della Bari-Barletta"},"content":{"rendered":"<p style=\"text-align: justify;\"><a href=\"http:\/\/www.ilmondodeitreni.it\/blog\/wp-content\/uploads\/2015\/07\/4.jpg\"><img loading=\"lazy\" decoding=\"async\" class=\"alignleft size-thumbnail wp-image-2455\" src=\"http:\/\/www.ilmondodeitreni.it\/blog\/wp-content\/uploads\/2015\/07\/4-160x122.jpg\" alt=\"4 - FT\" width=\"160\" height=\"122\" srcset=\"https:\/\/www.ilmondodeitreni.it\/blog\/wp-content\/uploads\/2015\/07\/4-160x122.jpg 160w, https:\/\/www.ilmondodeitreni.it\/blog\/wp-content\/uploads\/2015\/07\/4-628x480.jpg 628w, https:\/\/www.ilmondodeitreni.it\/blog\/wp-content\/uploads\/2015\/07\/4-196x150.jpg 196w, https:\/\/www.ilmondodeitreni.it\/blog\/wp-content\/uploads\/2015\/07\/4-150x115.jpg 150w, https:\/\/www.ilmondodeitreni.it\/blog\/wp-content\/uploads\/2015\/07\/4.jpg 704w\" sizes=\"auto, (max-width: 160px) 100vw, 160px\" \/><\/a>Si parte gioved\u00ec 23 luglio, si chiude a fine anno. Ferrotramviaria \u2013 Ferrovie del Nord Barese ha ideato per il Territorio una serie di eventi diversificati per festeggiare con i cittadini della Terra di Bari e della Bat i 50 anni del collegamento ferroviario Bari-Barletta, inaugurato il 30 settembre 1965. Si comincia con un concerto tra la gente nella Citt\u00e0 vecchia a Bari e poi una mostra itinerante in tutti i sette Comuni serviti, il coinvolgimento delle scuole del territorio, una gara di selfie, un convegno e uno spot firmato da un regista d\u2019eccezione come Alessandro Piva. E ancora: una serie di sorprese che coinvolgeranno i Comuni serviti dalla linea, che verranno svelate a tempo debito. Tutto questo \u00e8 stato illustrato questa mattina a Bari dal Presidente di Ferrotramviaria, Gloria Pasquini, e dal Direttore generale, Massimo Nitti. Le iniziative in programma sono tutte rigorosamente gratuite e pensate per essere condivise con la gente e con i viaggiatori, che poi sono la forze dell\u2019Azienda; cos\u00ec come tutti gli uomini e le donne, del passato e del presente, che hanno consentito al progetto iniziale di collegare Bari con Barletta di diventare una continua movimentazione verso il futuro. Questi gli eventi in programma:<\/p>\n<p style=\"text-align: justify;\"><strong>Concerto<\/strong>. E\u2019 un dono alla citt\u00e0 di Bari. S\u2019intitola \u201cMusica per sognare\u201d; appuntamento gioved\u00ec 23 luglio, alle ore 21, all\u2019aperto, in uno dei luoghi simbolo del capoluogo: il piazzale della Basilica di San Nicola. Sul palco l\u2019EurOrchestra diretta dal Maestro Francesco Lentini, che regaler\u00e0 un\u2019ora e mezza di musica per tutti i gusti, per i giovani ed i meno giovani, svariando da Lucio Dalla a George Gershwin, da Paolo Conte a Morricone. E\u2019 un evento dedicato a tutti, da vivere in uno degli angoli pi\u00f9 pittoreschi della citt\u00e0 in una serata che si preannuncia di grande appeal non soltanto per gli appassionati.<\/p>\n<p style=\"text-align: justify;\"><strong>Mostra itinerante<\/strong>. Una sorta di \u201cprova generale\u201d \u00e8 stata quella tenutasi al Circolo della Vela di Bari lo scorso 25 giugno. Dall\u2019autunno la ricostruzione fotografica di quanto \u00e8 stato fatto negli anni Cinquanta e Sessanta per realizzare il collegamento ferroviario Bari-Barletta diventer\u00e0 itinerante in ciascuno dei Comuni serviti dalla linea. Sar\u00e0 un vero e proprio tuffo nella storia partendo dall\u2019inevitabile, rigoroso e affascinante bianco e nero per arrivare ai colori vivaci dei giorni nostri.<\/p>\n<p style=\"text-align: justify;\"><strong>Scuole<\/strong>. E\u2019 un progetto molto caro a Ferrotramviaria. E\u2019 riservato ai ragazzi delle scuole elementari dei sette Comuni serviti. L\u2019intento \u00e8 quello di promuovere la mobilit\u00e0 sostenibile, spiegando di cosa si tratta e creando un rapporto saldo e consapevole tra i cittadini-viaggiatori del futuro e il servizio pubblico, dimostrando che anche questo pu\u00f2 essere comodo, confortevole ed efficiente. Inoltre, ai ragazzi sar\u00e0 anche spiegata la storia \u2013 attraverso le foto della mostra \u2013 del Collegamento Bari-Barletta.<\/p>\n<p style=\"text-align: justify;\"><strong>Selfie<\/strong>. E\u2019 la parte ludica degli eventi organizzati, da cui ci si aspetta inventiva, creativit\u00e0 e divertimento. Da settembre saranno istituite delle postazioni nelle stazioni delle Ferrovie del Nord Barese, nelle quali tutti potranno scattarsi una foto, da soli o in gruppo. Poi la foto dovr\u00e0 essere postata su una pagina face book appositamente istituita, dove potr\u00e0 anche essere votata dagli altri viaggiatori e da chiunque volesse partecipare. Ovviamente un regolamento detter\u00e0 tempi e modalit\u00e0. In palio tre abbonamenti: per un anno, sei e tre mesi.<\/p>\n<p style=\"text-align: justify;\"><strong>Spot<\/strong>. E\u2019 un piccolo capolavoro che porta la firma prestigiosa del regista pugliese Alessandro Piva, che ha sviluppato un\u2019idea della Kibrit &amp; Calce. 50 secondi di intensit\u00e0 e di\u2026sorprese che pubblicizzano il servizio offerto col collegamento ferroviario tra Bari Centrale e l\u2019Aeroporto internazionale \u201cKarol Wojtyla\u201d. Si tratta di un filmato giovane e di facile visione. Vedere per credere.<\/p>\n<p style=\"text-align: justify;\"><strong>Convegno<\/strong>. Le date non sono state scelte a caso: 30 settembre e 1 ottobre prossimi, ovvero ai cinquant\u2019anni esatti dall\u2019inaugurazione della Bari-Barletta. Ma non sar\u00e0 un evento solo celebrativo, perch\u00e9 si guarda al futuro: servir\u00e0 a fare il punto sulle criticit\u00e0 e sulle prospettive del settore passeggeri e merci attraverso la partecipazione di grandi esperti e di soggetti protagonisti del comparto Trasporti.<\/p>\n","protected":false},"excerpt":{"rendered":"<p>Si parte gioved\u00ec 23 luglio, si chiude a fine anno. Ferrotramviaria \u2013 Ferrovie del Nord Barese ha ideato per il Territorio una serie di eventi diversificati per festeggiare con i cittadini della Terra di Bari e della Bat i 50 anni del collegamento ferroviario Bari-Barletta, inaugurato il 30 settembre 1965. Si comincia con un concerto tra la gente nella Citt\u00e0 vecchia a Bari e poi una mostra itinerante in tutti\u2026<\/p>\n<p class=\"continue-reading-button\"> <a class=\"continue-reading-link\" href=\"https:\/\/www.ilmondodeitreni.it\/blog\/?p=2622\">Continua la lettura<i class=\"crycon-right-dir\"><\/i><\/a><\/p>\n","protected":false},"author":4,"featured_media":0,"comment_status":"open","ping_status":"open","sticky":false,"template":"","format":"standard","meta":{"footnotes":""},"categories":[2],"tags":[2081,12,177,576,5,578,2080,173],"class_list":["post-2622","post","type-post","status-publish","format-standard","hentry","category-news","tag-alessandro-piva","tag-bari","tag-barletta","tag-ferrotramviaria","tag-ferrovie","tag-gloria-pasquini","tag-massimo-nitti","tag-puglia"],"_links":{"self":[{"href":"https:\/\/www.ilmondodeitreni.it\/blog\/index.php?rest_route=\/wp\/v2\/posts\/2622","targetHints":{"allow":["GET"]}}],"collection":[{"href":"https:\/\/www.ilmondodeitreni.it\/blog\/index.php?rest_route=\/wp\/v2\/posts"}],"about":[{"href":"https:\/\/www.ilmondodeitreni.it\/blog\/index.php?rest_route=\/wp\/v2\/types\/post"}],"author":[{"embeddable":true,"href":"https:\/\/www.ilmondodeitreni.it\/blog\/index.php?rest_route=\/wp\/v2\/users\/4"}],"replies":[{"embeddable":true,"href":"https:\/\/www.ilmondodeitreni.it\/blog\/index.php?rest_route=%2Fwp%2Fv2%2Fcomments&post=2622"}],"version-history":[{"count":1,"href":"https:\/\/www.ilmondodeitreni.it\/blog\/index.php?rest_route=\/wp\/v2\/posts\/2622\/revisions"}],"predecessor-version":[{"id":2623,"href":"https:\/\/www.ilmondodeitreni.it\/blog\/index.php?rest_route=\/wp\/v2\/posts\/2622\/revisions\/2623"}],"wp:attachment":[{"href":"https:\/\/www.ilmondodeitreni.it\/blog\/index.php?rest_route=%2Fwp%2Fv2%2Fmedia&parent=2622"}],"wp:term":[{"taxonomy":"category","embeddable":true,"href":"https:\/\/www.ilmondodeitreni.it\/blog\/index.php?rest_route=%2Fwp%2Fv2%2Fcategories&post=2622"},{"taxonomy":"post_tag","embeddable":true,"href":"https:\/\/www.ilmondodeitreni.it\/blog\/index.php?rest_route=%2Fwp%2Fv2%2Ftags&post=2622"}],"curies":[{"name":"wp","href":"https:\/\/api.w.org\/{rel}","templated":true}]}}