{"id":2470,"date":"2015-07-03T11:15:38","date_gmt":"2015-07-03T09:15:38","guid":{"rendered":"http:\/\/www.ilmondodeitreni.it\/blog\/?p=2470"},"modified":"2015-07-03T00:13:28","modified_gmt":"2015-07-02T22:13:28","slug":"metro-c-dal-6-luglio-modifiche-per-le-linee-213-313-e-552","status":"publish","type":"post","link":"https:\/\/www.ilmondodeitreni.it\/blog\/?p=2470","title":{"rendered":"Metro C, dal 6 luglio modifiche per le linee 213, 313 e 552"},"content":{"rendered":"<p style=\"text-align: justify;\"><a href=\"http:\/\/www.ilmondodeitreni.it\/blog\/wp-content\/uploads\/2015\/05\/SAM_9121.jpg\"><img loading=\"lazy\" decoding=\"async\" class=\"alignleft size-thumbnail wp-image-2129\" src=\"http:\/\/www.ilmondodeitreni.it\/blog\/wp-content\/uploads\/2015\/05\/SAM_9121-160x107.jpg\" alt=\"SAM_9121\" width=\"160\" height=\"107\" srcset=\"https:\/\/www.ilmondodeitreni.it\/blog\/wp-content\/uploads\/2015\/05\/SAM_9121-160x107.jpg 160w, https:\/\/www.ilmondodeitreni.it\/blog\/wp-content\/uploads\/2015\/05\/SAM_9121-640x427.jpg 640w, https:\/\/www.ilmondodeitreni.it\/blog\/wp-content\/uploads\/2015\/05\/SAM_9121-1024x683.jpg 1024w, https:\/\/www.ilmondodeitreni.it\/blog\/wp-content\/uploads\/2015\/05\/SAM_9121-225x150.jpg 225w, https:\/\/www.ilmondodeitreni.it\/blog\/wp-content\/uploads\/2015\/05\/SAM_9121-150x100.jpg 150w\" sizes=\"auto, (max-width: 160px) 100vw, 160px\" \/><\/a>Dopo l&#8217;apertura, avvenuta lo scorso 29 giugno, della tratta Centocelle-Lodi della metro C, da luned\u00ec 6 luglio altra novit\u00e0 per la rete di trasporto pubblico nel quadrante est della citt\u00e0. Scatteranno infatti delle modifiche per le linee di bus 213, 313 e 552.<\/p>\n<p>La linea 213 sar\u00e0 prolungata: da viale Alessandrino percorrer\u00e0 via di Torre Spaccata sino a piazza di Cinecitt\u00e0, collegando cos\u00ec largo Preneste con Cinecitt\u00e0. La 213 garantir\u00e0 lo scambio con sei stazioni della metro: Teano, Gardenie, Mirti e Alessandrino sulla linea C, Cinecitt\u00e0 e Subaugusta sulla metro A.<\/p>\n<p>La 313 verr\u00e0 modificata in zona Centocelle e Casilina. A Centocelle, abbandoner\u00e0 la deviazione provvisoria istituita in occasione dell&#8217;avvio dei cantieri della metro C e transiter\u00e0 in piazza dei Mirti e per la stazione Mirti della linea C; lungo la via Casilina, la linea non transiter\u00e0 pi\u00f9 in via di Tor Tre Teste, viale dei Romanisti, via Pietro Romani e via Giovanni Camillo Peresio, ma sar\u00e0 deviata in via Pietro Belon e via Casilina. La zona di viale dei Romanisti \u00e8 servita dalle linee 106 e 552.<\/p>\n<p>La linea 552 infine, verr\u00e0 modificata e collegher\u00e0 Centocelle all&#8217;universit\u00e0 e al policlinico di Tor Vergata percorrendo piazza dei Mirti, via dei Platani, viale Alessandrino, via Casilina, via Pietro Romano, viale dei Romanisti, viale di Torre Maura, via del Fosso di Santa Maura, viale della Sorbona, viale Cambridge e viale Heidelberg.<\/p>\n","protected":false},"excerpt":{"rendered":"<p>Dopo l&#8217;apertura, avvenuta lo scorso 29 giugno, della tratta Centocelle-Lodi della metro C, da luned\u00ec 6 luglio altra novit\u00e0 per la rete di trasporto pubblico nel quadrante est della citt\u00e0. Scatteranno infatti delle modifiche per le linee di bus 213, 313 e 552. La linea 213 sar\u00e0 prolungata: da viale Alessandrino percorrer\u00e0 via di Torre Spaccata sino a piazza di Cinecitt\u00e0, collegando cos\u00ec largo Preneste con Cinecitt\u00e0. La 213 garantir\u00e0\u2026<\/p>\n<p class=\"continue-reading-button\"> <a class=\"continue-reading-link\" href=\"https:\/\/www.ilmondodeitreni.it\/blog\/?p=2470\">Continua la lettura<i class=\"crycon-right-dir\"><\/i><\/a><\/p>\n","protected":false},"author":3,"featured_media":0,"comment_status":"open","ping_status":"open","sticky":false,"template":"","format":"standard","meta":{"footnotes":""},"categories":[6,48],"tags":[7,8,1928,49,9,29],"class_list":["post-2470","post","type-post","status-publish","format-standard","hentry","category-autobus-di-roma","category-speciale-metro-c","tag-atac","tag-autobus","tag-luglio","tag-metro-c","tag-roma","tag-trasporti"],"_links":{"self":[{"href":"https:\/\/www.ilmondodeitreni.it\/blog\/index.php?rest_route=\/wp\/v2\/posts\/2470","targetHints":{"allow":["GET"]}}],"collection":[{"href":"https:\/\/www.ilmondodeitreni.it\/blog\/index.php?rest_route=\/wp\/v2\/posts"}],"about":[{"href":"https:\/\/www.ilmondodeitreni.it\/blog\/index.php?rest_route=\/wp\/v2\/types\/post"}],"author":[{"embeddable":true,"href":"https:\/\/www.ilmondodeitreni.it\/blog\/index.php?rest_route=\/wp\/v2\/users\/3"}],"replies":[{"embeddable":true,"href":"https:\/\/www.ilmondodeitreni.it\/blog\/index.php?rest_route=%2Fwp%2Fv2%2Fcomments&post=2470"}],"version-history":[{"count":1,"href":"https:\/\/www.ilmondodeitreni.it\/blog\/index.php?rest_route=\/wp\/v2\/posts\/2470\/revisions"}],"predecessor-version":[{"id":2471,"href":"https:\/\/www.ilmondodeitreni.it\/blog\/index.php?rest_route=\/wp\/v2\/posts\/2470\/revisions\/2471"}],"wp:attachment":[{"href":"https:\/\/www.ilmondodeitreni.it\/blog\/index.php?rest_route=%2Fwp%2Fv2%2Fmedia&parent=2470"}],"wp:term":[{"taxonomy":"category","embeddable":true,"href":"https:\/\/www.ilmondodeitreni.it\/blog\/index.php?rest_route=%2Fwp%2Fv2%2Fcategories&post=2470"},{"taxonomy":"post_tag","embeddable":true,"href":"https:\/\/www.ilmondodeitreni.it\/blog\/index.php?rest_route=%2Fwp%2Fv2%2Ftags&post=2470"}],"curies":[{"name":"wp","href":"https:\/\/api.w.org\/{rel}","templated":true}]}}