{"id":2430,"date":"2015-06-27T10:00:08","date_gmt":"2015-06-27T08:00:08","guid":{"rendered":"http:\/\/www.ilmondodeitreni.it\/blog\/?p=2430"},"modified":"2015-06-26T21:38:09","modified_gmt":"2015-06-26T19:38:09","slug":"piemonte-linea-chivasso-casale-monferrato-interventi-di-potenziamento-infrastrutturale","status":"publish","type":"post","link":"https:\/\/www.ilmondodeitreni.it\/blog\/?p=2430","title":{"rendered":"Piemonte, linea Chivasso &#8211; Casale Monferrato: interventi di potenziamento infrastrutturale"},"content":{"rendered":"<p style=\"text-align: justify;\">Importanti interventi di rinnovo all\u2019armamento ferroviario (traversine e rotaie) del ponte sul fiume Po, a Casale Monferrato, saranno realizzati da Rete Ferroviaria Italiana da domenica 28 giugno a domenica 16 agosto. Per consentire l\u2019attivit\u00e0 del cantiere, la circolazione ferroviaria sulla linea Chivasso &#8211; Casale Monferrrato<b> <\/b>sar\u00e0 sospesa e i treni sostituiti da autobus. Gli orari dei bus sostitutivi sono gi\u00e0 consultabili sul sito <a href=\"http:\/\/www.trenitalia.com\/\" target=\"_blank\">www.trenitalia.com<\/a>, sui quadri murali esposti nelle stazioni interessate e nell\u2019Orario Ufficiale \u201cIn treno\u201d.\u00a0 Per effetto di questi lavori, inoltre, dal 2 al 16 agosto, alcuni treni sulle linee Ivrea-Novara\/Torino e Novara &#8211; Chivasso potranno subire allungamenti dei tempi di viaggio entro cinque minuti e fino a 15 minuti per tre Regionali.<\/p>\n<p style=\"text-align: justify;\">Informazioni di dettaglio nelle biglietterie, negli uffici assistenza delle principali stazioni ferroviarie e sul sito <a href=\"http:\/\/www.trenitalia.com\/\" target=\"_blank\">www.trenitalia.com<\/a>.<\/p>\n","protected":false},"excerpt":{"rendered":"<p>Importanti interventi di rinnovo all\u2019armamento ferroviario (traversine e rotaie) del ponte sul fiume Po, a Casale Monferrato, saranno realizzati da Rete Ferroviaria Italiana da domenica 28 giugno a domenica 16 agosto. Per consentire l\u2019attivit\u00e0 del cantiere, la circolazione ferroviaria sulla linea Chivasso &#8211; Casale Monferrrato sar\u00e0 sospesa e i treni sostituiti da autobus. Gli orari dei bus sostitutivi sono gi\u00e0 consultabili sul sito www.trenitalia.com, sui quadri murali esposti nelle stazioni\u2026<\/p>\n<p class=\"continue-reading-button\"> <a class=\"continue-reading-link\" href=\"https:\/\/www.ilmondodeitreni.it\/blog\/?p=2430\">Continua la lettura<i class=\"crycon-right-dir\"><\/i><\/a><\/p>\n","protected":false},"author":2,"featured_media":0,"comment_status":"open","ping_status":"open","sticky":false,"template":"","format":"standard","meta":{"footnotes":""},"categories":[2],"tags":[1898,5,1222,402],"class_list":["post-2430","post","type-post","status-publish","format-standard","hentry","category-news","tag-chivasso-casale-monferrrato","tag-ferrovie","tag-lavori","tag-piemonte"],"_links":{"self":[{"href":"https:\/\/www.ilmondodeitreni.it\/blog\/index.php?rest_route=\/wp\/v2\/posts\/2430","targetHints":{"allow":["GET"]}}],"collection":[{"href":"https:\/\/www.ilmondodeitreni.it\/blog\/index.php?rest_route=\/wp\/v2\/posts"}],"about":[{"href":"https:\/\/www.ilmondodeitreni.it\/blog\/index.php?rest_route=\/wp\/v2\/types\/post"}],"author":[{"embeddable":true,"href":"https:\/\/www.ilmondodeitreni.it\/blog\/index.php?rest_route=\/wp\/v2\/users\/2"}],"replies":[{"embeddable":true,"href":"https:\/\/www.ilmondodeitreni.it\/blog\/index.php?rest_route=%2Fwp%2Fv2%2Fcomments&post=2430"}],"version-history":[{"count":1,"href":"https:\/\/www.ilmondodeitreni.it\/blog\/index.php?rest_route=\/wp\/v2\/posts\/2430\/revisions"}],"predecessor-version":[{"id":2431,"href":"https:\/\/www.ilmondodeitreni.it\/blog\/index.php?rest_route=\/wp\/v2\/posts\/2430\/revisions\/2431"}],"wp:attachment":[{"href":"https:\/\/www.ilmondodeitreni.it\/blog\/index.php?rest_route=%2Fwp%2Fv2%2Fmedia&parent=2430"}],"wp:term":[{"taxonomy":"category","embeddable":true,"href":"https:\/\/www.ilmondodeitreni.it\/blog\/index.php?rest_route=%2Fwp%2Fv2%2Fcategories&post=2430"},{"taxonomy":"post_tag","embeddable":true,"href":"https:\/\/www.ilmondodeitreni.it\/blog\/index.php?rest_route=%2Fwp%2Fv2%2Ftags&post=2430"}],"curies":[{"name":"wp","href":"https:\/\/api.w.org\/{rel}","templated":true}]}}