{"id":2385,"date":"2015-06-20T06:51:21","date_gmt":"2015-06-20T04:51:21","guid":{"rendered":"http:\/\/www.ilmondodeitreni.it\/blog\/?p=2385"},"modified":"2015-06-19T22:55:01","modified_gmt":"2015-06-19T20:55:01","slug":"db-obb-dal-14-giugno-due-treni-eurocity-operativi-anche-nella-stazione-di-vicenza","status":"publish","type":"post","link":"https:\/\/www.ilmondodeitreni.it\/blog\/?p=2385","title":{"rendered":"DB-\u00d6BB: dal 14 giugno due treni EuroCity operativi anche nella stazione di Vicenza"},"content":{"rendered":"<p style=\"text-align: justify;\"><img loading=\"lazy\" decoding=\"async\" class=\"alignleft wp-image-1638 size-thumbnail\" src=\"http:\/\/www.ilmondodeitreni.it\/blog\/wp-content\/uploads\/2015\/03\/D753703li_raccfrosinone-160x120.jpg\" alt=\"D753703li_raccfrosinone\" width=\"160\" height=\"120\" srcset=\"https:\/\/www.ilmondodeitreni.it\/blog\/wp-content\/uploads\/2015\/03\/D753703li_raccfrosinone-160x120.jpg 160w, https:\/\/www.ilmondodeitreni.it\/blog\/wp-content\/uploads\/2015\/03\/D753703li_raccfrosinone.jpg 640w, https:\/\/www.ilmondodeitreni.it\/blog\/wp-content\/uploads\/2015\/03\/D753703li_raccfrosinone-200x150.jpg 200w, https:\/\/www.ilmondodeitreni.it\/blog\/wp-content\/uploads\/2015\/03\/D753703li_raccfrosinone-150x113.jpg 150w\" sizes=\"auto, (max-width: 160px) 100vw, 160px\" \/>Dal 14 giugno la stazione di Vicenza \u00e8 operativa anche per i treni DB-\u00d6BB EuroCity delle ferrovie tedesche e austriache. Lo comunica in una nota la societ\u00e0\u00a0DB-\u00d6BB dove si specifica che non ci saranno pi\u00f9 cambi per raggiungere la citt\u00e0 veneta ma\u00a0due comodi treni: l\u2019EC 86\/87. L\u2019EC 86 parte da Venezia Santa Lucia alle ore 13.35, si ferma a Vicenza alle ore 14.25 per ripartire alle ore 14.27 e arrivare a Monaco alle ore 20.21. L\u2019EC 87 lascia Monaco alle ore 11.38, arriva a Vicenza alle ore 17.24 per ripartire alle 17.26 e raggiungere Venezia Santa Lucia alle ore 18.10. Il sabato e la domenica il servizio raddoppia grazie all\u2019EC 1289 che parte da Monaco alle ore 7.38 e arriva a Vicenza alle ore 13.09, pronti per il pranzo in citt\u00e0.<\/p>\n<p style=\"text-align: justify;\">\u201cSiamo molto felici di poter annunciare che i nostri treni DB-\u00d6BB EuroCity saranno operativi in questa nuova stazione. E\u2019 un passo importante sia per la nostra azienda sia soprattutto per i viaggiatori che provengono e sono diretti nel vicentino e che potranno cos\u00ec usufruire dei nostri servizi in tutta comodit\u00e0\u201d dichiara Marco Kampp, Amministratore Delegato DB Bahn Italia.<\/p>\n<p style=\"text-align: justify;\">La nuova offerta permette anche di raggiungere agevolmente, oltre che Vicenza, anche le cittadine limitrofe. Inoltre\u00a0fino al 24 giugno, per tutti i clienti che desiderano raggiungere l\u2019Alto Adige, l\u2019Austria o la Germania con i treni DB-\u00d6BB EuroCity che iniziano il loro viaggio a Vicenza, la tratta fino a Verona P.N. sar\u00e0 gratuita.<\/p>\n<p style=\"text-align: justify;\">Da Vicenza sono disponibili offerte da 9 Euro per l\u2019Alto Adige, da 29 Euro per l\u2019Austria e da 39 Euro per la Germania.<\/p>\n<p style=\"text-align: justify;\">I treni EC non sono validi per viaggi tra Verona e Vicenza risp. Vicenza e Padova\/Venezia.<\/p>\n<p style=\"text-align: justify;\">In totale sono cinque le coppie di treni delle Ferrovie Tedesche (DB) e Austriache (\u00d6BB) che collegano l\u2019Italia all\u2019Austria e alla Germania. La tratta principale effettuata dei treni DB-\u00d6BB EuroCity \u00e8 tra Verona e Innsbruck\/ Monaco. Due coppie di treni EC partono da Venezia SL e da Bologna.<\/p>\n","protected":false},"excerpt":{"rendered":"<p>Dal 14 giugno la stazione di Vicenza \u00e8 operativa anche per i treni DB-\u00d6BB EuroCity delle ferrovie tedesche e austriache. Lo comunica in una nota la societ\u00e0\u00a0DB-\u00d6BB dove si specifica che non ci saranno pi\u00f9 cambi per raggiungere la citt\u00e0 veneta ma\u00a0due comodi treni: l\u2019EC 86\/87. L\u2019EC 86 parte da Venezia Santa Lucia alle ore 13.35, si ferma a Vicenza alle ore 14.25 per ripartire alle ore 14.27 e arrivare\u2026<\/p>\n<p class=\"continue-reading-button\"> <a class=\"continue-reading-link\" href=\"https:\/\/www.ilmondodeitreni.it\/blog\/?p=2385\">Continua la lettura<i class=\"crycon-right-dir\"><\/i><\/a><\/p>\n","protected":false},"author":1,"featured_media":0,"comment_status":"open","ping_status":"open","sticky":false,"template":"","format":"standard","meta":{"footnotes":""},"categories":[2],"tags":[348,145,938,72,1868,1453,1867],"class_list":["post-2385","post","type-post","status-publish","format-standard","hentry","category-news","tag-austria","tag-cesmot","tag-db","tag-germania","tag-marco-kampp","tag-obb","tag-vicenza"],"_links":{"self":[{"href":"https:\/\/www.ilmondodeitreni.it\/blog\/index.php?rest_route=\/wp\/v2\/posts\/2385","targetHints":{"allow":["GET"]}}],"collection":[{"href":"https:\/\/www.ilmondodeitreni.it\/blog\/index.php?rest_route=\/wp\/v2\/posts"}],"about":[{"href":"https:\/\/www.ilmondodeitreni.it\/blog\/index.php?rest_route=\/wp\/v2\/types\/post"}],"author":[{"embeddable":true,"href":"https:\/\/www.ilmondodeitreni.it\/blog\/index.php?rest_route=\/wp\/v2\/users\/1"}],"replies":[{"embeddable":true,"href":"https:\/\/www.ilmondodeitreni.it\/blog\/index.php?rest_route=%2Fwp%2Fv2%2Fcomments&post=2385"}],"version-history":[{"count":1,"href":"https:\/\/www.ilmondodeitreni.it\/blog\/index.php?rest_route=\/wp\/v2\/posts\/2385\/revisions"}],"predecessor-version":[{"id":2386,"href":"https:\/\/www.ilmondodeitreni.it\/blog\/index.php?rest_route=\/wp\/v2\/posts\/2385\/revisions\/2386"}],"wp:attachment":[{"href":"https:\/\/www.ilmondodeitreni.it\/blog\/index.php?rest_route=%2Fwp%2Fv2%2Fmedia&parent=2385"}],"wp:term":[{"taxonomy":"category","embeddable":true,"href":"https:\/\/www.ilmondodeitreni.it\/blog\/index.php?rest_route=%2Fwp%2Fv2%2Fcategories&post=2385"},{"taxonomy":"post_tag","embeddable":true,"href":"https:\/\/www.ilmondodeitreni.it\/blog\/index.php?rest_route=%2Fwp%2Fv2%2Ftags&post=2385"}],"curies":[{"name":"wp","href":"https:\/\/api.w.org\/{rel}","templated":true}]}}