{"id":2383,"date":"2015-06-19T16:00:17","date_gmt":"2015-06-19T14:00:17","guid":{"rendered":"http:\/\/www.ilmondodeitreni.it\/blog\/?p=2383"},"modified":"2015-06-19T14:43:54","modified_gmt":"2015-06-19T12:43:54","slug":"romada-lunedi-novita-per-quattro-linee-bus","status":"publish","type":"post","link":"https:\/\/www.ilmondodeitreni.it\/blog\/?p=2383","title":{"rendered":"Roma:da luned\u00ec novit\u00e0 per quattro linee bus"},"content":{"rendered":"<p style=\"text-align: justify;\"><img loading=\"lazy\" decoding=\"async\" class=\"alignleft wp-image-2139 size-thumbnail\" src=\"http:\/\/www.ilmondodeitreni.it\/blog\/wp-content\/uploads\/2015\/05\/8876_665piazzatuscolo-160x120.jpg\" alt=\"8876_665piazzatuscolo\" width=\"160\" height=\"120\" srcset=\"https:\/\/www.ilmondodeitreni.it\/blog\/wp-content\/uploads\/2015\/05\/8876_665piazzatuscolo-160x120.jpg 160w, https:\/\/www.ilmondodeitreni.it\/blog\/wp-content\/uploads\/2015\/05\/8876_665piazzatuscolo-200x150.jpg 200w, https:\/\/www.ilmondodeitreni.it\/blog\/wp-content\/uploads\/2015\/05\/8876_665piazzatuscolo-150x113.jpg 150w, https:\/\/www.ilmondodeitreni.it\/blog\/wp-content\/uploads\/2015\/05\/8876_665piazzatuscolo.jpg 640w\" sizes=\"auto, (max-width: 160px) 100vw, 160px\" \/>Novit\u00e0, da luned\u00ec prossimo, per le linee di bus 60, 303, 342 e 665. Per la linea <strong>60<\/strong>, sar\u00e0 attivata una nuova coppia di fermate su via Nomentana, denominate &#8220;Nomentana\/Val d&#8217;Aosta&#8221;: la prima all\u2019altezza di via Val Brembana, in direzione di largo Pugliese, la seconda a venti metri da via Val D\u2019Aosta, verso piazza Venezia.<\/p>\n<p>Sulla linea <strong>303<\/strong> (stazione La Giustiniana &#8211; stazione Prima Porta), sempre da luned\u00ec ci saranno, tra le 7 e le 19 (festivi esclusi) anche delle corse deviate per via del Fosso di Monte Oliviero. Pi\u00f9 in dettaglio, le corse deviate saranno, da entrambi i capolinea, alle:<strong><span style=\"color: #ff0000;\">\u00a07, 8.20, 14.20, 18.20 e 19<\/span><\/strong>.<\/p>\n<p>La<strong> 342<\/strong> (viale Baseggio &#8211; viale Marx) invece, modificher\u00e0 il proprio percorso per transitare nella zona del capolinea Ionio della metro B1, con nuove fermate su via delle Isole Curzolane (cinque in direzione di viale Marx, quattro verso viale Baseggio), via Giovanni Conti, via De Curtis e via Monte Massico.<\/p>\n<p>La <strong>665<\/strong> (circolare con capolinea a piazza San Giovanni), infine, transiter\u00e0 e fermer\u00e0 anche su via Monselice e piazza Ragusa. Da via Tuscolana, in direzione di piazza San Giovanni in Laterano, i bus aggiorneranno il percorso passando per via Monselice, via Mestre, piazza Ragusa, di nuovo via Mestre, via Monselice e via Gela.<\/p>\n<p>Con le modifiche di percorso, previsto anche, per le linee 342 e 665, un aggiornamento dell\u2019orario<\/p>\n","protected":false},"excerpt":{"rendered":"<p>Novit\u00e0, da luned\u00ec prossimo, per le linee di bus 60, 303, 342 e 665. Per la linea 60, sar\u00e0 attivata una nuova coppia di fermate su via Nomentana, denominate &#8220;Nomentana\/Val d&#8217;Aosta&#8221;: la prima all\u2019altezza di via Val Brembana, in direzione di largo Pugliese, la seconda a venti metri da via Val D\u2019Aosta, verso piazza Venezia. Sulla linea 303 (stazione La Giustiniana &#8211; stazione Prima Porta), sempre da luned\u00ec ci saranno,\u2026<\/p>\n<p class=\"continue-reading-button\"> <a class=\"continue-reading-link\" href=\"https:\/\/www.ilmondodeitreni.it\/blog\/?p=2383\">Continua la lettura<i class=\"crycon-right-dir\"><\/i><\/a><\/p>\n","protected":false},"author":3,"featured_media":0,"comment_status":"open","ping_status":"open","sticky":false,"template":"","format":"standard","meta":{"footnotes":""},"categories":[6],"tags":[7,8,69,9],"class_list":["post-2383","post","type-post","status-publish","format-standard","hentry","category-autobus-di-roma","tag-atac","tag-autobus","tag-mobilita","tag-roma"],"_links":{"self":[{"href":"https:\/\/www.ilmondodeitreni.it\/blog\/index.php?rest_route=\/wp\/v2\/posts\/2383","targetHints":{"allow":["GET"]}}],"collection":[{"href":"https:\/\/www.ilmondodeitreni.it\/blog\/index.php?rest_route=\/wp\/v2\/posts"}],"about":[{"href":"https:\/\/www.ilmondodeitreni.it\/blog\/index.php?rest_route=\/wp\/v2\/types\/post"}],"author":[{"embeddable":true,"href":"https:\/\/www.ilmondodeitreni.it\/blog\/index.php?rest_route=\/wp\/v2\/users\/3"}],"replies":[{"embeddable":true,"href":"https:\/\/www.ilmondodeitreni.it\/blog\/index.php?rest_route=%2Fwp%2Fv2%2Fcomments&post=2383"}],"version-history":[{"count":1,"href":"https:\/\/www.ilmondodeitreni.it\/blog\/index.php?rest_route=\/wp\/v2\/posts\/2383\/revisions"}],"predecessor-version":[{"id":2384,"href":"https:\/\/www.ilmondodeitreni.it\/blog\/index.php?rest_route=\/wp\/v2\/posts\/2383\/revisions\/2384"}],"wp:attachment":[{"href":"https:\/\/www.ilmondodeitreni.it\/blog\/index.php?rest_route=%2Fwp%2Fv2%2Fmedia&parent=2383"}],"wp:term":[{"taxonomy":"category","embeddable":true,"href":"https:\/\/www.ilmondodeitreni.it\/blog\/index.php?rest_route=%2Fwp%2Fv2%2Fcategories&post=2383"},{"taxonomy":"post_tag","embeddable":true,"href":"https:\/\/www.ilmondodeitreni.it\/blog\/index.php?rest_route=%2Fwp%2Fv2%2Ftags&post=2383"}],"curies":[{"name":"wp","href":"https:\/\/api.w.org\/{rel}","templated":true}]}}