{"id":2379,"date":"2015-06-19T09:00:28","date_gmt":"2015-06-19T07:00:28","guid":{"rendered":"http:\/\/www.ilmondodeitreni.it\/blog\/?p=2379"},"modified":"2015-06-18T22:35:13","modified_gmt":"2015-06-18T20:35:13","slug":"treni-a-rischio-anche-i-dirigenti-trenitalia-a-bordo","status":"publish","type":"post","link":"https:\/\/www.ilmondodeitreni.it\/blog\/?p=2379","title":{"rendered":"Treni a Rischio: anche i dirigenti Trenitalia a bordo"},"content":{"rendered":"<p style=\"text-align: justify;\"><a href=\"http:\/\/www.ilmondodeitreni.it\/blog\/wp-content\/uploads\/2014\/11\/ALe642_030ferrara.jpg\"><img loading=\"lazy\" decoding=\"async\" class=\"alignleft wp-image-101 size-thumbnail\" src=\"http:\/\/www.ilmondodeitreni.it\/blog\/wp-content\/uploads\/2014\/11\/ALe642_030ferrara-150x150.jpg\" alt=\"ALe642_030ferrara\" width=\"150\" height=\"150\" \/><\/a>Dirigenti di Trenitalia a bordo dei treni a rischio microcriminalit\u00e0. Affiancheranno dal 26 giugno il personale front-line di Trenitalia e la Polizia Ferroviaria. L\u2019azienda sta stilando i turni d\u2019impegno e individuando l\u2019elenco, per sua natura dinamico, dei treni sotto osservazione e da scortare. E da\u00a0venerd\u00ec 26\u00a0anche i dirigenti di Trenitalia condivideranno di persona le difficolt\u00e0, laddove presenti, che incontra chiunque frequenti l\u2019ambito ferroviario. L\u2019allerta lanciato sul rischio criminalit\u00e0 e sulle rilevanti difficolt\u00e0 che tutti incontrano per mantenere un livello accettabile di serenit\u00e0, lanciato insieme alle principali Organizzazioni Sindacali, va nella direzione di una civile e doverosa presa di coscienza del fenomeno microcriminale presente sui treni e nelle stazioni, come negli agglomerati urbani pi\u00f9 importanti. Nessuno, n\u00e9 il Gruppo FS Italiane n\u00e9 le Organizzazioni Sindacali, intende imporre limitazioni al servizio ferroviario. Il Gruppo FS Italiane esprime gratitudine e riconoscenza agli uomini e alle donne della Polizia Ferroviaria per il lavoro svolto, spesso in silenzio, con grande sacrificio, a tutela di tutti.<\/p>\n<p style=\"text-align: justify;\">Con questi Rappresentanti dello Stato viaggiamo sullo stesso treno, condividiamo gli sforzi fatti e condivideremo quelli futuri.<\/p>\n","protected":false},"excerpt":{"rendered":"<p>Dirigenti di Trenitalia a bordo dei treni a rischio microcriminalit\u00e0. Affiancheranno dal 26 giugno il personale front-line di Trenitalia e la Polizia Ferroviaria. L\u2019azienda sta stilando i turni d\u2019impegno e individuando l\u2019elenco, per sua natura dinamico, dei treni sotto osservazione e da scortare. E da\u00a0venerd\u00ec 26\u00a0anche i dirigenti di Trenitalia condivideranno di persona le difficolt\u00e0, laddove presenti, che incontra chiunque frequenti l\u2019ambito ferroviario. L\u2019allerta lanciato sul rischio criminalit\u00e0 e sulle\u2026<\/p>\n<p class=\"continue-reading-button\"> <a class=\"continue-reading-link\" href=\"https:\/\/www.ilmondodeitreni.it\/blog\/?p=2379\">Continua la lettura<i class=\"crycon-right-dir\"><\/i><\/a><\/p>\n","protected":false},"author":10,"featured_media":0,"comment_status":"open","ping_status":"open","sticky":false,"template":"","format":"standard","meta":{"footnotes":""},"categories":[2],"tags":[5,1353,324,23],"class_list":["post-2379","post","type-post","status-publish","format-standard","hentry","category-news","tag-ferrovie","tag-gruppo-fs-italiane","tag-polizia-ferroviaria","tag-trenitalia"],"_links":{"self":[{"href":"https:\/\/www.ilmondodeitreni.it\/blog\/index.php?rest_route=\/wp\/v2\/posts\/2379","targetHints":{"allow":["GET"]}}],"collection":[{"href":"https:\/\/www.ilmondodeitreni.it\/blog\/index.php?rest_route=\/wp\/v2\/posts"}],"about":[{"href":"https:\/\/www.ilmondodeitreni.it\/blog\/index.php?rest_route=\/wp\/v2\/types\/post"}],"author":[{"embeddable":true,"href":"https:\/\/www.ilmondodeitreni.it\/blog\/index.php?rest_route=\/wp\/v2\/users\/10"}],"replies":[{"embeddable":true,"href":"https:\/\/www.ilmondodeitreni.it\/blog\/index.php?rest_route=%2Fwp%2Fv2%2Fcomments&post=2379"}],"version-history":[{"count":1,"href":"https:\/\/www.ilmondodeitreni.it\/blog\/index.php?rest_route=\/wp\/v2\/posts\/2379\/revisions"}],"predecessor-version":[{"id":2380,"href":"https:\/\/www.ilmondodeitreni.it\/blog\/index.php?rest_route=\/wp\/v2\/posts\/2379\/revisions\/2380"}],"wp:attachment":[{"href":"https:\/\/www.ilmondodeitreni.it\/blog\/index.php?rest_route=%2Fwp%2Fv2%2Fmedia&parent=2379"}],"wp:term":[{"taxonomy":"category","embeddable":true,"href":"https:\/\/www.ilmondodeitreni.it\/blog\/index.php?rest_route=%2Fwp%2Fv2%2Fcategories&post=2379"},{"taxonomy":"post_tag","embeddable":true,"href":"https:\/\/www.ilmondodeitreni.it\/blog\/index.php?rest_route=%2Fwp%2Fv2%2Ftags&post=2379"}],"curies":[{"name":"wp","href":"https:\/\/api.w.org\/{rel}","templated":true}]}}